{"id":3061,"date":"2026-02-27T15:27:00","date_gmt":"2026-02-27T18:27:00","guid":{"rendered":"https:\/\/sbeneditosalto.com.br\/?p=3061"},"modified":"2026-02-27T15:27:00","modified_gmt":"2026-02-27T18:27:00","slug":"paroquia-sao-benedito-chega-aos-60-anos-com-historico-de-fe-coragem-e-perseveranca","status":"publish","type":"post","link":"https:\/\/sbeneditosalto.com.br\/index.php\/2026\/02\/27\/paroquia-sao-benedito-chega-aos-60-anos-com-historico-de-fe-coragem-e-perseveranca\/","title":{"rendered":"PAR\u00d3QUIA S\u00c3O BENEDITO CHEGA AOS 60 ANOS COM HIST\u00d3RICO DE F\u00c9, CORAGEM E PERSEVERAN\u00c7A"},"content":{"rendered":"\n<p>Por: Valdir L\u00edbero &#8211; PasCom S\u00e3o Benedito\u00a0\u00a0\u00a0\u00a0\u00a0\u00a0\u00a0\u00a0\u00a0\u00a0\u00a0\u00a0\u00a0\u00a0\u00a0\u00a0\u00a0\u00a0\u00a0\u00a0\u00a0\u00a0\u00a0\u00a0 <\/p>\n\n\n\n<p>\u00a0\u00a0\u00a0\u00a0\u00a0\u00a0 Desde sua instala\u00e7\u00e3o, na pacata Salto de 1966, sua miss\u00e3o evangelizadora s\u00f3 fez crescer, englobando atualmente mais 5 comunidades, al\u00e9m da Matriz<\/p>\n\n\n\n<p>\u00a0\u00a0\u00a0\u00a0\u00a0\u00a0 Segundo dados do Departamento de Estat\u00edsticas do Estado de S\u00e3o Paulo (DEESP), a popula\u00e7\u00e3o saltense em 1966 n\u00e3o chegava a 20 mil pessoas, um contraste significativo se comparada \u00e0 atual, de aproximadamente 142 mil. Foi naquela realidade que Salto ganhou, exatamente em 27 de fevereiro de 1966, a Par\u00f3quia S\u00e3o Benedito, a primeira a chegar num bairro da cidade. At\u00e9 ent\u00e3o, s\u00f3 existia a chamada par\u00f3quia-m\u00e3e, dedicada \u00e0 padroeira local, Nossa Senhora do Monte Serrat, instalada oficialmente em 1892, ou seja, 74 anos antes.<\/p>\n\n\n\n<p>\u00a0\u00a0\u00a0\u00a0\u00a0\u00a0 A import\u00e2ncia daquele fato para a comunidade cat\u00f3lica ficou refletida nas principais manchetes dos jornais locais da \u00e9poca. Em \u201cO Trabalhador\u201d, por exemplo, o t\u00edtulo da mat\u00e9ria foi \u201cVila Nova Ser\u00e1 Par\u00f3quia a Partir de Hoje\u201d. J\u00e1 o \u201cTaper\u00e1\u201d apresentou a not\u00edcia em letras garrafais: \u201cAcontecimento hist\u00f3rico: Instalada a Nova Par\u00f3quia em Salto\u201d.<\/p>\n\n\n\n<p>\u00a0\u00a0\u00a0\u00a0\u00a0\u00a0 Coube ao Dom Ant\u00f4nio Maria Alves da Siqueira, ent\u00e3o Arcebispo Coadjutor de S\u00e3o Paulo, instalar oficialmente a nova par\u00f3quia saltense, coincidentemente o mesmo que tinha participado, quase 18 anos antes, do lan\u00e7amento da Pedra Fundamental da Igreja S\u00e3o Benedito, em dezembro de 1948. J\u00e1 o primeiro p\u00e1roco foi o C\u00f4nego Gast\u00e3o Oliboni, da Ordem dos Praemonstratenses, ocupando o cargo nos tr\u00eas anos iniciais de uma hist\u00f3ria agora sexagen\u00e1ria.<\/p>\n\n\n\n<p>\u00a0\u00a0\u00a0\u00a0\u00a0\u00a0 Evolu\u00e7\u00e3o e crescimento \u2013 Ao longo destes 60 anos, marcados por muito trabalho, f\u00e9, perseveran\u00e7a, coragem e amor \u00e0 Igreja por parte dos fi\u00e9is, a Par\u00f3quia S\u00e3o Benedito manteve-se firme no prop\u00f3sito de evangeliza\u00e7\u00e3o.<\/p>\n\n\n\n<p>\u00a0\u00a0\u00a0\u00a0\u00a0\u00a0 Al\u00e9m da sua Matriz, atualmente ela engloba mais cinco comunidades em bairros populosos da cidade: Divino Esp\u00edrito Santo (Parque Bela Vista), Santa Ana e S\u00e3o Joaquim (Vila Progresso\/Parque Gl\u00f3ria), Santo In\u00e1cio de Loyola (Jardim Santo In\u00e1cio), Santa Terezinha do Menino Jesus (Jardim Santa Terezinha) e S\u00e3o Jos\u00e9 Oper\u00e1rio (Jardim Maria Jos\u00e9). Destaque tamb\u00e9m para atua\u00e7\u00e3o das diversas pastorais sociais e movimentos religiosos que d\u00e3o vida \u00e0 Par\u00f3quia: Dimens\u00e3o Lit\u00fargica: Acolhida, Ministros Extraordin\u00e1rios da Comunh\u00e3o Eucar\u00edstica e da Palavra, Osti\u00e1rias, Leitores, Equipes de Celebra\u00e7\u00e3o, Coroinhas, Ac\u00f3litos e Canto Lit\u00fargico; Pastoral do D\u00edzimo; Ter\u00e7o e da Evangeliza\u00e7\u00e3o; Pastorais Sociais: F\u00e9, Pol\u00edtica e Cidadania; Afro-Brasileira; da Crian\u00e7a; do Menor; da Sa\u00fade; da Pessoa Idosa; da Moradia; Comunica\u00e7\u00e3o Social; da Escuta; Pastoral Sacramental: Batismo e Matrim\u00f4nio; Caminho Neocatecumenal; Renova\u00e7\u00e3o Carism\u00e1tica Cat\u00f3lica; Movimento da M\u00e3e Peregrina de Schoenstatt; Apostolado da Ora\u00e7\u00e3o; Ter\u00e7o dos Homens; Movimento Sacerdotal Mariano; Campanhas da Fraternidade e Confer\u00eancias Vicentinas; al\u00e9m das catequeses Primeira Comunh\u00e3o Eucar\u00edstica, Crisma e P\u00f3s-Crisma. Brevemente, a Par\u00f3quia ter\u00e1 o ECC \u2013 Encontro de Casais com Cristo.<\/p>\n","protected":false},"excerpt":{"rendered":"<p>Por: Valdir L\u00edbero &#8211; PasCom S\u00e3o Benedito\u00a0\u00a0\u00a0\u00a0\u00a0\u00a0\u00a0\u00a0\u00a0\u00a0\u00a0\u00a0\u00a0\u00a0\u00a0\u00a0\u00a0\u00a0\u00a0\u00a0\u00a0\u00a0\u00a0\u00a0 \u00a0\u00a0\u00a0\u00a0\u00a0\u00a0 Desde sua instala\u00e7\u00e3o, na pacata Salto de 1966, sua miss\u00e3o evangelizadora s\u00f3 fez crescer, englobando atualmente mais 5 comunidades, al\u00e9m da Matriz \u00a0\u00a0\u00a0\u00a0\u00a0\u00a0 Segundo dados do Departamento de Estat\u00edsticas do Estado de S\u00e3o Paulo (DEESP), a popula\u00e7\u00e3o saltense em 1966 n\u00e3o chegava a 20 mil pessoas, um [&hellip;]<\/p>\n","protected":false},"author":2,"featured_media":3062,"comment_status":"open","ping_status":"open","sticky":false,"template":"","format":"standard","meta":{"footnotes":""},"categories":[13],"tags":[],"blocksy_meta":"","yoast_head":"<!-- This site is optimized with the Yoast SEO plugin v22.4 - https:\/\/yoast.com\/wordpress\/plugins\/seo\/ -->\n<title>PAR\u00d3QUIA S\u00c3O BENEDITO CHEGA AOS 60 ANOS COM HIST\u00d3RICO DE F\u00c9, CORAGEM E PERSEVERAN\u00c7A - Paroquia Sao Benedito<\/title>\n<meta name=\"robots\" content=\"index, follow, max-snippet:-1, max-image-preview:large, max-video-preview:-1\" \/>\n<link rel=\"canonical\" href=\"https:\/\/sbeneditosalto.com.br\/index.php\/2026\/02\/27\/paroquia-sao-benedito-chega-aos-60-anos-com-historico-de-fe-coragem-e-perseveranca\/\" \/>\n<meta property=\"og:locale\" content=\"en_US\" \/>\n<meta property=\"og:type\" content=\"article\" \/>\n<meta property=\"og:title\" content=\"PAR\u00d3QUIA S\u00c3O BENEDITO CHEGA AOS 60 ANOS COM HIST\u00d3RICO DE F\u00c9, CORAGEM E PERSEVERAN\u00c7A - Paroquia Sao Benedito\" \/>\n<meta property=\"og:description\" content=\"Por: Valdir L\u00edbero &#8211; PasCom S\u00e3o Benedito\u00a0\u00a0\u00a0\u00a0\u00a0\u00a0\u00a0\u00a0\u00a0\u00a0\u00a0\u00a0\u00a0\u00a0\u00a0\u00a0\u00a0\u00a0\u00a0\u00a0\u00a0\u00a0\u00a0\u00a0 \u00a0\u00a0\u00a0\u00a0\u00a0\u00a0 Desde sua instala\u00e7\u00e3o, na pacata Salto de 1966, sua miss\u00e3o evangelizadora s\u00f3 fez crescer, englobando atualmente mais 5 comunidades, al\u00e9m da Matriz \u00a0\u00a0\u00a0\u00a0\u00a0\u00a0 Segundo dados do Departamento de Estat\u00edsticas do Estado de S\u00e3o Paulo (DEESP), a popula\u00e7\u00e3o saltense em 1966 n\u00e3o chegava a 20 mil pessoas, um [&hellip;]\" \/>\n<meta property=\"og:url\" content=\"https:\/\/sbeneditosalto.com.br\/index.php\/2026\/02\/27\/paroquia-sao-benedito-chega-aos-60-anos-com-historico-de-fe-coragem-e-perseveranca\/\" \/>\n<meta property=\"og:site_name\" content=\"Paroquia Sao Benedito\" \/>\n<meta property=\"article:published_time\" content=\"2026-02-27T18:27:00+00:00\" \/>\n<meta property=\"og:image\" content=\"https:\/\/sbeneditosalto.com.br\/wp-content\/uploads\/2026\/02\/60-ANOS-PAR-SAO-BENEDITO-AVATAR.png\" \/>\n\t<meta property=\"og:image:width\" content=\"1000\" \/>\n\t<meta property=\"og:image:height\" content=\"750\" \/>\n\t<meta property=\"og:image:type\" content=\"image\/png\" \/>\n<meta name=\"author\" content=\"Jos\u00e9 Carlos Pascoal\" \/>\n<meta name=\"twitter:card\" content=\"summary_large_image\" \/>\n<meta name=\"twitter:label1\" content=\"Written by\" \/>\n\t<meta name=\"twitter:data1\" content=\"Jos\u00e9 Carlos Pascoal\" \/>\n\t<meta name=\"twitter:label2\" content=\"Est. reading time\" \/>\n\t<meta name=\"twitter:data2\" content=\"3 minutes\" \/>\n<script type=\"application\/ld+json\" class=\"yoast-schema-graph\">{\"@context\":\"https:\/\/schema.org\",\"@graph\":[{\"@type\":\"Article\",\"@id\":\"https:\/\/sbeneditosalto.com.br\/index.php\/2026\/02\/27\/paroquia-sao-benedito-chega-aos-60-anos-com-historico-de-fe-coragem-e-perseveranca\/#article\",\"isPartOf\":{\"@id\":\"https:\/\/sbeneditosalto.com.br\/index.php\/2026\/02\/27\/paroquia-sao-benedito-chega-aos-60-anos-com-historico-de-fe-coragem-e-perseveranca\/\"},\"author\":{\"name\":\"Jos\u00e9 Carlos Pascoal\",\"@id\":\"https:\/\/sbeneditosalto.com.br\/#\/schema\/person\/1937db6430bd13d1242baaed97be0781\"},\"headline\":\"PAR\u00d3QUIA S\u00c3O BENEDITO CHEGA AOS 60 ANOS COM HIST\u00d3RICO DE F\u00c9, CORAGEM E PERSEVERAN\u00c7A\",\"datePublished\":\"2026-02-27T18:27:00+00:00\",\"dateModified\":\"2026-02-27T18:27:00+00:00\",\"mainEntityOfPage\":{\"@id\":\"https:\/\/sbeneditosalto.com.br\/index.php\/2026\/02\/27\/paroquia-sao-benedito-chega-aos-60-anos-com-historico-de-fe-coragem-e-perseveranca\/\"},\"wordCount\":519,\"commentCount\":0,\"publisher\":{\"@id\":\"https:\/\/sbeneditosalto.com.br\/#organization\"},\"image\":{\"@id\":\"https:\/\/sbeneditosalto.com.br\/index.php\/2026\/02\/27\/paroquia-sao-benedito-chega-aos-60-anos-com-historico-de-fe-coragem-e-perseveranca\/#primaryimage\"},\"thumbnailUrl\":\"https:\/\/sbeneditosalto.com.br\/wp-content\/uploads\/2026\/02\/60-ANOS-PAR-SAO-BENEDITO-AVATAR.png\",\"articleSection\":[\"Artigo\"],\"inLanguage\":\"en-US\",\"potentialAction\":[{\"@type\":\"CommentAction\",\"name\":\"Comment\",\"target\":[\"https:\/\/sbeneditosalto.com.br\/index.php\/2026\/02\/27\/paroquia-sao-benedito-chega-aos-60-anos-com-historico-de-fe-coragem-e-perseveranca\/#respond\"]}]},{\"@type\":\"WebPage\",\"@id\":\"https:\/\/sbeneditosalto.com.br\/index.php\/2026\/02\/27\/paroquia-sao-benedito-chega-aos-60-anos-com-historico-de-fe-coragem-e-perseveranca\/\",\"url\":\"https:\/\/sbeneditosalto.com.br\/index.php\/2026\/02\/27\/paroquia-sao-benedito-chega-aos-60-anos-com-historico-de-fe-coragem-e-perseveranca\/\",\"name\":\"PAR\u00d3QUIA S\u00c3O BENEDITO CHEGA AOS 60 ANOS COM HIST\u00d3RICO DE F\u00c9, CORAGEM E PERSEVERAN\u00c7A - Paroquia Sao Benedito\",\"isPartOf\":{\"@id\":\"https:\/\/sbeneditosalto.com.br\/#website\"},\"primaryImageOfPage\":{\"@id\":\"https:\/\/sbeneditosalto.com.br\/index.php\/2026\/02\/27\/paroquia-sao-benedito-chega-aos-60-anos-com-historico-de-fe-coragem-e-perseveranca\/#primaryimage\"},\"image\":{\"@id\":\"https:\/\/sbeneditosalto.com.br\/index.php\/2026\/02\/27\/paroquia-sao-benedito-chega-aos-60-anos-com-historico-de-fe-coragem-e-perseveranca\/#primaryimage\"},\"thumbnailUrl\":\"https:\/\/sbeneditosalto.com.br\/wp-content\/uploads\/2026\/02\/60-ANOS-PAR-SAO-BENEDITO-AVATAR.png\",\"datePublished\":\"2026-02-27T18:27:00+00:00\",\"dateModified\":\"2026-02-27T18:27:00+00:00\",\"breadcrumb\":{\"@id\":\"https:\/\/sbeneditosalto.com.br\/index.php\/2026\/02\/27\/paroquia-sao-benedito-chega-aos-60-anos-com-historico-de-fe-coragem-e-perseveranca\/#breadcrumb\"},\"inLanguage\":\"en-US\",\"potentialAction\":[{\"@type\":\"ReadAction\",\"target\":[\"https:\/\/sbeneditosalto.com.br\/index.php\/2026\/02\/27\/paroquia-sao-benedito-chega-aos-60-anos-com-historico-de-fe-coragem-e-perseveranca\/\"]}]},{\"@type\":\"ImageObject\",\"inLanguage\":\"en-US\",\"@id\":\"https:\/\/sbeneditosalto.com.br\/index.php\/2026\/02\/27\/paroquia-sao-benedito-chega-aos-60-anos-com-historico-de-fe-coragem-e-perseveranca\/#primaryimage\",\"url\":\"https:\/\/sbeneditosalto.com.br\/wp-content\/uploads\/2026\/02\/60-ANOS-PAR-SAO-BENEDITO-AVATAR.png\",\"contentUrl\":\"https:\/\/sbeneditosalto.com.br\/wp-content\/uploads\/2026\/02\/60-ANOS-PAR-SAO-BENEDITO-AVATAR.png\",\"width\":1000,\"height\":750},{\"@type\":\"BreadcrumbList\",\"@id\":\"https:\/\/sbeneditosalto.com.br\/index.php\/2026\/02\/27\/paroquia-sao-benedito-chega-aos-60-anos-com-historico-de-fe-coragem-e-perseveranca\/#breadcrumb\",\"itemListElement\":[{\"@type\":\"ListItem\",\"position\":1,\"name\":\"In\u00edcio\",\"item\":\"https:\/\/sbeneditosalto.com.br\/\"},{\"@type\":\"ListItem\",\"position\":2,\"name\":\"PAR\u00d3QUIA S\u00c3O BENEDITO CHEGA AOS 60 ANOS COM HIST\u00d3RICO DE F\u00c9, CORAGEM E PERSEVERAN\u00c7A\"}]},{\"@type\":\"WebSite\",\"@id\":\"https:\/\/sbeneditosalto.com.br\/#website\",\"url\":\"https:\/\/sbeneditosalto.com.br\/\",\"name\":\"Paroquia Sao Benedito\",\"description\":\"\",\"publisher\":{\"@id\":\"https:\/\/sbeneditosalto.com.br\/#organization\"},\"potentialAction\":[{\"@type\":\"SearchAction\",\"target\":{\"@type\":\"EntryPoint\",\"urlTemplate\":\"https:\/\/sbeneditosalto.com.br\/?s={search_term_string}\"},\"query-input\":\"required name=search_term_string\"}],\"inLanguage\":\"en-US\"},{\"@type\":\"Organization\",\"@id\":\"https:\/\/sbeneditosalto.com.br\/#organization\",\"name\":\"Paroquia Sao Benedito\",\"url\":\"https:\/\/sbeneditosalto.com.br\/\",\"logo\":{\"@type\":\"ImageObject\",\"inLanguage\":\"en-US\",\"@id\":\"https:\/\/sbeneditosalto.com.br\/#\/schema\/logo\/image\/\",\"url\":\"\",\"contentUrl\":\"\",\"caption\":\"Paroquia Sao Benedito\"},\"image\":{\"@id\":\"https:\/\/sbeneditosalto.com.br\/#\/schema\/logo\/image\/\"}},{\"@type\":\"Person\",\"@id\":\"https:\/\/sbeneditosalto.com.br\/#\/schema\/person\/1937db6430bd13d1242baaed97be0781\",\"name\":\"Jos\u00e9 Carlos Pascoal\",\"image\":{\"@type\":\"ImageObject\",\"inLanguage\":\"en-US\",\"@id\":\"https:\/\/sbeneditosalto.com.br\/#\/schema\/person\/image\/\",\"url\":\"https:\/\/secure.gravatar.com\/avatar\/4af6632c766ef45aa6c85f9456f2e79a?s=96&d=mm&r=g\",\"contentUrl\":\"https:\/\/secure.gravatar.com\/avatar\/4af6632c766ef45aa6c85f9456f2e79a?s=96&d=mm&r=g\",\"caption\":\"Jos\u00e9 Carlos Pascoal\"},\"url\":\"https:\/\/sbeneditosalto.com.br\/index.php\/author\/diaconopascoal\/\"}]}<\/script>\n<!-- \/ Yoast SEO plugin. -->","yoast_head_json":{"title":"PAR\u00d3QUIA S\u00c3O BENEDITO CHEGA AOS 60 ANOS COM HIST\u00d3RICO DE F\u00c9, CORAGEM E PERSEVERAN\u00c7A - Paroquia Sao Benedito","robots":{"index":"index","follow":"follow","max-snippet":"max-snippet:-1","max-image-preview":"max-image-preview:large","max-video-preview":"max-video-preview:-1"},"canonical":"https:\/\/sbeneditosalto.com.br\/index.php\/2026\/02\/27\/paroquia-sao-benedito-chega-aos-60-anos-com-historico-de-fe-coragem-e-perseveranca\/","og_locale":"en_US","og_type":"article","og_title":"PAR\u00d3QUIA S\u00c3O BENEDITO CHEGA AOS 60 ANOS COM HIST\u00d3RICO DE F\u00c9, CORAGEM E PERSEVERAN\u00c7A - Paroquia Sao Benedito","og_description":"Por: Valdir L\u00edbero &#8211; PasCom S\u00e3o Benedito\u00a0\u00a0\u00a0\u00a0\u00a0\u00a0\u00a0\u00a0\u00a0\u00a0\u00a0\u00a0\u00a0\u00a0\u00a0\u00a0\u00a0\u00a0\u00a0\u00a0\u00a0\u00a0\u00a0\u00a0 \u00a0\u00a0\u00a0\u00a0\u00a0\u00a0 Desde sua instala\u00e7\u00e3o, na pacata Salto de 1966, sua miss\u00e3o evangelizadora s\u00f3 fez crescer, englobando atualmente mais 5 comunidades, al\u00e9m da Matriz \u00a0\u00a0\u00a0\u00a0\u00a0\u00a0 Segundo dados do Departamento de Estat\u00edsticas do Estado de S\u00e3o Paulo (DEESP), a popula\u00e7\u00e3o saltense em 1966 n\u00e3o chegava a 20 mil pessoas, um [&hellip;]","og_url":"https:\/\/sbeneditosalto.com.br\/index.php\/2026\/02\/27\/paroquia-sao-benedito-chega-aos-60-anos-com-historico-de-fe-coragem-e-perseveranca\/","og_site_name":"Paroquia Sao Benedito","article_published_time":"2026-02-27T18:27:00+00:00","og_image":[{"width":1000,"height":750,"url":"https:\/\/sbeneditosalto.com.br\/wp-content\/uploads\/2026\/02\/60-ANOS-PAR-SAO-BENEDITO-AVATAR.png","type":"image\/png"}],"author":"Jos\u00e9 Carlos Pascoal","twitter_card":"summary_large_image","twitter_misc":{"Written by":"Jos\u00e9 Carlos Pascoal","Est. reading time":"3 minutes"},"schema":{"@context":"https:\/\/schema.org","@graph":[{"@type":"Article","@id":"https:\/\/sbeneditosalto.com.br\/index.php\/2026\/02\/27\/paroquia-sao-benedito-chega-aos-60-anos-com-historico-de-fe-coragem-e-perseveranca\/#article","isPartOf":{"@id":"https:\/\/sbeneditosalto.com.br\/index.php\/2026\/02\/27\/paroquia-sao-benedito-chega-aos-60-anos-com-historico-de-fe-coragem-e-perseveranca\/"},"author":{"name":"Jos\u00e9 Carlos Pascoal","@id":"https:\/\/sbeneditosalto.com.br\/#\/schema\/person\/1937db6430bd13d1242baaed97be0781"},"headline":"PAR\u00d3QUIA S\u00c3O BENEDITO CHEGA AOS 60 ANOS COM HIST\u00d3RICO DE F\u00c9, CORAGEM E PERSEVERAN\u00c7A","datePublished":"2026-02-27T18:27:00+00:00","dateModified":"2026-02-27T18:27:00+00:00","mainEntityOfPage":{"@id":"https:\/\/sbeneditosalto.com.br\/index.php\/2026\/02\/27\/paroquia-sao-benedito-chega-aos-60-anos-com-historico-de-fe-coragem-e-perseveranca\/"},"wordCount":519,"commentCount":0,"publisher":{"@id":"https:\/\/sbeneditosalto.com.br\/#organization"},"image":{"@id":"https:\/\/sbeneditosalto.com.br\/index.php\/2026\/02\/27\/paroquia-sao-benedito-chega-aos-60-anos-com-historico-de-fe-coragem-e-perseveranca\/#primaryimage"},"thumbnailUrl":"https:\/\/sbeneditosalto.com.br\/wp-content\/uploads\/2026\/02\/60-ANOS-PAR-SAO-BENEDITO-AVATAR.png","articleSection":["Artigo"],"inLanguage":"en-US","potentialAction":[{"@type":"CommentAction","name":"Comment","target":["https:\/\/sbeneditosalto.com.br\/index.php\/2026\/02\/27\/paroquia-sao-benedito-chega-aos-60-anos-com-historico-de-fe-coragem-e-perseveranca\/#respond"]}]},{"@type":"WebPage","@id":"https:\/\/sbeneditosalto.com.br\/index.php\/2026\/02\/27\/paroquia-sao-benedito-chega-aos-60-anos-com-historico-de-fe-coragem-e-perseveranca\/","url":"https:\/\/sbeneditosalto.com.br\/index.php\/2026\/02\/27\/paroquia-sao-benedito-chega-aos-60-anos-com-historico-de-fe-coragem-e-perseveranca\/","name":"PAR\u00d3QUIA S\u00c3O BENEDITO CHEGA AOS 60 ANOS COM HIST\u00d3RICO DE F\u00c9, CORAGEM E PERSEVERAN\u00c7A - Paroquia Sao Benedito","isPartOf":{"@id":"https:\/\/sbeneditosalto.com.br\/#website"},"primaryImageOfPage":{"@id":"https:\/\/sbeneditosalto.com.br\/index.php\/2026\/02\/27\/paroquia-sao-benedito-chega-aos-60-anos-com-historico-de-fe-coragem-e-perseveranca\/#primaryimage"},"image":{"@id":"https:\/\/sbeneditosalto.com.br\/index.php\/2026\/02\/27\/paroquia-sao-benedito-chega-aos-60-anos-com-historico-de-fe-coragem-e-perseveranca\/#primaryimage"},"thumbnailUrl":"https:\/\/sbeneditosalto.com.br\/wp-content\/uploads\/2026\/02\/60-ANOS-PAR-SAO-BENEDITO-AVATAR.png","datePublished":"2026-02-27T18:27:00+00:00","dateModified":"2026-02-27T18:27:00+00:00","breadcrumb":{"@id":"https:\/\/sbeneditosalto.com.br\/index.php\/2026\/02\/27\/paroquia-sao-benedito-chega-aos-60-anos-com-historico-de-fe-coragem-e-perseveranca\/#breadcrumb"},"inLanguage":"en-US","potentialAction":[{"@type":"ReadAction","target":["https:\/\/sbeneditosalto.com.br\/index.php\/2026\/02\/27\/paroquia-sao-benedito-chega-aos-60-anos-com-historico-de-fe-coragem-e-perseveranca\/"]}]},{"@type":"ImageObject","inLanguage":"en-US","@id":"https:\/\/sbeneditosalto.com.br\/index.php\/2026\/02\/27\/paroquia-sao-benedito-chega-aos-60-anos-com-historico-de-fe-coragem-e-perseveranca\/#primaryimage","url":"https:\/\/sbeneditosalto.com.br\/wp-content\/uploads\/2026\/02\/60-ANOS-PAR-SAO-BENEDITO-AVATAR.png","contentUrl":"https:\/\/sbeneditosalto.com.br\/wp-content\/uploads\/2026\/02\/60-ANOS-PAR-SAO-BENEDITO-AVATAR.png","width":1000,"height":750},{"@type":"BreadcrumbList","@id":"https:\/\/sbeneditosalto.com.br\/index.php\/2026\/02\/27\/paroquia-sao-benedito-chega-aos-60-anos-com-historico-de-fe-coragem-e-perseveranca\/#breadcrumb","itemListElement":[{"@type":"ListItem","position":1,"name":"In\u00edcio","item":"https:\/\/sbeneditosalto.com.br\/"},{"@type":"ListItem","position":2,"name":"PAR\u00d3QUIA S\u00c3O BENEDITO CHEGA AOS 60 ANOS COM HIST\u00d3RICO DE F\u00c9, CORAGEM E PERSEVERAN\u00c7A"}]},{"@type":"WebSite","@id":"https:\/\/sbeneditosalto.com.br\/#website","url":"https:\/\/sbeneditosalto.com.br\/","name":"Paroquia Sao Benedito","description":"","publisher":{"@id":"https:\/\/sbeneditosalto.com.br\/#organization"},"potentialAction":[{"@type":"SearchAction","target":{"@type":"EntryPoint","urlTemplate":"https:\/\/sbeneditosalto.com.br\/?s={search_term_string}"},"query-input":"required name=search_term_string"}],"inLanguage":"en-US"},{"@type":"Organization","@id":"https:\/\/sbeneditosalto.com.br\/#organization","name":"Paroquia Sao Benedito","url":"https:\/\/sbeneditosalto.com.br\/","logo":{"@type":"ImageObject","inLanguage":"en-US","@id":"https:\/\/sbeneditosalto.com.br\/#\/schema\/logo\/image\/","url":"","contentUrl":"","caption":"Paroquia Sao Benedito"},"image":{"@id":"https:\/\/sbeneditosalto.com.br\/#\/schema\/logo\/image\/"}},{"@type":"Person","@id":"https:\/\/sbeneditosalto.com.br\/#\/schema\/person\/1937db6430bd13d1242baaed97be0781","name":"Jos\u00e9 Carlos Pascoal","image":{"@type":"ImageObject","inLanguage":"en-US","@id":"https:\/\/sbeneditosalto.com.br\/#\/schema\/person\/image\/","url":"https:\/\/secure.gravatar.com\/avatar\/4af6632c766ef45aa6c85f9456f2e79a?s=96&d=mm&r=g","contentUrl":"https:\/\/secure.gravatar.com\/avatar\/4af6632c766ef45aa6c85f9456f2e79a?s=96&d=mm&r=g","caption":"Jos\u00e9 Carlos Pascoal"},"url":"https:\/\/sbeneditosalto.com.br\/index.php\/author\/diaconopascoal\/"}]}},"_links":{"self":[{"href":"https:\/\/sbeneditosalto.com.br\/index.php\/wp-json\/wp\/v2\/posts\/3061"}],"collection":[{"href":"https:\/\/sbeneditosalto.com.br\/index.php\/wp-json\/wp\/v2\/posts"}],"about":[{"href":"https:\/\/sbeneditosalto.com.br\/index.php\/wp-json\/wp\/v2\/types\/post"}],"author":[{"embeddable":true,"href":"https:\/\/sbeneditosalto.com.br\/index.php\/wp-json\/wp\/v2\/users\/2"}],"replies":[{"embeddable":true,"href":"https:\/\/sbeneditosalto.com.br\/index.php\/wp-json\/wp\/v2\/comments?post=3061"}],"version-history":[{"count":1,"href":"https:\/\/sbeneditosalto.com.br\/index.php\/wp-json\/wp\/v2\/posts\/3061\/revisions"}],"predecessor-version":[{"id":3063,"href":"https:\/\/sbeneditosalto.com.br\/index.php\/wp-json\/wp\/v2\/posts\/3061\/revisions\/3063"}],"wp:featuredmedia":[{"embeddable":true,"href":"https:\/\/sbeneditosalto.com.br\/index.php\/wp-json\/wp\/v2\/media\/3062"}],"wp:attachment":[{"href":"https:\/\/sbeneditosalto.com.br\/index.php\/wp-json\/wp\/v2\/media?parent=3061"}],"wp:term":[{"taxonomy":"category","embeddable":true,"href":"https:\/\/sbeneditosalto.com.br\/index.php\/wp-json\/wp\/v2\/categories?post=3061"},{"taxonomy":"post_tag","embeddable":true,"href":"https:\/\/sbeneditosalto.com.br\/index.php\/wp-json\/wp\/v2\/tags?post=3061"}],"curies":[{"name":"wp","href":"https:\/\/api.w.org\/{rel}","templated":true}]}}