{"id":3044,"date":"2025-12-17T15:10:18","date_gmt":"2025-12-17T18:10:18","guid":{"rendered":"https:\/\/sbeneditosalto.com.br\/?p=3044"},"modified":"2025-12-17T15:23:17","modified_gmt":"2025-12-17T18:23:17","slug":"programacao-de-natal-e-fim-de-ano-na-paroquia-sao-benedito","status":"publish","type":"post","link":"https:\/\/sbeneditosalto.com.br\/index.php\/2025\/12\/17\/programacao-de-natal-e-fim-de-ano-na-paroquia-sao-benedito\/","title":{"rendered":"PROGRAMA\u00c7\u00c3O DE NATAL E FIM DE ANO NA PAR\u00d3QUIA S\u00c3O BENEDITO"},"content":{"rendered":"\n<p class=\"has-medium-font-size\"><strong>VIG\u00cdLIA DO NATAL &#8211; Dia 24 de dezembro, quarta-feira:<\/strong><\/p>\n\n\n\n<p>\u2022 Matriz S\u00e3o Benedito, Missa solene \u00e0s 19h30;<\/p>\n\n\n\n<p>\u2022 Comunidade S\u00e3o Jos\u00e9 Oper\u00e1rio, Celebra\u00e7\u00e3o \u00e0s 19h30;<\/p>\n\n\n\n<p>\u2022 Comunidade Santa Teresinha, Celebra\u00e7\u00e3o \u00e0s 19h30;<\/p>\n\n\n\n<p>\u2022 Comunidade Santa Ana e S\u00e3o Joaquim, Celebra\u00e7\u00e3o \u00e0s 19h30;<\/p>\n\n\n\n<p>\u2022 Comunidade Divino Esp\u00edrito Santo, Celebra\u00e7\u00e3o \u00e0s 19h30;<\/p>\n\n\n\n<p>\u2022 Comunidade Santo In\u00e1cio de Loyola, Celebra\u00e7\u00e3o \u00e0s 19h30.<\/p>\n\n\n\n<p class=\"has-medium-font-size\"><strong>NATAL DO SENHOR \u2013 Dia 25 de dezembro, quinta-feira:<\/strong><\/p>\n\n\n\n<p>\u2022 Matriz S\u00e3o Benedito, Missa solene \u00e0s 18h;<\/p>\n\n\n\n<p>\u2022 Comunidade S\u00e3o Jos\u00e9 Oper\u00e1rio, Celebra\u00e7\u00e3o \u00e0s 18h;<\/p>\n\n\n\n<p>\u2022 Comunidade Santa Teresinha, Celebra\u00e7\u00e3o \u00e0s 18h;<\/p>\n\n\n\n<p>\u2022 Comunidade Santa Ana e S\u00e3o Joaquim, Celebra\u00e7\u00e3o \u00e0s 18h;<\/p>\n\n\n\n<p>\u2022 Comunidade Divino Esp\u00edrito Santo, Celebra\u00e7\u00e3o \u00e0s 18h;<\/p>\n\n\n\n<p>\u2022 Comunidade Santo In\u00e1cio de Loyola, Celebra\u00e7\u00e3o \u00e0s 18h.<\/p>\n\n\n\n<p class=\"has-medium-font-size\"><strong>SAGRADA FAM\u00cdLIA \u2013 Dia 27 de dezembro, s\u00e1bado:<\/strong><\/p>\n\n\n\n<p>\u2022 Matriz S\u00e3o Benedito: 18h;<\/p>\n\n\n\n<p>\u2022 Comunidade Santa Teresinha: 18h30;<\/p>\n\n\n\n<p>\u2022 Comunidade Santa Ana e S\u00e3o Joaquim: 18h30;<\/p>\n\n\n\n<p>\u2022 Comunidade Divino Esp\u00edrito Santo: 18h30;<\/p>\n\n\n\n<p>\u2022 Comunidade Santo In\u00e1cio de Loyola: 18h30.<\/p>\n\n\n\n<p class=\"has-medium-font-size\"><strong>SAGRADA FAM\u00cdLIA \u2013 Dia 28 de dezembro, domingo:<\/strong><\/p>\n\n\n\n<p>\u2022 Matriz S\u00e3o Benedito: 07h, 08h30, 10h e 18h30;<\/p>\n\n\n\n<p>\u2022 Comunidade S\u00e3o Jos\u00e9 Oper\u00e1rio: 08h30;<\/p>\n\n\n\n<p>\u2022 Comunidade Santa Ana e S\u00e3o Joaquim: 08h30;<\/p>\n\n\n\n<p>\u2022 Comunidade Divino Esp\u00edrito Santo: 08h30;<\/p>\n\n\n\n<p class=\"has-medium-font-size\">&nbsp;<strong>VIG\u00cdLIA DA SANTA M\u00c3E DE DEUS \u2013 Dia 31 de dezembro, quarta-feira:<\/strong><\/p>\n\n\n\n<p>\u2022 Matriz S\u00e3o Benedito, Missa solene \u00e0s 19h30;<\/p>\n\n\n\n<p>\u2022 Comunidade S\u00e3o Jos\u00e9 Oper\u00e1rio, Celebra\u00e7\u00e3o \u00e0s 19h30;<\/p>\n\n\n\n<p>\u2022 Comunidade Santa Teresinha, Celebra\u00e7\u00e3o \u00e0s 19h30;<\/p>\n\n\n\n<p>\u2022 Comunidade Santa Ana e S\u00e3o Joaquim, Celebra\u00e7\u00e3o \u00e0s 19h30;<\/p>\n\n\n\n<p>\u2022 Comunidade Divino Esp\u00edrito Santo, Celebra\u00e7\u00e3o \u00e0s 19h30;<\/p>\n\n\n\n<p>\u2022 Comunidade Santo In\u00e1cio de Loyola, Celebra\u00e7\u00e3o \u00e0s 19h30.<\/p>\n\n\n\n<p class=\"has-medium-font-size\"><strong>SOLENIDADE DA SANTA M\u00c3E DE DEUS, MARIA \u2013 Dia 1\u00ba de janeiro de 2026, quinta-feira:<\/strong> <\/p>\n\n\n\n<p>\u2022 Matriz S\u00e3o Benedito, Missa \u00e0s 19h.<\/p>\n","protected":false},"excerpt":{"rendered":"<p>VIG\u00cdLIA DO NATAL &#8211; Dia 24 de dezembro, quarta-feira: \u2022 Matriz S\u00e3o Benedito, Missa solene \u00e0s 19h30; \u2022 Comunidade S\u00e3o Jos\u00e9 Oper\u00e1rio, Celebra\u00e7\u00e3o \u00e0s 19h30; \u2022 Comunidade Santa Teresinha, Celebra\u00e7\u00e3o \u00e0s 19h30; \u2022 Comunidade Santa Ana e S\u00e3o Joaquim, Celebra\u00e7\u00e3o \u00e0s 19h30; \u2022 Comunidade Divino Esp\u00edrito Santo, Celebra\u00e7\u00e3o \u00e0s 19h30; \u2022 Comunidade Santo In\u00e1cio de [&hellip;]<\/p>\n","protected":false},"author":2,"featured_media":3048,"comment_status":"open","ping_status":"open","sticky":false,"template":"","format":"standard","meta":{"footnotes":""},"categories":[1],"tags":[],"blocksy_meta":"","yoast_head":"<!-- This site is optimized with the Yoast SEO plugin v22.4 - https:\/\/yoast.com\/wordpress\/plugins\/seo\/ -->\n<title>PROGRAMA\u00c7\u00c3O DE NATAL E FIM DE ANO NA PAR\u00d3QUIA S\u00c3O BENEDITO - Paroquia Sao Benedito<\/title>\n<meta name=\"robots\" content=\"index, follow, max-snippet:-1, max-image-preview:large, max-video-preview:-1\" \/>\n<link rel=\"canonical\" href=\"https:\/\/sbeneditosalto.com.br\/index.php\/2025\/12\/17\/programacao-de-natal-e-fim-de-ano-na-paroquia-sao-benedito\/\" \/>\n<meta property=\"og:locale\" content=\"en_US\" \/>\n<meta property=\"og:type\" content=\"article\" \/>\n<meta property=\"og:title\" content=\"PROGRAMA\u00c7\u00c3O DE NATAL E FIM DE ANO NA PAR\u00d3QUIA S\u00c3O BENEDITO - Paroquia Sao Benedito\" \/>\n<meta property=\"og:description\" content=\"VIG\u00cdLIA DO NATAL &#8211; Dia 24 de dezembro, quarta-feira: \u2022 Matriz S\u00e3o Benedito, Missa solene \u00e0s 19h30; \u2022 Comunidade S\u00e3o Jos\u00e9 Oper\u00e1rio, Celebra\u00e7\u00e3o \u00e0s 19h30; \u2022 Comunidade Santa Teresinha, Celebra\u00e7\u00e3o \u00e0s 19h30; \u2022 Comunidade Santa Ana e S\u00e3o Joaquim, Celebra\u00e7\u00e3o \u00e0s 19h30; \u2022 Comunidade Divino Esp\u00edrito Santo, Celebra\u00e7\u00e3o \u00e0s 19h30; \u2022 Comunidade Santo In\u00e1cio de [&hellip;]\" \/>\n<meta property=\"og:url\" content=\"https:\/\/sbeneditosalto.com.br\/index.php\/2025\/12\/17\/programacao-de-natal-e-fim-de-ano-na-paroquia-sao-benedito\/\" \/>\n<meta property=\"og:site_name\" content=\"Paroquia Sao Benedito\" \/>\n<meta property=\"article:published_time\" content=\"2025-12-17T18:10:18+00:00\" \/>\n<meta property=\"article:modified_time\" content=\"2025-12-17T18:23:17+00:00\" \/>\n<meta property=\"og:image\" content=\"https:\/\/sbeneditosalto.com.br\/wp-content\/uploads\/2025\/12\/Natal-2024-SALTO-AVATAR-MENOR-02.gif\" \/>\n\t<meta property=\"og:image:width\" content=\"1000\" \/>\n\t<meta property=\"og:image:height\" content=\"750\" \/>\n\t<meta property=\"og:image:type\" content=\"image\/gif\" \/>\n<meta name=\"author\" content=\"Jos\u00e9 Carlos Pascoal\" \/>\n<meta name=\"twitter:card\" content=\"summary_large_image\" \/>\n<meta name=\"twitter:label1\" content=\"Written by\" \/>\n\t<meta name=\"twitter:data1\" content=\"Jos\u00e9 Carlos Pascoal\" \/>\n\t<meta name=\"twitter:label2\" content=\"Est. reading time\" \/>\n\t<meta name=\"twitter:data2\" content=\"2 minutes\" \/>\n<script type=\"application\/ld+json\" class=\"yoast-schema-graph\">{\"@context\":\"https:\/\/schema.org\",\"@graph\":[{\"@type\":\"Article\",\"@id\":\"https:\/\/sbeneditosalto.com.br\/index.php\/2025\/12\/17\/programacao-de-natal-e-fim-de-ano-na-paroquia-sao-benedito\/#article\",\"isPartOf\":{\"@id\":\"https:\/\/sbeneditosalto.com.br\/index.php\/2025\/12\/17\/programacao-de-natal-e-fim-de-ano-na-paroquia-sao-benedito\/\"},\"author\":{\"name\":\"Jos\u00e9 Carlos Pascoal\",\"@id\":\"https:\/\/sbeneditosalto.com.br\/#\/schema\/person\/1937db6430bd13d1242baaed97be0781\"},\"headline\":\"PROGRAMA\u00c7\u00c3O DE NATAL E FIM DE ANO NA PAR\u00d3QUIA S\u00c3O BENEDITO\",\"datePublished\":\"2025-12-17T18:10:18+00:00\",\"dateModified\":\"2025-12-17T18:23:17+00:00\",\"mainEntityOfPage\":{\"@id\":\"https:\/\/sbeneditosalto.com.br\/index.php\/2025\/12\/17\/programacao-de-natal-e-fim-de-ano-na-paroquia-sao-benedito\/\"},\"wordCount\":303,\"commentCount\":0,\"publisher\":{\"@id\":\"https:\/\/sbeneditosalto.com.br\/#organization\"},\"image\":{\"@id\":\"https:\/\/sbeneditosalto.com.br\/index.php\/2025\/12\/17\/programacao-de-natal-e-fim-de-ano-na-paroquia-sao-benedito\/#primaryimage\"},\"thumbnailUrl\":\"https:\/\/sbeneditosalto.com.br\/wp-content\/uploads\/2025\/12\/Natal-2024-SALTO-AVATAR-MENOR-02.gif\",\"articleSection\":[\"Blog\"],\"inLanguage\":\"en-US\",\"potentialAction\":[{\"@type\":\"CommentAction\",\"name\":\"Comment\",\"target\":[\"https:\/\/sbeneditosalto.com.br\/index.php\/2025\/12\/17\/programacao-de-natal-e-fim-de-ano-na-paroquia-sao-benedito\/#respond\"]}]},{\"@type\":\"WebPage\",\"@id\":\"https:\/\/sbeneditosalto.com.br\/index.php\/2025\/12\/17\/programacao-de-natal-e-fim-de-ano-na-paroquia-sao-benedito\/\",\"url\":\"https:\/\/sbeneditosalto.com.br\/index.php\/2025\/12\/17\/programacao-de-natal-e-fim-de-ano-na-paroquia-sao-benedito\/\",\"name\":\"PROGRAMA\u00c7\u00c3O DE NATAL E FIM DE ANO NA PAR\u00d3QUIA S\u00c3O BENEDITO - Paroquia Sao Benedito\",\"isPartOf\":{\"@id\":\"https:\/\/sbeneditosalto.com.br\/#website\"},\"primaryImageOfPage\":{\"@id\":\"https:\/\/sbeneditosalto.com.br\/index.php\/2025\/12\/17\/programacao-de-natal-e-fim-de-ano-na-paroquia-sao-benedito\/#primaryimage\"},\"image\":{\"@id\":\"https:\/\/sbeneditosalto.com.br\/index.php\/2025\/12\/17\/programacao-de-natal-e-fim-de-ano-na-paroquia-sao-benedito\/#primaryimage\"},\"thumbnailUrl\":\"https:\/\/sbeneditosalto.com.br\/wp-content\/uploads\/2025\/12\/Natal-2024-SALTO-AVATAR-MENOR-02.gif\",\"datePublished\":\"2025-12-17T18:10:18+00:00\",\"dateModified\":\"2025-12-17T18:23:17+00:00\",\"breadcrumb\":{\"@id\":\"https:\/\/sbeneditosalto.com.br\/index.php\/2025\/12\/17\/programacao-de-natal-e-fim-de-ano-na-paroquia-sao-benedito\/#breadcrumb\"},\"inLanguage\":\"en-US\",\"potentialAction\":[{\"@type\":\"ReadAction\",\"target\":[\"https:\/\/sbeneditosalto.com.br\/index.php\/2025\/12\/17\/programacao-de-natal-e-fim-de-ano-na-paroquia-sao-benedito\/\"]}]},{\"@type\":\"ImageObject\",\"inLanguage\":\"en-US\",\"@id\":\"https:\/\/sbeneditosalto.com.br\/index.php\/2025\/12\/17\/programacao-de-natal-e-fim-de-ano-na-paroquia-sao-benedito\/#primaryimage\",\"url\":\"https:\/\/sbeneditosalto.com.br\/wp-content\/uploads\/2025\/12\/Natal-2024-SALTO-AVATAR-MENOR-02.gif\",\"contentUrl\":\"https:\/\/sbeneditosalto.com.br\/wp-content\/uploads\/2025\/12\/Natal-2024-SALTO-AVATAR-MENOR-02.gif\",\"width\":1000,\"height\":750},{\"@type\":\"BreadcrumbList\",\"@id\":\"https:\/\/sbeneditosalto.com.br\/index.php\/2025\/12\/17\/programacao-de-natal-e-fim-de-ano-na-paroquia-sao-benedito\/#breadcrumb\",\"itemListElement\":[{\"@type\":\"ListItem\",\"position\":1,\"name\":\"In\u00edcio\",\"item\":\"https:\/\/sbeneditosalto.com.br\/\"},{\"@type\":\"ListItem\",\"position\":2,\"name\":\"PROGRAMA\u00c7\u00c3O DE NATAL E FIM DE ANO NA PAR\u00d3QUIA S\u00c3O BENEDITO\"}]},{\"@type\":\"WebSite\",\"@id\":\"https:\/\/sbeneditosalto.com.br\/#website\",\"url\":\"https:\/\/sbeneditosalto.com.br\/\",\"name\":\"Paroquia Sao Benedito\",\"description\":\"\",\"publisher\":{\"@id\":\"https:\/\/sbeneditosalto.com.br\/#organization\"},\"potentialAction\":[{\"@type\":\"SearchAction\",\"target\":{\"@type\":\"EntryPoint\",\"urlTemplate\":\"https:\/\/sbeneditosalto.com.br\/?s={search_term_string}\"},\"query-input\":\"required name=search_term_string\"}],\"inLanguage\":\"en-US\"},{\"@type\":\"Organization\",\"@id\":\"https:\/\/sbeneditosalto.com.br\/#organization\",\"name\":\"Paroquia Sao Benedito\",\"url\":\"https:\/\/sbeneditosalto.com.br\/\",\"logo\":{\"@type\":\"ImageObject\",\"inLanguage\":\"en-US\",\"@id\":\"https:\/\/sbeneditosalto.com.br\/#\/schema\/logo\/image\/\",\"url\":\"\",\"contentUrl\":\"\",\"caption\":\"Paroquia Sao Benedito\"},\"image\":{\"@id\":\"https:\/\/sbeneditosalto.com.br\/#\/schema\/logo\/image\/\"}},{\"@type\":\"Person\",\"@id\":\"https:\/\/sbeneditosalto.com.br\/#\/schema\/person\/1937db6430bd13d1242baaed97be0781\",\"name\":\"Jos\u00e9 Carlos Pascoal\",\"image\":{\"@type\":\"ImageObject\",\"inLanguage\":\"en-US\",\"@id\":\"https:\/\/sbeneditosalto.com.br\/#\/schema\/person\/image\/\",\"url\":\"https:\/\/secure.gravatar.com\/avatar\/4af6632c766ef45aa6c85f9456f2e79a?s=96&d=mm&r=g\",\"contentUrl\":\"https:\/\/secure.gravatar.com\/avatar\/4af6632c766ef45aa6c85f9456f2e79a?s=96&d=mm&r=g\",\"caption\":\"Jos\u00e9 Carlos Pascoal\"},\"url\":\"https:\/\/sbeneditosalto.com.br\/index.php\/author\/diaconopascoal\/\"}]}<\/script>\n<!-- \/ Yoast SEO plugin. -->","yoast_head_json":{"title":"PROGRAMA\u00c7\u00c3O DE NATAL E FIM DE ANO NA PAR\u00d3QUIA S\u00c3O BENEDITO - Paroquia Sao Benedito","robots":{"index":"index","follow":"follow","max-snippet":"max-snippet:-1","max-image-preview":"max-image-preview:large","max-video-preview":"max-video-preview:-1"},"canonical":"https:\/\/sbeneditosalto.com.br\/index.php\/2025\/12\/17\/programacao-de-natal-e-fim-de-ano-na-paroquia-sao-benedito\/","og_locale":"en_US","og_type":"article","og_title":"PROGRAMA\u00c7\u00c3O DE NATAL E FIM DE ANO NA PAR\u00d3QUIA S\u00c3O BENEDITO - Paroquia Sao Benedito","og_description":"VIG\u00cdLIA DO NATAL &#8211; Dia 24 de dezembro, quarta-feira: \u2022 Matriz S\u00e3o Benedito, Missa solene \u00e0s 19h30; \u2022 Comunidade S\u00e3o Jos\u00e9 Oper\u00e1rio, Celebra\u00e7\u00e3o \u00e0s 19h30; \u2022 Comunidade Santa Teresinha, Celebra\u00e7\u00e3o \u00e0s 19h30; \u2022 Comunidade Santa Ana e S\u00e3o Joaquim, Celebra\u00e7\u00e3o \u00e0s 19h30; \u2022 Comunidade Divino Esp\u00edrito Santo, Celebra\u00e7\u00e3o \u00e0s 19h30; \u2022 Comunidade Santo In\u00e1cio de [&hellip;]","og_url":"https:\/\/sbeneditosalto.com.br\/index.php\/2025\/12\/17\/programacao-de-natal-e-fim-de-ano-na-paroquia-sao-benedito\/","og_site_name":"Paroquia Sao Benedito","article_published_time":"2025-12-17T18:10:18+00:00","article_modified_time":"2025-12-17T18:23:17+00:00","og_image":[{"url":"https:\/\/sbeneditosalto.com.br\/wp-content\/uploads\/2025\/12\/Natal-2024-SALTO-AVATAR-MENOR-02.gif","width":1000,"height":750,"type":"image\/gif"}],"author":"Jos\u00e9 Carlos Pascoal","twitter_card":"summary_large_image","twitter_misc":{"Written by":"Jos\u00e9 Carlos Pascoal","Est. reading time":"2 minutes"},"schema":{"@context":"https:\/\/schema.org","@graph":[{"@type":"Article","@id":"https:\/\/sbeneditosalto.com.br\/index.php\/2025\/12\/17\/programacao-de-natal-e-fim-de-ano-na-paroquia-sao-benedito\/#article","isPartOf":{"@id":"https:\/\/sbeneditosalto.com.br\/index.php\/2025\/12\/17\/programacao-de-natal-e-fim-de-ano-na-paroquia-sao-benedito\/"},"author":{"name":"Jos\u00e9 Carlos Pascoal","@id":"https:\/\/sbeneditosalto.com.br\/#\/schema\/person\/1937db6430bd13d1242baaed97be0781"},"headline":"PROGRAMA\u00c7\u00c3O DE NATAL E FIM DE ANO NA PAR\u00d3QUIA S\u00c3O BENEDITO","datePublished":"2025-12-17T18:10:18+00:00","dateModified":"2025-12-17T18:23:17+00:00","mainEntityOfPage":{"@id":"https:\/\/sbeneditosalto.com.br\/index.php\/2025\/12\/17\/programacao-de-natal-e-fim-de-ano-na-paroquia-sao-benedito\/"},"wordCount":303,"commentCount":0,"publisher":{"@id":"https:\/\/sbeneditosalto.com.br\/#organization"},"image":{"@id":"https:\/\/sbeneditosalto.com.br\/index.php\/2025\/12\/17\/programacao-de-natal-e-fim-de-ano-na-paroquia-sao-benedito\/#primaryimage"},"thumbnailUrl":"https:\/\/sbeneditosalto.com.br\/wp-content\/uploads\/2025\/12\/Natal-2024-SALTO-AVATAR-MENOR-02.gif","articleSection":["Blog"],"inLanguage":"en-US","potentialAction":[{"@type":"CommentAction","name":"Comment","target":["https:\/\/sbeneditosalto.com.br\/index.php\/2025\/12\/17\/programacao-de-natal-e-fim-de-ano-na-paroquia-sao-benedito\/#respond"]}]},{"@type":"WebPage","@id":"https:\/\/sbeneditosalto.com.br\/index.php\/2025\/12\/17\/programacao-de-natal-e-fim-de-ano-na-paroquia-sao-benedito\/","url":"https:\/\/sbeneditosalto.com.br\/index.php\/2025\/12\/17\/programacao-de-natal-e-fim-de-ano-na-paroquia-sao-benedito\/","name":"PROGRAMA\u00c7\u00c3O DE NATAL E FIM DE ANO NA PAR\u00d3QUIA S\u00c3O BENEDITO - Paroquia Sao Benedito","isPartOf":{"@id":"https:\/\/sbeneditosalto.com.br\/#website"},"primaryImageOfPage":{"@id":"https:\/\/sbeneditosalto.com.br\/index.php\/2025\/12\/17\/programacao-de-natal-e-fim-de-ano-na-paroquia-sao-benedito\/#primaryimage"},"image":{"@id":"https:\/\/sbeneditosalto.com.br\/index.php\/2025\/12\/17\/programacao-de-natal-e-fim-de-ano-na-paroquia-sao-benedito\/#primaryimage"},"thumbnailUrl":"https:\/\/sbeneditosalto.com.br\/wp-content\/uploads\/2025\/12\/Natal-2024-SALTO-AVATAR-MENOR-02.gif","datePublished":"2025-12-17T18:10:18+00:00","dateModified":"2025-12-17T18:23:17+00:00","breadcrumb":{"@id":"https:\/\/sbeneditosalto.com.br\/index.php\/2025\/12\/17\/programacao-de-natal-e-fim-de-ano-na-paroquia-sao-benedito\/#breadcrumb"},"inLanguage":"en-US","potentialAction":[{"@type":"ReadAction","target":["https:\/\/sbeneditosalto.com.br\/index.php\/2025\/12\/17\/programacao-de-natal-e-fim-de-ano-na-paroquia-sao-benedito\/"]}]},{"@type":"ImageObject","inLanguage":"en-US","@id":"https:\/\/sbeneditosalto.com.br\/index.php\/2025\/12\/17\/programacao-de-natal-e-fim-de-ano-na-paroquia-sao-benedito\/#primaryimage","url":"https:\/\/sbeneditosalto.com.br\/wp-content\/uploads\/2025\/12\/Natal-2024-SALTO-AVATAR-MENOR-02.gif","contentUrl":"https:\/\/sbeneditosalto.com.br\/wp-content\/uploads\/2025\/12\/Natal-2024-SALTO-AVATAR-MENOR-02.gif","width":1000,"height":750},{"@type":"BreadcrumbList","@id":"https:\/\/sbeneditosalto.com.br\/index.php\/2025\/12\/17\/programacao-de-natal-e-fim-de-ano-na-paroquia-sao-benedito\/#breadcrumb","itemListElement":[{"@type":"ListItem","position":1,"name":"In\u00edcio","item":"https:\/\/sbeneditosalto.com.br\/"},{"@type":"ListItem","position":2,"name":"PROGRAMA\u00c7\u00c3O DE NATAL E FIM DE ANO NA PAR\u00d3QUIA S\u00c3O BENEDITO"}]},{"@type":"WebSite","@id":"https:\/\/sbeneditosalto.com.br\/#website","url":"https:\/\/sbeneditosalto.com.br\/","name":"Paroquia Sao Benedito","description":"","publisher":{"@id":"https:\/\/sbeneditosalto.com.br\/#organization"},"potentialAction":[{"@type":"SearchAction","target":{"@type":"EntryPoint","urlTemplate":"https:\/\/sbeneditosalto.com.br\/?s={search_term_string}"},"query-input":"required name=search_term_string"}],"inLanguage":"en-US"},{"@type":"Organization","@id":"https:\/\/sbeneditosalto.com.br\/#organization","name":"Paroquia Sao Benedito","url":"https:\/\/sbeneditosalto.com.br\/","logo":{"@type":"ImageObject","inLanguage":"en-US","@id":"https:\/\/sbeneditosalto.com.br\/#\/schema\/logo\/image\/","url":"","contentUrl":"","caption":"Paroquia Sao Benedito"},"image":{"@id":"https:\/\/sbeneditosalto.com.br\/#\/schema\/logo\/image\/"}},{"@type":"Person","@id":"https:\/\/sbeneditosalto.com.br\/#\/schema\/person\/1937db6430bd13d1242baaed97be0781","name":"Jos\u00e9 Carlos Pascoal","image":{"@type":"ImageObject","inLanguage":"en-US","@id":"https:\/\/sbeneditosalto.com.br\/#\/schema\/person\/image\/","url":"https:\/\/secure.gravatar.com\/avatar\/4af6632c766ef45aa6c85f9456f2e79a?s=96&d=mm&r=g","contentUrl":"https:\/\/secure.gravatar.com\/avatar\/4af6632c766ef45aa6c85f9456f2e79a?s=96&d=mm&r=g","caption":"Jos\u00e9 Carlos Pascoal"},"url":"https:\/\/sbeneditosalto.com.br\/index.php\/author\/diaconopascoal\/"}]}},"_links":{"self":[{"href":"https:\/\/sbeneditosalto.com.br\/index.php\/wp-json\/wp\/v2\/posts\/3044"}],"collection":[{"href":"https:\/\/sbeneditosalto.com.br\/index.php\/wp-json\/wp\/v2\/posts"}],"about":[{"href":"https:\/\/sbeneditosalto.com.br\/index.php\/wp-json\/wp\/v2\/types\/post"}],"author":[{"embeddable":true,"href":"https:\/\/sbeneditosalto.com.br\/index.php\/wp-json\/wp\/v2\/users\/2"}],"replies":[{"embeddable":true,"href":"https:\/\/sbeneditosalto.com.br\/index.php\/wp-json\/wp\/v2\/comments?post=3044"}],"version-history":[{"count":1,"href":"https:\/\/sbeneditosalto.com.br\/index.php\/wp-json\/wp\/v2\/posts\/3044\/revisions"}],"predecessor-version":[{"id":3047,"href":"https:\/\/sbeneditosalto.com.br\/index.php\/wp-json\/wp\/v2\/posts\/3044\/revisions\/3047"}],"wp:featuredmedia":[{"embeddable":true,"href":"https:\/\/sbeneditosalto.com.br\/index.php\/wp-json\/wp\/v2\/media\/3048"}],"wp:attachment":[{"href":"https:\/\/sbeneditosalto.com.br\/index.php\/wp-json\/wp\/v2\/media?parent=3044"}],"wp:term":[{"taxonomy":"category","embeddable":true,"href":"https:\/\/sbeneditosalto.com.br\/index.php\/wp-json\/wp\/v2\/categories?post=3044"},{"taxonomy":"post_tag","embeddable":true,"href":"https:\/\/sbeneditosalto.com.br\/index.php\/wp-json\/wp\/v2\/tags?post=3044"}],"curies":[{"name":"wp","href":"https:\/\/api.w.org\/{rel}","templated":true}]}}