{"id":3040,"date":"2025-11-06T11:35:08","date_gmt":"2025-11-06T14:35:08","guid":{"rendered":"https:\/\/sbeneditosalto.com.br\/?p=3040"},"modified":"2025-11-06T11:38:52","modified_gmt":"2025-11-06T14:38:52","slug":"programacao-da-iv-semana-social-sao-benedito","status":"publish","type":"post","link":"https:\/\/sbeneditosalto.com.br\/index.php\/2025\/11\/06\/programacao-da-iv-semana-social-sao-benedito\/","title":{"rendered":"PROGRAMA\u00c7\u00c3O DA IV SEMANA SOCIAL S\u00c3O BENEDITO"},"content":{"rendered":"\n<p>De <strong>10 a 14 de novembro de 2025<\/strong> no <strong>Espa\u00e7o Festivo S\u00e3o Benedito<\/strong><\/p>\n\n\n\n<p>\u2022 <strong>10 de novembro, segunda-feira, \u00e0s 20h:<\/strong> <em>Redes Sociais: seus valores e perigos<\/em> \u2013 Catequeses de Primeira Eucaristia e Crisma, Coroinhas e Ac\u00f3litos, Sementinhas de S\u00e3o Jos\u00e9, Comunidades S\u00e3o Jos\u00e9 Oper\u00e1rio e Santa Teresinha.<\/p>\n\n\n\n<p>\u2022 <strong>11 de novembro, ter\u00e7a-feira, \u00e0s 20h:<\/strong> <em>A viol\u00eancia e os abusos: um olhar de esperan\u00e7a<\/em> \u2013 Pastoral da Pessoa Idosa, Pastoral da Crian\u00e7a, Pastoral do Menor, Pastoral Afro-Brasileira, Pessoas com Defici\u00eancia, Comunidade Santo In\u00e1cio de Loyola.<\/p>\n\n\n\n<p>\u2022 <strong>12 de novembro, quarta-feira, \u00e0s 20h:<\/strong> <em>Sa\u00fade P\u00fablica: direitos e deveres<\/em> \u2013 Pastoral da Sa\u00fade, Agentes de Sa\u00fade, Pastoral da Escuta, Pastoral F\u00e9, Pol\u00edtica e Cidadania, Confer\u00eancias Vicentinas, Comunidade Santa Ana e S\u00e3o Joaquim.<\/p>\n\n\n\n<p>\u2022 <strong>13 de novembro, quinta-feira, \u00e0s 20h:<\/strong> <em>Transtorno do Espectro Autista<\/em> \u2013 Professores, Agentes da Educa\u00e7\u00e3o, Pastoral da Crian\u00e7a, Pastoral do Menor, Coroinhas e Ac\u00f3litos, Ministros Extraordin\u00e1rios da Palavra e da Comunh\u00e3o, Comunidade Matriz.<\/p>\n\n\n\n<p> \u2022 <strong>14 de novembro, sexta-feira, \u00e0s 20h:<\/strong><em>Ecologia Integral<\/em> \u2013 Pastoral F\u00e9, Pol\u00edtica e Cidadania, Koinonia e Solidariedade, Confer\u00eancias Vicentinas, Comunidade Divino.<\/p>\n","protected":false},"excerpt":{"rendered":"<p>De 10 a 14 de novembro de 2025 no Espa\u00e7o Festivo S\u00e3o Benedito \u2022 10 de novembro, segunda-feira, \u00e0s 20h: Redes Sociais: seus valores e perigos \u2013 Catequeses de Primeira Eucaristia e Crisma, Coroinhas e Ac\u00f3litos, Sementinhas de S\u00e3o Jos\u00e9, Comunidades S\u00e3o Jos\u00e9 Oper\u00e1rio e Santa Teresinha. \u2022 11 de novembro, ter\u00e7a-feira, \u00e0s 20h: A [&hellip;]<\/p>\n","protected":false},"author":2,"featured_media":3041,"comment_status":"open","ping_status":"open","sticky":false,"template":"","format":"standard","meta":{"footnotes":""},"categories":[1],"tags":[],"blocksy_meta":"","yoast_head":"<!-- This site is optimized with the Yoast SEO plugin v22.4 - https:\/\/yoast.com\/wordpress\/plugins\/seo\/ -->\n<title>PROGRAMA\u00c7\u00c3O DA IV SEMANA SOCIAL S\u00c3O BENEDITO - Paroquia Sao Benedito<\/title>\n<meta name=\"robots\" content=\"index, follow, max-snippet:-1, max-image-preview:large, max-video-preview:-1\" \/>\n<link rel=\"canonical\" href=\"https:\/\/sbeneditosalto.com.br\/index.php\/2025\/11\/06\/programacao-da-iv-semana-social-sao-benedito\/\" \/>\n<meta property=\"og:locale\" content=\"en_US\" \/>\n<meta property=\"og:type\" content=\"article\" \/>\n<meta property=\"og:title\" content=\"PROGRAMA\u00c7\u00c3O DA IV SEMANA SOCIAL S\u00c3O BENEDITO - Paroquia Sao Benedito\" \/>\n<meta property=\"og:description\" content=\"De 10 a 14 de novembro de 2025 no Espa\u00e7o Festivo S\u00e3o Benedito \u2022 10 de novembro, segunda-feira, \u00e0s 20h: Redes Sociais: seus valores e perigos \u2013 Catequeses de Primeira Eucaristia e Crisma, Coroinhas e Ac\u00f3litos, Sementinhas de S\u00e3o Jos\u00e9, Comunidades S\u00e3o Jos\u00e9 Oper\u00e1rio e Santa Teresinha. \u2022 11 de novembro, ter\u00e7a-feira, \u00e0s 20h: A [&hellip;]\" \/>\n<meta property=\"og:url\" content=\"https:\/\/sbeneditosalto.com.br\/index.php\/2025\/11\/06\/programacao-da-iv-semana-social-sao-benedito\/\" \/>\n<meta property=\"og:site_name\" content=\"Paroquia Sao Benedito\" \/>\n<meta property=\"article:published_time\" content=\"2025-11-06T14:35:08+00:00\" \/>\n<meta property=\"article:modified_time\" content=\"2025-11-06T14:38:52+00:00\" \/>\n<meta property=\"og:image\" content=\"https:\/\/sbeneditosalto.com.br\/wp-content\/uploads\/2025\/11\/SEMANA-DA-CONSCIENCIA-SOCIAL-2025-AVATAR.png\" \/>\n\t<meta property=\"og:image:width\" content=\"1000\" \/>\n\t<meta property=\"og:image:height\" content=\"750\" \/>\n\t<meta property=\"og:image:type\" content=\"image\/png\" \/>\n<meta name=\"author\" content=\"Jos\u00e9 Carlos Pascoal\" \/>\n<meta name=\"twitter:card\" content=\"summary_large_image\" \/>\n<meta name=\"twitter:label1\" content=\"Written by\" \/>\n\t<meta name=\"twitter:data1\" content=\"Jos\u00e9 Carlos Pascoal\" \/>\n\t<meta name=\"twitter:label2\" content=\"Est. reading time\" \/>\n\t<meta name=\"twitter:data2\" content=\"1 minute\" \/>\n<script type=\"application\/ld+json\" class=\"yoast-schema-graph\">{\"@context\":\"https:\/\/schema.org\",\"@graph\":[{\"@type\":\"Article\",\"@id\":\"https:\/\/sbeneditosalto.com.br\/index.php\/2025\/11\/06\/programacao-da-iv-semana-social-sao-benedito\/#article\",\"isPartOf\":{\"@id\":\"https:\/\/sbeneditosalto.com.br\/index.php\/2025\/11\/06\/programacao-da-iv-semana-social-sao-benedito\/\"},\"author\":{\"name\":\"Jos\u00e9 Carlos Pascoal\",\"@id\":\"https:\/\/sbeneditosalto.com.br\/#\/schema\/person\/1937db6430bd13d1242baaed97be0781\"},\"headline\":\"PROGRAMA\u00c7\u00c3O DA IV SEMANA SOCIAL S\u00c3O BENEDITO\",\"datePublished\":\"2025-11-06T14:35:08+00:00\",\"dateModified\":\"2025-11-06T14:38:52+00:00\",\"mainEntityOfPage\":{\"@id\":\"https:\/\/sbeneditosalto.com.br\/index.php\/2025\/11\/06\/programacao-da-iv-semana-social-sao-benedito\/\"},\"wordCount\":192,\"commentCount\":0,\"publisher\":{\"@id\":\"https:\/\/sbeneditosalto.com.br\/#organization\"},\"image\":{\"@id\":\"https:\/\/sbeneditosalto.com.br\/index.php\/2025\/11\/06\/programacao-da-iv-semana-social-sao-benedito\/#primaryimage\"},\"thumbnailUrl\":\"https:\/\/sbeneditosalto.com.br\/wp-content\/uploads\/2025\/11\/SEMANA-DA-CONSCIENCIA-SOCIAL-2025-AVATAR.png\",\"articleSection\":[\"Blog\"],\"inLanguage\":\"en-US\",\"potentialAction\":[{\"@type\":\"CommentAction\",\"name\":\"Comment\",\"target\":[\"https:\/\/sbeneditosalto.com.br\/index.php\/2025\/11\/06\/programacao-da-iv-semana-social-sao-benedito\/#respond\"]}]},{\"@type\":\"WebPage\",\"@id\":\"https:\/\/sbeneditosalto.com.br\/index.php\/2025\/11\/06\/programacao-da-iv-semana-social-sao-benedito\/\",\"url\":\"https:\/\/sbeneditosalto.com.br\/index.php\/2025\/11\/06\/programacao-da-iv-semana-social-sao-benedito\/\",\"name\":\"PROGRAMA\u00c7\u00c3O DA IV SEMANA SOCIAL S\u00c3O BENEDITO - Paroquia Sao Benedito\",\"isPartOf\":{\"@id\":\"https:\/\/sbeneditosalto.com.br\/#website\"},\"primaryImageOfPage\":{\"@id\":\"https:\/\/sbeneditosalto.com.br\/index.php\/2025\/11\/06\/programacao-da-iv-semana-social-sao-benedito\/#primaryimage\"},\"image\":{\"@id\":\"https:\/\/sbeneditosalto.com.br\/index.php\/2025\/11\/06\/programacao-da-iv-semana-social-sao-benedito\/#primaryimage\"},\"thumbnailUrl\":\"https:\/\/sbeneditosalto.com.br\/wp-content\/uploads\/2025\/11\/SEMANA-DA-CONSCIENCIA-SOCIAL-2025-AVATAR.png\",\"datePublished\":\"2025-11-06T14:35:08+00:00\",\"dateModified\":\"2025-11-06T14:38:52+00:00\",\"breadcrumb\":{\"@id\":\"https:\/\/sbeneditosalto.com.br\/index.php\/2025\/11\/06\/programacao-da-iv-semana-social-sao-benedito\/#breadcrumb\"},\"inLanguage\":\"en-US\",\"potentialAction\":[{\"@type\":\"ReadAction\",\"target\":[\"https:\/\/sbeneditosalto.com.br\/index.php\/2025\/11\/06\/programacao-da-iv-semana-social-sao-benedito\/\"]}]},{\"@type\":\"ImageObject\",\"inLanguage\":\"en-US\",\"@id\":\"https:\/\/sbeneditosalto.com.br\/index.php\/2025\/11\/06\/programacao-da-iv-semana-social-sao-benedito\/#primaryimage\",\"url\":\"https:\/\/sbeneditosalto.com.br\/wp-content\/uploads\/2025\/11\/SEMANA-DA-CONSCIENCIA-SOCIAL-2025-AVATAR.png\",\"contentUrl\":\"https:\/\/sbeneditosalto.com.br\/wp-content\/uploads\/2025\/11\/SEMANA-DA-CONSCIENCIA-SOCIAL-2025-AVATAR.png\",\"width\":1000,\"height\":750},{\"@type\":\"BreadcrumbList\",\"@id\":\"https:\/\/sbeneditosalto.com.br\/index.php\/2025\/11\/06\/programacao-da-iv-semana-social-sao-benedito\/#breadcrumb\",\"itemListElement\":[{\"@type\":\"ListItem\",\"position\":1,\"name\":\"In\u00edcio\",\"item\":\"https:\/\/sbeneditosalto.com.br\/\"},{\"@type\":\"ListItem\",\"position\":2,\"name\":\"PROGRAMA\u00c7\u00c3O DA IV SEMANA SOCIAL S\u00c3O BENEDITO\"}]},{\"@type\":\"WebSite\",\"@id\":\"https:\/\/sbeneditosalto.com.br\/#website\",\"url\":\"https:\/\/sbeneditosalto.com.br\/\",\"name\":\"Paroquia Sao Benedito\",\"description\":\"\",\"publisher\":{\"@id\":\"https:\/\/sbeneditosalto.com.br\/#organization\"},\"potentialAction\":[{\"@type\":\"SearchAction\",\"target\":{\"@type\":\"EntryPoint\",\"urlTemplate\":\"https:\/\/sbeneditosalto.com.br\/?s={search_term_string}\"},\"query-input\":\"required name=search_term_string\"}],\"inLanguage\":\"en-US\"},{\"@type\":\"Organization\",\"@id\":\"https:\/\/sbeneditosalto.com.br\/#organization\",\"name\":\"Paroquia Sao Benedito\",\"url\":\"https:\/\/sbeneditosalto.com.br\/\",\"logo\":{\"@type\":\"ImageObject\",\"inLanguage\":\"en-US\",\"@id\":\"https:\/\/sbeneditosalto.com.br\/#\/schema\/logo\/image\/\",\"url\":\"\",\"contentUrl\":\"\",\"caption\":\"Paroquia Sao Benedito\"},\"image\":{\"@id\":\"https:\/\/sbeneditosalto.com.br\/#\/schema\/logo\/image\/\"}},{\"@type\":\"Person\",\"@id\":\"https:\/\/sbeneditosalto.com.br\/#\/schema\/person\/1937db6430bd13d1242baaed97be0781\",\"name\":\"Jos\u00e9 Carlos Pascoal\",\"image\":{\"@type\":\"ImageObject\",\"inLanguage\":\"en-US\",\"@id\":\"https:\/\/sbeneditosalto.com.br\/#\/schema\/person\/image\/\",\"url\":\"https:\/\/secure.gravatar.com\/avatar\/4af6632c766ef45aa6c85f9456f2e79a?s=96&d=mm&r=g\",\"contentUrl\":\"https:\/\/secure.gravatar.com\/avatar\/4af6632c766ef45aa6c85f9456f2e79a?s=96&d=mm&r=g\",\"caption\":\"Jos\u00e9 Carlos Pascoal\"},\"url\":\"https:\/\/sbeneditosalto.com.br\/index.php\/author\/diaconopascoal\/\"}]}<\/script>\n<!-- \/ Yoast SEO plugin. -->","yoast_head_json":{"title":"PROGRAMA\u00c7\u00c3O DA IV SEMANA SOCIAL S\u00c3O BENEDITO - Paroquia Sao Benedito","robots":{"index":"index","follow":"follow","max-snippet":"max-snippet:-1","max-image-preview":"max-image-preview:large","max-video-preview":"max-video-preview:-1"},"canonical":"https:\/\/sbeneditosalto.com.br\/index.php\/2025\/11\/06\/programacao-da-iv-semana-social-sao-benedito\/","og_locale":"en_US","og_type":"article","og_title":"PROGRAMA\u00c7\u00c3O DA IV SEMANA SOCIAL S\u00c3O BENEDITO - Paroquia Sao Benedito","og_description":"De 10 a 14 de novembro de 2025 no Espa\u00e7o Festivo S\u00e3o Benedito \u2022 10 de novembro, segunda-feira, \u00e0s 20h: Redes Sociais: seus valores e perigos \u2013 Catequeses de Primeira Eucaristia e Crisma, Coroinhas e Ac\u00f3litos, Sementinhas de S\u00e3o Jos\u00e9, Comunidades S\u00e3o Jos\u00e9 Oper\u00e1rio e Santa Teresinha. \u2022 11 de novembro, ter\u00e7a-feira, \u00e0s 20h: A [&hellip;]","og_url":"https:\/\/sbeneditosalto.com.br\/index.php\/2025\/11\/06\/programacao-da-iv-semana-social-sao-benedito\/","og_site_name":"Paroquia Sao Benedito","article_published_time":"2025-11-06T14:35:08+00:00","article_modified_time":"2025-11-06T14:38:52+00:00","og_image":[{"width":1000,"height":750,"url":"https:\/\/sbeneditosalto.com.br\/wp-content\/uploads\/2025\/11\/SEMANA-DA-CONSCIENCIA-SOCIAL-2025-AVATAR.png","type":"image\/png"}],"author":"Jos\u00e9 Carlos Pascoal","twitter_card":"summary_large_image","twitter_misc":{"Written by":"Jos\u00e9 Carlos Pascoal","Est. reading time":"1 minute"},"schema":{"@context":"https:\/\/schema.org","@graph":[{"@type":"Article","@id":"https:\/\/sbeneditosalto.com.br\/index.php\/2025\/11\/06\/programacao-da-iv-semana-social-sao-benedito\/#article","isPartOf":{"@id":"https:\/\/sbeneditosalto.com.br\/index.php\/2025\/11\/06\/programacao-da-iv-semana-social-sao-benedito\/"},"author":{"name":"Jos\u00e9 Carlos Pascoal","@id":"https:\/\/sbeneditosalto.com.br\/#\/schema\/person\/1937db6430bd13d1242baaed97be0781"},"headline":"PROGRAMA\u00c7\u00c3O DA IV SEMANA SOCIAL S\u00c3O BENEDITO","datePublished":"2025-11-06T14:35:08+00:00","dateModified":"2025-11-06T14:38:52+00:00","mainEntityOfPage":{"@id":"https:\/\/sbeneditosalto.com.br\/index.php\/2025\/11\/06\/programacao-da-iv-semana-social-sao-benedito\/"},"wordCount":192,"commentCount":0,"publisher":{"@id":"https:\/\/sbeneditosalto.com.br\/#organization"},"image":{"@id":"https:\/\/sbeneditosalto.com.br\/index.php\/2025\/11\/06\/programacao-da-iv-semana-social-sao-benedito\/#primaryimage"},"thumbnailUrl":"https:\/\/sbeneditosalto.com.br\/wp-content\/uploads\/2025\/11\/SEMANA-DA-CONSCIENCIA-SOCIAL-2025-AVATAR.png","articleSection":["Blog"],"inLanguage":"en-US","potentialAction":[{"@type":"CommentAction","name":"Comment","target":["https:\/\/sbeneditosalto.com.br\/index.php\/2025\/11\/06\/programacao-da-iv-semana-social-sao-benedito\/#respond"]}]},{"@type":"WebPage","@id":"https:\/\/sbeneditosalto.com.br\/index.php\/2025\/11\/06\/programacao-da-iv-semana-social-sao-benedito\/","url":"https:\/\/sbeneditosalto.com.br\/index.php\/2025\/11\/06\/programacao-da-iv-semana-social-sao-benedito\/","name":"PROGRAMA\u00c7\u00c3O DA IV SEMANA SOCIAL S\u00c3O BENEDITO - Paroquia Sao Benedito","isPartOf":{"@id":"https:\/\/sbeneditosalto.com.br\/#website"},"primaryImageOfPage":{"@id":"https:\/\/sbeneditosalto.com.br\/index.php\/2025\/11\/06\/programacao-da-iv-semana-social-sao-benedito\/#primaryimage"},"image":{"@id":"https:\/\/sbeneditosalto.com.br\/index.php\/2025\/11\/06\/programacao-da-iv-semana-social-sao-benedito\/#primaryimage"},"thumbnailUrl":"https:\/\/sbeneditosalto.com.br\/wp-content\/uploads\/2025\/11\/SEMANA-DA-CONSCIENCIA-SOCIAL-2025-AVATAR.png","datePublished":"2025-11-06T14:35:08+00:00","dateModified":"2025-11-06T14:38:52+00:00","breadcrumb":{"@id":"https:\/\/sbeneditosalto.com.br\/index.php\/2025\/11\/06\/programacao-da-iv-semana-social-sao-benedito\/#breadcrumb"},"inLanguage":"en-US","potentialAction":[{"@type":"ReadAction","target":["https:\/\/sbeneditosalto.com.br\/index.php\/2025\/11\/06\/programacao-da-iv-semana-social-sao-benedito\/"]}]},{"@type":"ImageObject","inLanguage":"en-US","@id":"https:\/\/sbeneditosalto.com.br\/index.php\/2025\/11\/06\/programacao-da-iv-semana-social-sao-benedito\/#primaryimage","url":"https:\/\/sbeneditosalto.com.br\/wp-content\/uploads\/2025\/11\/SEMANA-DA-CONSCIENCIA-SOCIAL-2025-AVATAR.png","contentUrl":"https:\/\/sbeneditosalto.com.br\/wp-content\/uploads\/2025\/11\/SEMANA-DA-CONSCIENCIA-SOCIAL-2025-AVATAR.png","width":1000,"height":750},{"@type":"BreadcrumbList","@id":"https:\/\/sbeneditosalto.com.br\/index.php\/2025\/11\/06\/programacao-da-iv-semana-social-sao-benedito\/#breadcrumb","itemListElement":[{"@type":"ListItem","position":1,"name":"In\u00edcio","item":"https:\/\/sbeneditosalto.com.br\/"},{"@type":"ListItem","position":2,"name":"PROGRAMA\u00c7\u00c3O DA IV SEMANA SOCIAL S\u00c3O BENEDITO"}]},{"@type":"WebSite","@id":"https:\/\/sbeneditosalto.com.br\/#website","url":"https:\/\/sbeneditosalto.com.br\/","name":"Paroquia Sao Benedito","description":"","publisher":{"@id":"https:\/\/sbeneditosalto.com.br\/#organization"},"potentialAction":[{"@type":"SearchAction","target":{"@type":"EntryPoint","urlTemplate":"https:\/\/sbeneditosalto.com.br\/?s={search_term_string}"},"query-input":"required name=search_term_string"}],"inLanguage":"en-US"},{"@type":"Organization","@id":"https:\/\/sbeneditosalto.com.br\/#organization","name":"Paroquia Sao Benedito","url":"https:\/\/sbeneditosalto.com.br\/","logo":{"@type":"ImageObject","inLanguage":"en-US","@id":"https:\/\/sbeneditosalto.com.br\/#\/schema\/logo\/image\/","url":"","contentUrl":"","caption":"Paroquia Sao Benedito"},"image":{"@id":"https:\/\/sbeneditosalto.com.br\/#\/schema\/logo\/image\/"}},{"@type":"Person","@id":"https:\/\/sbeneditosalto.com.br\/#\/schema\/person\/1937db6430bd13d1242baaed97be0781","name":"Jos\u00e9 Carlos Pascoal","image":{"@type":"ImageObject","inLanguage":"en-US","@id":"https:\/\/sbeneditosalto.com.br\/#\/schema\/person\/image\/","url":"https:\/\/secure.gravatar.com\/avatar\/4af6632c766ef45aa6c85f9456f2e79a?s=96&d=mm&r=g","contentUrl":"https:\/\/secure.gravatar.com\/avatar\/4af6632c766ef45aa6c85f9456f2e79a?s=96&d=mm&r=g","caption":"Jos\u00e9 Carlos Pascoal"},"url":"https:\/\/sbeneditosalto.com.br\/index.php\/author\/diaconopascoal\/"}]}},"_links":{"self":[{"href":"https:\/\/sbeneditosalto.com.br\/index.php\/wp-json\/wp\/v2\/posts\/3040"}],"collection":[{"href":"https:\/\/sbeneditosalto.com.br\/index.php\/wp-json\/wp\/v2\/posts"}],"about":[{"href":"https:\/\/sbeneditosalto.com.br\/index.php\/wp-json\/wp\/v2\/types\/post"}],"author":[{"embeddable":true,"href":"https:\/\/sbeneditosalto.com.br\/index.php\/wp-json\/wp\/v2\/users\/2"}],"replies":[{"embeddable":true,"href":"https:\/\/sbeneditosalto.com.br\/index.php\/wp-json\/wp\/v2\/comments?post=3040"}],"version-history":[{"count":2,"href":"https:\/\/sbeneditosalto.com.br\/index.php\/wp-json\/wp\/v2\/posts\/3040\/revisions"}],"predecessor-version":[{"id":3043,"href":"https:\/\/sbeneditosalto.com.br\/index.php\/wp-json\/wp\/v2\/posts\/3040\/revisions\/3043"}],"wp:featuredmedia":[{"embeddable":true,"href":"https:\/\/sbeneditosalto.com.br\/index.php\/wp-json\/wp\/v2\/media\/3041"}],"wp:attachment":[{"href":"https:\/\/sbeneditosalto.com.br\/index.php\/wp-json\/wp\/v2\/media?parent=3040"}],"wp:term":[{"taxonomy":"category","embeddable":true,"href":"https:\/\/sbeneditosalto.com.br\/index.php\/wp-json\/wp\/v2\/categories?post=3040"},{"taxonomy":"post_tag","embeddable":true,"href":"https:\/\/sbeneditosalto.com.br\/index.php\/wp-json\/wp\/v2\/tags?post=3040"}],"curies":[{"name":"wp","href":"https:\/\/api.w.org\/{rel}","templated":true}]}}