{"id":2999,"date":"2025-09-26T23:24:41","date_gmt":"2025-09-27T02:24:41","guid":{"rendered":"https:\/\/sbeneditosalto.com.br\/?p=2999"},"modified":"2025-09-27T00:20:30","modified_gmt":"2025-09-27T03:20:30","slug":"58a-festa-de-sao-benedito-programacao","status":"publish","type":"post","link":"https:\/\/sbeneditosalto.com.br\/index.php\/2025\/09\/26\/58a-festa-de-sao-benedito-programacao\/","title":{"rendered":"58\u00aa FESTA DE S\u00c3O BENEDITO (PROGRAMA\u00c7\u00c3O)"},"content":{"rendered":"\n<blockquote class=\"wp-block-quote\">\n<p><em>&#8220;Celebrando 500 anos de seu nascimento, vivendo como peregrinos de esperan\u00e7a&#8221;<\/em><\/p>\n<\/blockquote>\n\n\n\n<p><strong>SETENA PREPARAT\u00d3RIA NA MATRIZ S\u00c3O BENEDITO<\/strong><\/p>\n\n\n\n<ul>\n<li><strong>28 de setembro, domingo:<\/strong><ul><li>Missa \u00e0s 07h, presidida pelo p\u00e1roco Padre Carlos Marchesani, sendo convidada a Sociedade S\u00e3o Vicente de Paulo;<\/li><\/ul><ul><li>Missa \u00e0s 08h30, presidida pelo Padre Carlos Marchesani, sendo convidado o Apostolado da Ora\u00e7\u00e3o;<\/li><\/ul><ul><li>Missa \u00e0s 10h, presidida pelo Padre Carlos Marchesani, sendo convidada a Catequese da Crisma;<\/li><\/ul>\n<ul>\n<li>Missa \u00e0s 18h30, presidida pelo Padre Carlos Marchesani, sendo convidadas as Comunidades 03, 04, 05, 06 e 07 do Caminho Neocatecumenal.<\/li>\n<\/ul>\n<\/li>\n\n\n\n<li><strong>29 de setembro, segunda-feira, 19h30:<\/strong><br>Missa presidida pelo Padre Douglas Soares, da Comunidade Alian\u00e7a de Miseric\u00f3rdia, sendo convidadas a Comunidade Divino Esp\u00edrito Santo e a Renova\u00e7\u00e3o Carism\u00e1tica Cat\u00f3lica.<\/li>\n\n\n\n<li><strong>30 de setembro, ter\u00e7a-feira, 19h30:<\/strong><br>Missa presidida pelo Padre Felipe Elias da Costa, da Par\u00f3quia S\u00e3o Pedro de Santana de Parna\u00edba, sendo convidados a Comunidade Santo In\u00e1cio de Loyola e o Movimento de Schoenstatt.<\/li>\n\n\n\n<li><strong>1\u00ba de outubro, quarta-feira, 19h30:<\/strong><br>Missa presidida pelo Padre Leonardo Daniel de Oliveira, da Par\u00f3quia S\u00e3o Jo\u00e3o Bosco, de Jundia\u00ed, sendo convidadas a Comunidade Santa Ana e S\u00e3o Joaquim e os Movimentos das M\u00e3es que Oram pelos Filhos e Sacerdotal Mariano.<\/li>\n\n\n\n<li><strong>02 de outubro, quinta-feira, 19h30:<\/strong><br>Missa presidida pelo Padre Carlos Henrique Mattos, da Par\u00f3quia S\u00e3o Sebasti\u00e3o de Itupeva, sendo convidados a Comunidade S\u00e3o Jos\u00e9 Oper\u00e1rio, a Catequese de Primeira Comunh\u00e3o e o Movimento &#8220;Sementinhas de S\u00e3o Jos\u00e9&#8221;.<\/li>\n\n\n\n<li><strong>03 de outubro, sexta-feira, 19h30:<\/strong><br>Missa presidida pelo Padre Carlos Aparecido Marchesani, sendo convidadas a Comunidade Santa Teresinha, Comunidades 01 e 02 do Caminho Neocatecumenal e a Pastoral do D\u00edzimo.<\/li>\n\n\n\n<li><strong>04 de outubro, s\u00e1bado:<\/strong><ul><li>Missa \u00e0s 09h, presidida pelo Padre Carlos Marchesani, sendo convidadas as Pastorais da Sa\u00fade, da Crian\u00e7a, da Moradia, Afro-brasileira, F\u00e9, Pol\u00edtica e Cidadania e do Menor;<\/li><\/ul>\n<ul>\n<li>Missa \u00e0s 18h, presidida pelo Padre Carlos Marchesani, sendo convidadas as Comunidades 08, 09, 10, 11, 12 e 13 do Caminho Neocatecumenal.<\/li>\n<\/ul>\n<\/li>\n<\/ul>\n\n\n\n<p><strong>FESTA DE S\u00c3O BENEDITO<\/strong><\/p>\n\n\n\n<ul>\n<li><strong>05 de outubro, domingo, dia da Festa de S\u00e3o Benedito:<\/strong><ul><li>Missa \u00e0s 07h, presidida pelo p\u00e1roco Padre Carlos Marchesani, sendo convidadas as Pastorais do Batismo e Matrimonial;<\/li><\/ul><ul><li>Missa \u00e0s 08h30, presidida pelo Padre Carlos Marchesani, sendo convidadas as Pastorais da Liturgia, da Comunica\u00e7\u00e3o Social, dos Coroinhas e Ac\u00f3litos e da Pessoa Idosa;<\/li><\/ul>\n<ul>\n<li>Missa \u00e0s 10h, presidida pelo Padre Carlos Marchesani, sendo convidada a Catequese de Adultos;<\/li>\n\n\n\n<li>Missa \u00e0s 17h, com prociss\u00e3o pelas ruas do entorno da Matriz S\u00e3o Benedito, presidida pelo Padre Carlos Marchesani, sendo convidados todos os Movimentos, Pastorais, Catequeses e fi\u00e9is de toda a Par\u00f3quia.<\/li>\n<\/ul>\n<\/li>\n<\/ul>\n\n\n\n<p><strong>OUTROS EVENTOS DA FESTA DE S\u00c3O BENEDIT<\/strong>O:<\/p>\n\n\n\n<figure class=\"wp-block-gallery has-nested-images columns-default is-cropped wp-block-gallery-1 is-layout-flex wp-block-gallery-is-layout-flex\">\n<figure class=\"wp-block-image size-large\"><a href=\"https:\/\/sbeneditosalto.com.br\/wp-content\/uploads\/2025\/09\/SHOW-DE-PREMIOS-PADROEIRO-1080X1920-2025.png\"><img decoding=\"async\" loading=\"lazy\" width=\"576\" height=\"1024\" data-id=\"3018\" src=\"https:\/\/sbeneditosalto.com.br\/wp-content\/uploads\/2025\/09\/SHOW-DE-PREMIOS-PADROEIRO-1080X1920-2025-576x1024.png\" alt=\"\" class=\"wp-image-3018\" srcset=\"https:\/\/sbeneditosalto.com.br\/wp-content\/uploads\/2025\/09\/SHOW-DE-PREMIOS-PADROEIRO-1080X1920-2025-576x1024.png 576w, https:\/\/sbeneditosalto.com.br\/wp-content\/uploads\/2025\/09\/SHOW-DE-PREMIOS-PADROEIRO-1080X1920-2025-169x300.png 169w, https:\/\/sbeneditosalto.com.br\/wp-content\/uploads\/2025\/09\/SHOW-DE-PREMIOS-PADROEIRO-1080X1920-2025-768x1365.png 768w, https:\/\/sbeneditosalto.com.br\/wp-content\/uploads\/2025\/09\/SHOW-DE-PREMIOS-PADROEIRO-1080X1920-2025-864x1536.png 864w, https:\/\/sbeneditosalto.com.br\/wp-content\/uploads\/2025\/09\/SHOW-DE-PREMIOS-PADROEIRO-1080X1920-2025.png 1080w\" sizes=\"(max-width: 576px) 100vw, 576px\" \/><\/a><\/figure>\n\n\n\n<figure class=\"wp-block-image size-large\"><a href=\"https:\/\/sbeneditosalto.com.br\/wp-content\/uploads\/2025\/09\/PASSEIO-CICL\u00b4SSTICO-1080X1920-QRCODE.png\"><img decoding=\"async\" loading=\"lazy\" width=\"576\" height=\"1024\" data-id=\"3009\" src=\"https:\/\/sbeneditosalto.com.br\/wp-content\/uploads\/2025\/09\/PASSEIO-CICL\u00b4SSTICO-1080X1920-QRCODE-576x1024.png\" alt=\"\" class=\"wp-image-3009\" srcset=\"https:\/\/sbeneditosalto.com.br\/wp-content\/uploads\/2025\/09\/PASSEIO-CICL\u00b4SSTICO-1080X1920-QRCODE-576x1024.png 576w, https:\/\/sbeneditosalto.com.br\/wp-content\/uploads\/2025\/09\/PASSEIO-CICL\u00b4SSTICO-1080X1920-QRCODE-169x300.png 169w, https:\/\/sbeneditosalto.com.br\/wp-content\/uploads\/2025\/09\/PASSEIO-CICL\u00b4SSTICO-1080X1920-QRCODE-768x1365.png 768w, https:\/\/sbeneditosalto.com.br\/wp-content\/uploads\/2025\/09\/PASSEIO-CICL\u00b4SSTICO-1080X1920-QRCODE-864x1536.png 864w, https:\/\/sbeneditosalto.com.br\/wp-content\/uploads\/2025\/09\/PASSEIO-CICL\u00b4SSTICO-1080X1920-QRCODE.png 1080w\" sizes=\"(max-width: 576px) 100vw, 576px\" \/><\/a><\/figure>\n\n\n\n<figure class=\"wp-block-image size-large\"><a href=\"https:\/\/sbeneditosalto.com.br\/wp-content\/uploads\/2025\/08\/COSTELA-A-BAFO-01.png\"><img decoding=\"async\" loading=\"lazy\" width=\"576\" height=\"1024\" data-id=\"2948\" src=\"https:\/\/sbeneditosalto.com.br\/wp-content\/uploads\/2025\/08\/COSTELA-A-BAFO-01-576x1024.png\" alt=\"\" class=\"wp-image-2948\" srcset=\"https:\/\/sbeneditosalto.com.br\/wp-content\/uploads\/2025\/08\/COSTELA-A-BAFO-01-576x1024.png 576w, https:\/\/sbeneditosalto.com.br\/wp-content\/uploads\/2025\/08\/COSTELA-A-BAFO-01-169x300.png 169w, https:\/\/sbeneditosalto.com.br\/wp-content\/uploads\/2025\/08\/COSTELA-A-BAFO-01-768x1365.png 768w, https:\/\/sbeneditosalto.com.br\/wp-content\/uploads\/2025\/08\/COSTELA-A-BAFO-01-864x1536.png 864w, https:\/\/sbeneditosalto.com.br\/wp-content\/uploads\/2025\/08\/COSTELA-A-BAFO-01.png 1080w\" sizes=\"(max-width: 576px) 100vw, 576px\" \/><\/a><\/figure>\n<\/figure>\n","protected":false},"excerpt":{"rendered":"<p>&#8220;Celebrando 500 anos de seu nascimento, vivendo como peregrinos de esperan\u00e7a&#8221; SETENA PREPARAT\u00d3RIA NA MATRIZ S\u00c3O BENEDITO FESTA DE S\u00c3O BENEDITO OUTROS EVENTOS DA FESTA DE S\u00c3O BENEDITO:<\/p>\n","protected":false},"author":2,"featured_media":3000,"comment_status":"open","ping_status":"open","sticky":false,"template":"","format":"standard","meta":{"footnotes":""},"categories":[1],"tags":[],"blocksy_meta":"","yoast_head":"<!-- This site is optimized with the Yoast SEO plugin v22.4 - https:\/\/yoast.com\/wordpress\/plugins\/seo\/ -->\n<title>58\u00aa FESTA DE S\u00c3O BENEDITO (PROGRAMA\u00c7\u00c3O) - Paroquia Sao Benedito<\/title>\n<meta name=\"robots\" content=\"index, follow, max-snippet:-1, max-image-preview:large, max-video-preview:-1\" \/>\n<link rel=\"canonical\" href=\"https:\/\/sbeneditosalto.com.br\/index.php\/2025\/09\/26\/58a-festa-de-sao-benedito-programacao\/\" \/>\n<meta property=\"og:locale\" content=\"en_US\" \/>\n<meta property=\"og:type\" content=\"article\" \/>\n<meta property=\"og:title\" content=\"58\u00aa FESTA DE S\u00c3O BENEDITO (PROGRAMA\u00c7\u00c3O) - Paroquia Sao Benedito\" \/>\n<meta property=\"og:description\" content=\"&#8220;Celebrando 500 anos de seu nascimento, vivendo como peregrinos de esperan\u00e7a&#8221; SETENA PREPARAT\u00d3RIA NA MATRIZ S\u00c3O BENEDITO FESTA DE S\u00c3O BENEDITO OUTROS EVENTOS DA FESTA DE S\u00c3O BENEDITO:\" \/>\n<meta property=\"og:url\" content=\"https:\/\/sbeneditosalto.com.br\/index.php\/2025\/09\/26\/58a-festa-de-sao-benedito-programacao\/\" \/>\n<meta property=\"og:site_name\" content=\"Paroquia Sao Benedito\" \/>\n<meta property=\"article:published_time\" content=\"2025-09-27T02:24:41+00:00\" \/>\n<meta property=\"article:modified_time\" content=\"2025-09-27T03:20:30+00:00\" \/>\n<meta property=\"og:image\" content=\"https:\/\/sbeneditosalto.com.br\/wp-content\/uploads\/2025\/09\/FESTA-DE-SAO-BENEDITO-AVATAR-2025.png\" \/>\n\t<meta property=\"og:image:width\" content=\"1000\" \/>\n\t<meta property=\"og:image:height\" content=\"750\" \/>\n\t<meta property=\"og:image:type\" content=\"image\/png\" \/>\n<meta name=\"author\" content=\"Jos\u00e9 Carlos Pascoal\" \/>\n<meta name=\"twitter:card\" content=\"summary_large_image\" \/>\n<meta name=\"twitter:label1\" content=\"Written by\" \/>\n\t<meta name=\"twitter:data1\" content=\"Jos\u00e9 Carlos Pascoal\" \/>\n\t<meta name=\"twitter:label2\" content=\"Est. reading time\" \/>\n\t<meta name=\"twitter:data2\" content=\"3 minutes\" \/>\n<script type=\"application\/ld+json\" class=\"yoast-schema-graph\">{\"@context\":\"https:\/\/schema.org\",\"@graph\":[{\"@type\":\"Article\",\"@id\":\"https:\/\/sbeneditosalto.com.br\/index.php\/2025\/09\/26\/58a-festa-de-sao-benedito-programacao\/#article\",\"isPartOf\":{\"@id\":\"https:\/\/sbeneditosalto.com.br\/index.php\/2025\/09\/26\/58a-festa-de-sao-benedito-programacao\/\"},\"author\":{\"name\":\"Jos\u00e9 Carlos Pascoal\",\"@id\":\"https:\/\/sbeneditosalto.com.br\/#\/schema\/person\/1937db6430bd13d1242baaed97be0781\"},\"headline\":\"58\u00aa FESTA DE S\u00c3O BENEDITO (PROGRAMA\u00c7\u00c3O)\",\"datePublished\":\"2025-09-27T02:24:41+00:00\",\"dateModified\":\"2025-09-27T03:20:30+00:00\",\"mainEntityOfPage\":{\"@id\":\"https:\/\/sbeneditosalto.com.br\/index.php\/2025\/09\/26\/58a-festa-de-sao-benedito-programacao\/\"},\"wordCount\":446,\"commentCount\":0,\"publisher\":{\"@id\":\"https:\/\/sbeneditosalto.com.br\/#organization\"},\"image\":{\"@id\":\"https:\/\/sbeneditosalto.com.br\/index.php\/2025\/09\/26\/58a-festa-de-sao-benedito-programacao\/#primaryimage\"},\"thumbnailUrl\":\"https:\/\/sbeneditosalto.com.br\/wp-content\/uploads\/2025\/09\/FESTA-DE-SAO-BENEDITO-AVATAR-2025.png\",\"articleSection\":[\"Blog\"],\"inLanguage\":\"en-US\",\"potentialAction\":[{\"@type\":\"CommentAction\",\"name\":\"Comment\",\"target\":[\"https:\/\/sbeneditosalto.com.br\/index.php\/2025\/09\/26\/58a-festa-de-sao-benedito-programacao\/#respond\"]}]},{\"@type\":\"WebPage\",\"@id\":\"https:\/\/sbeneditosalto.com.br\/index.php\/2025\/09\/26\/58a-festa-de-sao-benedito-programacao\/\",\"url\":\"https:\/\/sbeneditosalto.com.br\/index.php\/2025\/09\/26\/58a-festa-de-sao-benedito-programacao\/\",\"name\":\"58\u00aa FESTA DE S\u00c3O BENEDITO (PROGRAMA\u00c7\u00c3O) - Paroquia Sao Benedito\",\"isPartOf\":{\"@id\":\"https:\/\/sbeneditosalto.com.br\/#website\"},\"primaryImageOfPage\":{\"@id\":\"https:\/\/sbeneditosalto.com.br\/index.php\/2025\/09\/26\/58a-festa-de-sao-benedito-programacao\/#primaryimage\"},\"image\":{\"@id\":\"https:\/\/sbeneditosalto.com.br\/index.php\/2025\/09\/26\/58a-festa-de-sao-benedito-programacao\/#primaryimage\"},\"thumbnailUrl\":\"https:\/\/sbeneditosalto.com.br\/wp-content\/uploads\/2025\/09\/FESTA-DE-SAO-BENEDITO-AVATAR-2025.png\",\"datePublished\":\"2025-09-27T02:24:41+00:00\",\"dateModified\":\"2025-09-27T03:20:30+00:00\",\"breadcrumb\":{\"@id\":\"https:\/\/sbeneditosalto.com.br\/index.php\/2025\/09\/26\/58a-festa-de-sao-benedito-programacao\/#breadcrumb\"},\"inLanguage\":\"en-US\",\"potentialAction\":[{\"@type\":\"ReadAction\",\"target\":[\"https:\/\/sbeneditosalto.com.br\/index.php\/2025\/09\/26\/58a-festa-de-sao-benedito-programacao\/\"]}]},{\"@type\":\"ImageObject\",\"inLanguage\":\"en-US\",\"@id\":\"https:\/\/sbeneditosalto.com.br\/index.php\/2025\/09\/26\/58a-festa-de-sao-benedito-programacao\/#primaryimage\",\"url\":\"https:\/\/sbeneditosalto.com.br\/wp-content\/uploads\/2025\/09\/FESTA-DE-SAO-BENEDITO-AVATAR-2025.png\",\"contentUrl\":\"https:\/\/sbeneditosalto.com.br\/wp-content\/uploads\/2025\/09\/FESTA-DE-SAO-BENEDITO-AVATAR-2025.png\",\"width\":1000,\"height\":750},{\"@type\":\"BreadcrumbList\",\"@id\":\"https:\/\/sbeneditosalto.com.br\/index.php\/2025\/09\/26\/58a-festa-de-sao-benedito-programacao\/#breadcrumb\",\"itemListElement\":[{\"@type\":\"ListItem\",\"position\":1,\"name\":\"In\u00edcio\",\"item\":\"https:\/\/sbeneditosalto.com.br\/\"},{\"@type\":\"ListItem\",\"position\":2,\"name\":\"58\u00aa FESTA DE S\u00c3O BENEDITO (PROGRAMA\u00c7\u00c3O)\"}]},{\"@type\":\"WebSite\",\"@id\":\"https:\/\/sbeneditosalto.com.br\/#website\",\"url\":\"https:\/\/sbeneditosalto.com.br\/\",\"name\":\"Paroquia Sao Benedito\",\"description\":\"\",\"publisher\":{\"@id\":\"https:\/\/sbeneditosalto.com.br\/#organization\"},\"potentialAction\":[{\"@type\":\"SearchAction\",\"target\":{\"@type\":\"EntryPoint\",\"urlTemplate\":\"https:\/\/sbeneditosalto.com.br\/?s={search_term_string}\"},\"query-input\":\"required name=search_term_string\"}],\"inLanguage\":\"en-US\"},{\"@type\":\"Organization\",\"@id\":\"https:\/\/sbeneditosalto.com.br\/#organization\",\"name\":\"Paroquia Sao Benedito\",\"url\":\"https:\/\/sbeneditosalto.com.br\/\",\"logo\":{\"@type\":\"ImageObject\",\"inLanguage\":\"en-US\",\"@id\":\"https:\/\/sbeneditosalto.com.br\/#\/schema\/logo\/image\/\",\"url\":\"\",\"contentUrl\":\"\",\"caption\":\"Paroquia Sao Benedito\"},\"image\":{\"@id\":\"https:\/\/sbeneditosalto.com.br\/#\/schema\/logo\/image\/\"}},{\"@type\":\"Person\",\"@id\":\"https:\/\/sbeneditosalto.com.br\/#\/schema\/person\/1937db6430bd13d1242baaed97be0781\",\"name\":\"Jos\u00e9 Carlos Pascoal\",\"image\":{\"@type\":\"ImageObject\",\"inLanguage\":\"en-US\",\"@id\":\"https:\/\/sbeneditosalto.com.br\/#\/schema\/person\/image\/\",\"url\":\"https:\/\/secure.gravatar.com\/avatar\/4af6632c766ef45aa6c85f9456f2e79a?s=96&d=mm&r=g\",\"contentUrl\":\"https:\/\/secure.gravatar.com\/avatar\/4af6632c766ef45aa6c85f9456f2e79a?s=96&d=mm&r=g\",\"caption\":\"Jos\u00e9 Carlos Pascoal\"},\"url\":\"https:\/\/sbeneditosalto.com.br\/index.php\/author\/diaconopascoal\/\"}]}<\/script>\n<!-- \/ Yoast SEO plugin. -->","yoast_head_json":{"title":"58\u00aa FESTA DE S\u00c3O BENEDITO (PROGRAMA\u00c7\u00c3O) - Paroquia Sao Benedito","robots":{"index":"index","follow":"follow","max-snippet":"max-snippet:-1","max-image-preview":"max-image-preview:large","max-video-preview":"max-video-preview:-1"},"canonical":"https:\/\/sbeneditosalto.com.br\/index.php\/2025\/09\/26\/58a-festa-de-sao-benedito-programacao\/","og_locale":"en_US","og_type":"article","og_title":"58\u00aa FESTA DE S\u00c3O BENEDITO (PROGRAMA\u00c7\u00c3O) - Paroquia Sao Benedito","og_description":"&#8220;Celebrando 500 anos de seu nascimento, vivendo como peregrinos de esperan\u00e7a&#8221; SETENA PREPARAT\u00d3RIA NA MATRIZ S\u00c3O BENEDITO FESTA DE S\u00c3O BENEDITO OUTROS EVENTOS DA FESTA DE S\u00c3O BENEDITO:","og_url":"https:\/\/sbeneditosalto.com.br\/index.php\/2025\/09\/26\/58a-festa-de-sao-benedito-programacao\/","og_site_name":"Paroquia Sao Benedito","article_published_time":"2025-09-27T02:24:41+00:00","article_modified_time":"2025-09-27T03:20:30+00:00","og_image":[{"width":1000,"height":750,"url":"https:\/\/sbeneditosalto.com.br\/wp-content\/uploads\/2025\/09\/FESTA-DE-SAO-BENEDITO-AVATAR-2025.png","type":"image\/png"}],"author":"Jos\u00e9 Carlos Pascoal","twitter_card":"summary_large_image","twitter_misc":{"Written by":"Jos\u00e9 Carlos Pascoal","Est. reading time":"3 minutes"},"schema":{"@context":"https:\/\/schema.org","@graph":[{"@type":"Article","@id":"https:\/\/sbeneditosalto.com.br\/index.php\/2025\/09\/26\/58a-festa-de-sao-benedito-programacao\/#article","isPartOf":{"@id":"https:\/\/sbeneditosalto.com.br\/index.php\/2025\/09\/26\/58a-festa-de-sao-benedito-programacao\/"},"author":{"name":"Jos\u00e9 Carlos Pascoal","@id":"https:\/\/sbeneditosalto.com.br\/#\/schema\/person\/1937db6430bd13d1242baaed97be0781"},"headline":"58\u00aa FESTA DE S\u00c3O BENEDITO (PROGRAMA\u00c7\u00c3O)","datePublished":"2025-09-27T02:24:41+00:00","dateModified":"2025-09-27T03:20:30+00:00","mainEntityOfPage":{"@id":"https:\/\/sbeneditosalto.com.br\/index.php\/2025\/09\/26\/58a-festa-de-sao-benedito-programacao\/"},"wordCount":446,"commentCount":0,"publisher":{"@id":"https:\/\/sbeneditosalto.com.br\/#organization"},"image":{"@id":"https:\/\/sbeneditosalto.com.br\/index.php\/2025\/09\/26\/58a-festa-de-sao-benedito-programacao\/#primaryimage"},"thumbnailUrl":"https:\/\/sbeneditosalto.com.br\/wp-content\/uploads\/2025\/09\/FESTA-DE-SAO-BENEDITO-AVATAR-2025.png","articleSection":["Blog"],"inLanguage":"en-US","potentialAction":[{"@type":"CommentAction","name":"Comment","target":["https:\/\/sbeneditosalto.com.br\/index.php\/2025\/09\/26\/58a-festa-de-sao-benedito-programacao\/#respond"]}]},{"@type":"WebPage","@id":"https:\/\/sbeneditosalto.com.br\/index.php\/2025\/09\/26\/58a-festa-de-sao-benedito-programacao\/","url":"https:\/\/sbeneditosalto.com.br\/index.php\/2025\/09\/26\/58a-festa-de-sao-benedito-programacao\/","name":"58\u00aa FESTA DE S\u00c3O BENEDITO (PROGRAMA\u00c7\u00c3O) - Paroquia Sao Benedito","isPartOf":{"@id":"https:\/\/sbeneditosalto.com.br\/#website"},"primaryImageOfPage":{"@id":"https:\/\/sbeneditosalto.com.br\/index.php\/2025\/09\/26\/58a-festa-de-sao-benedito-programacao\/#primaryimage"},"image":{"@id":"https:\/\/sbeneditosalto.com.br\/index.php\/2025\/09\/26\/58a-festa-de-sao-benedito-programacao\/#primaryimage"},"thumbnailUrl":"https:\/\/sbeneditosalto.com.br\/wp-content\/uploads\/2025\/09\/FESTA-DE-SAO-BENEDITO-AVATAR-2025.png","datePublished":"2025-09-27T02:24:41+00:00","dateModified":"2025-09-27T03:20:30+00:00","breadcrumb":{"@id":"https:\/\/sbeneditosalto.com.br\/index.php\/2025\/09\/26\/58a-festa-de-sao-benedito-programacao\/#breadcrumb"},"inLanguage":"en-US","potentialAction":[{"@type":"ReadAction","target":["https:\/\/sbeneditosalto.com.br\/index.php\/2025\/09\/26\/58a-festa-de-sao-benedito-programacao\/"]}]},{"@type":"ImageObject","inLanguage":"en-US","@id":"https:\/\/sbeneditosalto.com.br\/index.php\/2025\/09\/26\/58a-festa-de-sao-benedito-programacao\/#primaryimage","url":"https:\/\/sbeneditosalto.com.br\/wp-content\/uploads\/2025\/09\/FESTA-DE-SAO-BENEDITO-AVATAR-2025.png","contentUrl":"https:\/\/sbeneditosalto.com.br\/wp-content\/uploads\/2025\/09\/FESTA-DE-SAO-BENEDITO-AVATAR-2025.png","width":1000,"height":750},{"@type":"BreadcrumbList","@id":"https:\/\/sbeneditosalto.com.br\/index.php\/2025\/09\/26\/58a-festa-de-sao-benedito-programacao\/#breadcrumb","itemListElement":[{"@type":"ListItem","position":1,"name":"In\u00edcio","item":"https:\/\/sbeneditosalto.com.br\/"},{"@type":"ListItem","position":2,"name":"58\u00aa FESTA DE S\u00c3O BENEDITO (PROGRAMA\u00c7\u00c3O)"}]},{"@type":"WebSite","@id":"https:\/\/sbeneditosalto.com.br\/#website","url":"https:\/\/sbeneditosalto.com.br\/","name":"Paroquia Sao Benedito","description":"","publisher":{"@id":"https:\/\/sbeneditosalto.com.br\/#organization"},"potentialAction":[{"@type":"SearchAction","target":{"@type":"EntryPoint","urlTemplate":"https:\/\/sbeneditosalto.com.br\/?s={search_term_string}"},"query-input":"required name=search_term_string"}],"inLanguage":"en-US"},{"@type":"Organization","@id":"https:\/\/sbeneditosalto.com.br\/#organization","name":"Paroquia Sao Benedito","url":"https:\/\/sbeneditosalto.com.br\/","logo":{"@type":"ImageObject","inLanguage":"en-US","@id":"https:\/\/sbeneditosalto.com.br\/#\/schema\/logo\/image\/","url":"","contentUrl":"","caption":"Paroquia Sao Benedito"},"image":{"@id":"https:\/\/sbeneditosalto.com.br\/#\/schema\/logo\/image\/"}},{"@type":"Person","@id":"https:\/\/sbeneditosalto.com.br\/#\/schema\/person\/1937db6430bd13d1242baaed97be0781","name":"Jos\u00e9 Carlos Pascoal","image":{"@type":"ImageObject","inLanguage":"en-US","@id":"https:\/\/sbeneditosalto.com.br\/#\/schema\/person\/image\/","url":"https:\/\/secure.gravatar.com\/avatar\/4af6632c766ef45aa6c85f9456f2e79a?s=96&d=mm&r=g","contentUrl":"https:\/\/secure.gravatar.com\/avatar\/4af6632c766ef45aa6c85f9456f2e79a?s=96&d=mm&r=g","caption":"Jos\u00e9 Carlos Pascoal"},"url":"https:\/\/sbeneditosalto.com.br\/index.php\/author\/diaconopascoal\/"}]}},"_links":{"self":[{"href":"https:\/\/sbeneditosalto.com.br\/index.php\/wp-json\/wp\/v2\/posts\/2999"}],"collection":[{"href":"https:\/\/sbeneditosalto.com.br\/index.php\/wp-json\/wp\/v2\/posts"}],"about":[{"href":"https:\/\/sbeneditosalto.com.br\/index.php\/wp-json\/wp\/v2\/types\/post"}],"author":[{"embeddable":true,"href":"https:\/\/sbeneditosalto.com.br\/index.php\/wp-json\/wp\/v2\/users\/2"}],"replies":[{"embeddable":true,"href":"https:\/\/sbeneditosalto.com.br\/index.php\/wp-json\/wp\/v2\/comments?post=2999"}],"version-history":[{"count":3,"href":"https:\/\/sbeneditosalto.com.br\/index.php\/wp-json\/wp\/v2\/posts\/2999\/revisions"}],"predecessor-version":[{"id":3039,"href":"https:\/\/sbeneditosalto.com.br\/index.php\/wp-json\/wp\/v2\/posts\/2999\/revisions\/3039"}],"wp:featuredmedia":[{"embeddable":true,"href":"https:\/\/sbeneditosalto.com.br\/index.php\/wp-json\/wp\/v2\/media\/3000"}],"wp:attachment":[{"href":"https:\/\/sbeneditosalto.com.br\/index.php\/wp-json\/wp\/v2\/media?parent=2999"}],"wp:term":[{"taxonomy":"category","embeddable":true,"href":"https:\/\/sbeneditosalto.com.br\/index.php\/wp-json\/wp\/v2\/categories?post=2999"},{"taxonomy":"post_tag","embeddable":true,"href":"https:\/\/sbeneditosalto.com.br\/index.php\/wp-json\/wp\/v2\/tags?post=2999"}],"curies":[{"name":"wp","href":"https:\/\/api.w.org\/{rel}","templated":true}]}}