{"id":2885,"date":"2025-05-16T19:57:03","date_gmt":"2025-05-16T22:57:03","guid":{"rendered":"https:\/\/sbeneditosalto.com.br\/?p=2885"},"modified":"2025-05-16T19:57:03","modified_gmt":"2025-05-16T22:57:03","slug":"festa-do-divino-tera-intensa-programacao-religiosa-e-social","status":"publish","type":"post","link":"https:\/\/sbeneditosalto.com.br\/index.php\/2025\/05\/16\/festa-do-divino-tera-intensa-programacao-religiosa-e-social\/","title":{"rendered":"FESTA DO DIVINO TER\u00c1 INTENSA PROGRAMA\u00c7\u00c3O RELIGIOSA E SOCIAL"},"content":{"rendered":"\n<p>A Comunidade Divino Esp\u00edrito Santo celebrar\u00e1 com muita atividade religiosa e social a Festa do Divino de 2025, culminando com a Solenidade de Pentecostes. Eis a programa\u00e7\u00e3o:<\/p>\n\n\n\n<ul>\n<li>Nos dias 23 e 24 de maio, ser\u00e1 realizada a tradicional quermesse com o Show de Pr\u00eamios. Os paroquianos que desejarem adquirir as cartelas, que est\u00e3o sendo vendidas a R$ 15,00, podem enviar mensagem via WhatsApp para o n\u00famero (11) 98674-4786 (M\u00e1rcio).<\/li>\n\n\n\n<li>O Pouso da Bandeira em casas de fi\u00e9is da comunidade ser\u00e1 realizado nos dias 26, 28 e 30 de maio.<\/li>\n<\/ul>\n\n\n\n<p><strong>SETENA EM PREPARA\u00c7\u00c3O PARA A FESTA DO DIVINO:<\/strong><\/p>\n\n\n\n<p>A Setena ser\u00e1 celebrada com missas na Igreja do Divino, no Parque Bela Vista:<\/p>\n\n\n\n<ul>\n<li>01 de junho, domingo, 08h30 \u2013 Comunidade convidada: Santa Teresinha;<\/li>\n\n\n\n<li>02 de junho, segunda-feira, 19h30 \u2013 Comunidade convidada: Santo In\u00e1cio de Loyola;<\/li>\n\n\n\n<li>03 de junho, ter\u00e7a-feira, 19h30 \u2013 Comunidade convidada: S\u00e3o Jos\u00e9 Oper\u00e1rio;<\/li>\n\n\n\n<li>04 de junho, quarta-feira, 19h30 \u2013 Comunidade convidada: Grupo de Ora\u00e7\u00e3o Divino Esp\u00edrito Santo;<\/li>\n\n\n\n<li>05 de junho, quinta-feira, 19h30 \u2013 Comunidade convidada: Matriz S\u00e3o Benedito;<\/li>\n\n\n\n<li>06 de junho, sexta-feira, 19h30 \u2013 Comunidade convidada: Santa Ana e S\u00e3o Joaquim;<\/li>\n\n\n\n<li>07 de junho, s\u00e1bado, 18h30 \u2013 Comunidade Divino Esp\u00edrito Santo.<\/li>\n<\/ul>\n\n\n\n<p><strong>SOLENIDADE DE PENTECOSTES<\/strong> 08 de junho, domingo, 08h30: Prociss\u00e3o pelas ruas do entorno da Igreja do Divino; Missa solene com Primeira Comunh\u00e3o de crian\u00e7as da Catequese de Primeira Comunh\u00e3o Eucar\u00edstica.<\/p>\n","protected":false},"excerpt":{"rendered":"<p>A Comunidade Divino Esp\u00edrito Santo celebrar\u00e1 com muita atividade religiosa e social a Festa do Divino de 2025, culminando com a Solenidade de Pentecostes. Eis a programa\u00e7\u00e3o: SETENA EM PREPARA\u00c7\u00c3O PARA A FESTA DO DIVINO: A Setena ser\u00e1 celebrada com missas na Igreja do Divino, no Parque Bela Vista: SOLENIDADE DE PENTECOSTES 08 de junho, [&hellip;]<\/p>\n","protected":false},"author":2,"featured_media":2886,"comment_status":"open","ping_status":"open","sticky":false,"template":"","format":"standard","meta":{"footnotes":""},"categories":[1],"tags":[],"blocksy_meta":"","yoast_head":"<!-- This site is optimized with the Yoast SEO plugin v22.4 - https:\/\/yoast.com\/wordpress\/plugins\/seo\/ -->\n<title>FESTA DO DIVINO TER\u00c1 INTENSA PROGRAMA\u00c7\u00c3O RELIGIOSA E SOCIAL - Paroquia Sao Benedito<\/title>\n<meta name=\"robots\" content=\"index, follow, max-snippet:-1, max-image-preview:large, max-video-preview:-1\" \/>\n<link rel=\"canonical\" href=\"https:\/\/sbeneditosalto.com.br\/index.php\/2025\/05\/16\/festa-do-divino-tera-intensa-programacao-religiosa-e-social\/\" \/>\n<meta property=\"og:locale\" content=\"en_US\" \/>\n<meta property=\"og:type\" content=\"article\" \/>\n<meta property=\"og:title\" content=\"FESTA DO DIVINO TER\u00c1 INTENSA PROGRAMA\u00c7\u00c3O RELIGIOSA E SOCIAL - Paroquia Sao Benedito\" \/>\n<meta property=\"og:description\" content=\"A Comunidade Divino Esp\u00edrito Santo celebrar\u00e1 com muita atividade religiosa e social a Festa do Divino de 2025, culminando com a Solenidade de Pentecostes. Eis a programa\u00e7\u00e3o: SETENA EM PREPARA\u00c7\u00c3O PARA A FESTA DO DIVINO: A Setena ser\u00e1 celebrada com missas na Igreja do Divino, no Parque Bela Vista: SOLENIDADE DE PENTECOSTES 08 de junho, [&hellip;]\" \/>\n<meta property=\"og:url\" content=\"https:\/\/sbeneditosalto.com.br\/index.php\/2025\/05\/16\/festa-do-divino-tera-intensa-programacao-religiosa-e-social\/\" \/>\n<meta property=\"og:site_name\" content=\"Paroquia Sao Benedito\" \/>\n<meta property=\"article:published_time\" content=\"2025-05-16T22:57:03+00:00\" \/>\n<meta property=\"og:image\" content=\"https:\/\/sbeneditosalto.com.br\/wp-content\/uploads\/2025\/05\/SOLENIDADE-DE-PENT.-GIF-AVATAR.gif\" \/>\n\t<meta property=\"og:image:width\" content=\"1000\" \/>\n\t<meta property=\"og:image:height\" content=\"750\" \/>\n\t<meta property=\"og:image:type\" content=\"image\/gif\" \/>\n<meta name=\"author\" content=\"Jos\u00e9 Carlos Pascoal\" \/>\n<meta name=\"twitter:card\" content=\"summary_large_image\" \/>\n<meta name=\"twitter:label1\" content=\"Written by\" \/>\n\t<meta name=\"twitter:data1\" content=\"Jos\u00e9 Carlos Pascoal\" \/>\n\t<meta name=\"twitter:label2\" content=\"Est. reading time\" \/>\n\t<meta name=\"twitter:data2\" content=\"2 minutes\" \/>\n<script type=\"application\/ld+json\" class=\"yoast-schema-graph\">{\"@context\":\"https:\/\/schema.org\",\"@graph\":[{\"@type\":\"Article\",\"@id\":\"https:\/\/sbeneditosalto.com.br\/index.php\/2025\/05\/16\/festa-do-divino-tera-intensa-programacao-religiosa-e-social\/#article\",\"isPartOf\":{\"@id\":\"https:\/\/sbeneditosalto.com.br\/index.php\/2025\/05\/16\/festa-do-divino-tera-intensa-programacao-religiosa-e-social\/\"},\"author\":{\"name\":\"Jos\u00e9 Carlos Pascoal\",\"@id\":\"https:\/\/sbeneditosalto.com.br\/#\/schema\/person\/1937db6430bd13d1242baaed97be0781\"},\"headline\":\"FESTA DO DIVINO TER\u00c1 INTENSA PROGRAMA\u00c7\u00c3O RELIGIOSA E SOCIAL\",\"datePublished\":\"2025-05-16T22:57:03+00:00\",\"dateModified\":\"2025-05-16T22:57:03+00:00\",\"mainEntityOfPage\":{\"@id\":\"https:\/\/sbeneditosalto.com.br\/index.php\/2025\/05\/16\/festa-do-divino-tera-intensa-programacao-religiosa-e-social\/\"},\"wordCount\":232,\"commentCount\":0,\"publisher\":{\"@id\":\"https:\/\/sbeneditosalto.com.br\/#organization\"},\"image\":{\"@id\":\"https:\/\/sbeneditosalto.com.br\/index.php\/2025\/05\/16\/festa-do-divino-tera-intensa-programacao-religiosa-e-social\/#primaryimage\"},\"thumbnailUrl\":\"https:\/\/sbeneditosalto.com.br\/wp-content\/uploads\/2025\/05\/SOLENIDADE-DE-PENT.-GIF-AVATAR.gif\",\"articleSection\":[\"Blog\"],\"inLanguage\":\"en-US\",\"potentialAction\":[{\"@type\":\"CommentAction\",\"name\":\"Comment\",\"target\":[\"https:\/\/sbeneditosalto.com.br\/index.php\/2025\/05\/16\/festa-do-divino-tera-intensa-programacao-religiosa-e-social\/#respond\"]}]},{\"@type\":\"WebPage\",\"@id\":\"https:\/\/sbeneditosalto.com.br\/index.php\/2025\/05\/16\/festa-do-divino-tera-intensa-programacao-religiosa-e-social\/\",\"url\":\"https:\/\/sbeneditosalto.com.br\/index.php\/2025\/05\/16\/festa-do-divino-tera-intensa-programacao-religiosa-e-social\/\",\"name\":\"FESTA DO DIVINO TER\u00c1 INTENSA PROGRAMA\u00c7\u00c3O RELIGIOSA E SOCIAL - Paroquia Sao Benedito\",\"isPartOf\":{\"@id\":\"https:\/\/sbeneditosalto.com.br\/#website\"},\"primaryImageOfPage\":{\"@id\":\"https:\/\/sbeneditosalto.com.br\/index.php\/2025\/05\/16\/festa-do-divino-tera-intensa-programacao-religiosa-e-social\/#primaryimage\"},\"image\":{\"@id\":\"https:\/\/sbeneditosalto.com.br\/index.php\/2025\/05\/16\/festa-do-divino-tera-intensa-programacao-religiosa-e-social\/#primaryimage\"},\"thumbnailUrl\":\"https:\/\/sbeneditosalto.com.br\/wp-content\/uploads\/2025\/05\/SOLENIDADE-DE-PENT.-GIF-AVATAR.gif\",\"datePublished\":\"2025-05-16T22:57:03+00:00\",\"dateModified\":\"2025-05-16T22:57:03+00:00\",\"breadcrumb\":{\"@id\":\"https:\/\/sbeneditosalto.com.br\/index.php\/2025\/05\/16\/festa-do-divino-tera-intensa-programacao-religiosa-e-social\/#breadcrumb\"},\"inLanguage\":\"en-US\",\"potentialAction\":[{\"@type\":\"ReadAction\",\"target\":[\"https:\/\/sbeneditosalto.com.br\/index.php\/2025\/05\/16\/festa-do-divino-tera-intensa-programacao-religiosa-e-social\/\"]}]},{\"@type\":\"ImageObject\",\"inLanguage\":\"en-US\",\"@id\":\"https:\/\/sbeneditosalto.com.br\/index.php\/2025\/05\/16\/festa-do-divino-tera-intensa-programacao-religiosa-e-social\/#primaryimage\",\"url\":\"https:\/\/sbeneditosalto.com.br\/wp-content\/uploads\/2025\/05\/SOLENIDADE-DE-PENT.-GIF-AVATAR.gif\",\"contentUrl\":\"https:\/\/sbeneditosalto.com.br\/wp-content\/uploads\/2025\/05\/SOLENIDADE-DE-PENT.-GIF-AVATAR.gif\",\"width\":1000,\"height\":750},{\"@type\":\"BreadcrumbList\",\"@id\":\"https:\/\/sbeneditosalto.com.br\/index.php\/2025\/05\/16\/festa-do-divino-tera-intensa-programacao-religiosa-e-social\/#breadcrumb\",\"itemListElement\":[{\"@type\":\"ListItem\",\"position\":1,\"name\":\"In\u00edcio\",\"item\":\"https:\/\/sbeneditosalto.com.br\/\"},{\"@type\":\"ListItem\",\"position\":2,\"name\":\"FESTA DO DIVINO TER\u00c1 INTENSA PROGRAMA\u00c7\u00c3O RELIGIOSA E SOCIAL\"}]},{\"@type\":\"WebSite\",\"@id\":\"https:\/\/sbeneditosalto.com.br\/#website\",\"url\":\"https:\/\/sbeneditosalto.com.br\/\",\"name\":\"Paroquia Sao Benedito\",\"description\":\"\",\"publisher\":{\"@id\":\"https:\/\/sbeneditosalto.com.br\/#organization\"},\"potentialAction\":[{\"@type\":\"SearchAction\",\"target\":{\"@type\":\"EntryPoint\",\"urlTemplate\":\"https:\/\/sbeneditosalto.com.br\/?s={search_term_string}\"},\"query-input\":\"required name=search_term_string\"}],\"inLanguage\":\"en-US\"},{\"@type\":\"Organization\",\"@id\":\"https:\/\/sbeneditosalto.com.br\/#organization\",\"name\":\"Paroquia Sao Benedito\",\"url\":\"https:\/\/sbeneditosalto.com.br\/\",\"logo\":{\"@type\":\"ImageObject\",\"inLanguage\":\"en-US\",\"@id\":\"https:\/\/sbeneditosalto.com.br\/#\/schema\/logo\/image\/\",\"url\":\"\",\"contentUrl\":\"\",\"caption\":\"Paroquia Sao Benedito\"},\"image\":{\"@id\":\"https:\/\/sbeneditosalto.com.br\/#\/schema\/logo\/image\/\"}},{\"@type\":\"Person\",\"@id\":\"https:\/\/sbeneditosalto.com.br\/#\/schema\/person\/1937db6430bd13d1242baaed97be0781\",\"name\":\"Jos\u00e9 Carlos Pascoal\",\"image\":{\"@type\":\"ImageObject\",\"inLanguage\":\"en-US\",\"@id\":\"https:\/\/sbeneditosalto.com.br\/#\/schema\/person\/image\/\",\"url\":\"https:\/\/secure.gravatar.com\/avatar\/4af6632c766ef45aa6c85f9456f2e79a?s=96&d=mm&r=g\",\"contentUrl\":\"https:\/\/secure.gravatar.com\/avatar\/4af6632c766ef45aa6c85f9456f2e79a?s=96&d=mm&r=g\",\"caption\":\"Jos\u00e9 Carlos Pascoal\"},\"url\":\"https:\/\/sbeneditosalto.com.br\/index.php\/author\/diaconopascoal\/\"}]}<\/script>\n<!-- \/ Yoast SEO plugin. -->","yoast_head_json":{"title":"FESTA DO DIVINO TER\u00c1 INTENSA PROGRAMA\u00c7\u00c3O RELIGIOSA E SOCIAL - Paroquia Sao Benedito","robots":{"index":"index","follow":"follow","max-snippet":"max-snippet:-1","max-image-preview":"max-image-preview:large","max-video-preview":"max-video-preview:-1"},"canonical":"https:\/\/sbeneditosalto.com.br\/index.php\/2025\/05\/16\/festa-do-divino-tera-intensa-programacao-religiosa-e-social\/","og_locale":"en_US","og_type":"article","og_title":"FESTA DO DIVINO TER\u00c1 INTENSA PROGRAMA\u00c7\u00c3O RELIGIOSA E SOCIAL - Paroquia Sao Benedito","og_description":"A Comunidade Divino Esp\u00edrito Santo celebrar\u00e1 com muita atividade religiosa e social a Festa do Divino de 2025, culminando com a Solenidade de Pentecostes. Eis a programa\u00e7\u00e3o: SETENA EM PREPARA\u00c7\u00c3O PARA A FESTA DO DIVINO: A Setena ser\u00e1 celebrada com missas na Igreja do Divino, no Parque Bela Vista: SOLENIDADE DE PENTECOSTES 08 de junho, [&hellip;]","og_url":"https:\/\/sbeneditosalto.com.br\/index.php\/2025\/05\/16\/festa-do-divino-tera-intensa-programacao-religiosa-e-social\/","og_site_name":"Paroquia Sao Benedito","article_published_time":"2025-05-16T22:57:03+00:00","og_image":[{"url":"https:\/\/sbeneditosalto.com.br\/wp-content\/uploads\/2025\/05\/SOLENIDADE-DE-PENT.-GIF-AVATAR.gif","width":1000,"height":750,"type":"image\/gif"}],"author":"Jos\u00e9 Carlos Pascoal","twitter_card":"summary_large_image","twitter_misc":{"Written by":"Jos\u00e9 Carlos Pascoal","Est. reading time":"2 minutes"},"schema":{"@context":"https:\/\/schema.org","@graph":[{"@type":"Article","@id":"https:\/\/sbeneditosalto.com.br\/index.php\/2025\/05\/16\/festa-do-divino-tera-intensa-programacao-religiosa-e-social\/#article","isPartOf":{"@id":"https:\/\/sbeneditosalto.com.br\/index.php\/2025\/05\/16\/festa-do-divino-tera-intensa-programacao-religiosa-e-social\/"},"author":{"name":"Jos\u00e9 Carlos Pascoal","@id":"https:\/\/sbeneditosalto.com.br\/#\/schema\/person\/1937db6430bd13d1242baaed97be0781"},"headline":"FESTA DO DIVINO TER\u00c1 INTENSA PROGRAMA\u00c7\u00c3O RELIGIOSA E SOCIAL","datePublished":"2025-05-16T22:57:03+00:00","dateModified":"2025-05-16T22:57:03+00:00","mainEntityOfPage":{"@id":"https:\/\/sbeneditosalto.com.br\/index.php\/2025\/05\/16\/festa-do-divino-tera-intensa-programacao-religiosa-e-social\/"},"wordCount":232,"commentCount":0,"publisher":{"@id":"https:\/\/sbeneditosalto.com.br\/#organization"},"image":{"@id":"https:\/\/sbeneditosalto.com.br\/index.php\/2025\/05\/16\/festa-do-divino-tera-intensa-programacao-religiosa-e-social\/#primaryimage"},"thumbnailUrl":"https:\/\/sbeneditosalto.com.br\/wp-content\/uploads\/2025\/05\/SOLENIDADE-DE-PENT.-GIF-AVATAR.gif","articleSection":["Blog"],"inLanguage":"en-US","potentialAction":[{"@type":"CommentAction","name":"Comment","target":["https:\/\/sbeneditosalto.com.br\/index.php\/2025\/05\/16\/festa-do-divino-tera-intensa-programacao-religiosa-e-social\/#respond"]}]},{"@type":"WebPage","@id":"https:\/\/sbeneditosalto.com.br\/index.php\/2025\/05\/16\/festa-do-divino-tera-intensa-programacao-religiosa-e-social\/","url":"https:\/\/sbeneditosalto.com.br\/index.php\/2025\/05\/16\/festa-do-divino-tera-intensa-programacao-religiosa-e-social\/","name":"FESTA DO DIVINO TER\u00c1 INTENSA PROGRAMA\u00c7\u00c3O RELIGIOSA E SOCIAL - Paroquia Sao Benedito","isPartOf":{"@id":"https:\/\/sbeneditosalto.com.br\/#website"},"primaryImageOfPage":{"@id":"https:\/\/sbeneditosalto.com.br\/index.php\/2025\/05\/16\/festa-do-divino-tera-intensa-programacao-religiosa-e-social\/#primaryimage"},"image":{"@id":"https:\/\/sbeneditosalto.com.br\/index.php\/2025\/05\/16\/festa-do-divino-tera-intensa-programacao-religiosa-e-social\/#primaryimage"},"thumbnailUrl":"https:\/\/sbeneditosalto.com.br\/wp-content\/uploads\/2025\/05\/SOLENIDADE-DE-PENT.-GIF-AVATAR.gif","datePublished":"2025-05-16T22:57:03+00:00","dateModified":"2025-05-16T22:57:03+00:00","breadcrumb":{"@id":"https:\/\/sbeneditosalto.com.br\/index.php\/2025\/05\/16\/festa-do-divino-tera-intensa-programacao-religiosa-e-social\/#breadcrumb"},"inLanguage":"en-US","potentialAction":[{"@type":"ReadAction","target":["https:\/\/sbeneditosalto.com.br\/index.php\/2025\/05\/16\/festa-do-divino-tera-intensa-programacao-religiosa-e-social\/"]}]},{"@type":"ImageObject","inLanguage":"en-US","@id":"https:\/\/sbeneditosalto.com.br\/index.php\/2025\/05\/16\/festa-do-divino-tera-intensa-programacao-religiosa-e-social\/#primaryimage","url":"https:\/\/sbeneditosalto.com.br\/wp-content\/uploads\/2025\/05\/SOLENIDADE-DE-PENT.-GIF-AVATAR.gif","contentUrl":"https:\/\/sbeneditosalto.com.br\/wp-content\/uploads\/2025\/05\/SOLENIDADE-DE-PENT.-GIF-AVATAR.gif","width":1000,"height":750},{"@type":"BreadcrumbList","@id":"https:\/\/sbeneditosalto.com.br\/index.php\/2025\/05\/16\/festa-do-divino-tera-intensa-programacao-religiosa-e-social\/#breadcrumb","itemListElement":[{"@type":"ListItem","position":1,"name":"In\u00edcio","item":"https:\/\/sbeneditosalto.com.br\/"},{"@type":"ListItem","position":2,"name":"FESTA DO DIVINO TER\u00c1 INTENSA PROGRAMA\u00c7\u00c3O RELIGIOSA E SOCIAL"}]},{"@type":"WebSite","@id":"https:\/\/sbeneditosalto.com.br\/#website","url":"https:\/\/sbeneditosalto.com.br\/","name":"Paroquia Sao Benedito","description":"","publisher":{"@id":"https:\/\/sbeneditosalto.com.br\/#organization"},"potentialAction":[{"@type":"SearchAction","target":{"@type":"EntryPoint","urlTemplate":"https:\/\/sbeneditosalto.com.br\/?s={search_term_string}"},"query-input":"required name=search_term_string"}],"inLanguage":"en-US"},{"@type":"Organization","@id":"https:\/\/sbeneditosalto.com.br\/#organization","name":"Paroquia Sao Benedito","url":"https:\/\/sbeneditosalto.com.br\/","logo":{"@type":"ImageObject","inLanguage":"en-US","@id":"https:\/\/sbeneditosalto.com.br\/#\/schema\/logo\/image\/","url":"","contentUrl":"","caption":"Paroquia Sao Benedito"},"image":{"@id":"https:\/\/sbeneditosalto.com.br\/#\/schema\/logo\/image\/"}},{"@type":"Person","@id":"https:\/\/sbeneditosalto.com.br\/#\/schema\/person\/1937db6430bd13d1242baaed97be0781","name":"Jos\u00e9 Carlos Pascoal","image":{"@type":"ImageObject","inLanguage":"en-US","@id":"https:\/\/sbeneditosalto.com.br\/#\/schema\/person\/image\/","url":"https:\/\/secure.gravatar.com\/avatar\/4af6632c766ef45aa6c85f9456f2e79a?s=96&d=mm&r=g","contentUrl":"https:\/\/secure.gravatar.com\/avatar\/4af6632c766ef45aa6c85f9456f2e79a?s=96&d=mm&r=g","caption":"Jos\u00e9 Carlos Pascoal"},"url":"https:\/\/sbeneditosalto.com.br\/index.php\/author\/diaconopascoal\/"}]}},"_links":{"self":[{"href":"https:\/\/sbeneditosalto.com.br\/index.php\/wp-json\/wp\/v2\/posts\/2885"}],"collection":[{"href":"https:\/\/sbeneditosalto.com.br\/index.php\/wp-json\/wp\/v2\/posts"}],"about":[{"href":"https:\/\/sbeneditosalto.com.br\/index.php\/wp-json\/wp\/v2\/types\/post"}],"author":[{"embeddable":true,"href":"https:\/\/sbeneditosalto.com.br\/index.php\/wp-json\/wp\/v2\/users\/2"}],"replies":[{"embeddable":true,"href":"https:\/\/sbeneditosalto.com.br\/index.php\/wp-json\/wp\/v2\/comments?post=2885"}],"version-history":[{"count":1,"href":"https:\/\/sbeneditosalto.com.br\/index.php\/wp-json\/wp\/v2\/posts\/2885\/revisions"}],"predecessor-version":[{"id":2888,"href":"https:\/\/sbeneditosalto.com.br\/index.php\/wp-json\/wp\/v2\/posts\/2885\/revisions\/2888"}],"wp:featuredmedia":[{"embeddable":true,"href":"https:\/\/sbeneditosalto.com.br\/index.php\/wp-json\/wp\/v2\/media\/2886"}],"wp:attachment":[{"href":"https:\/\/sbeneditosalto.com.br\/index.php\/wp-json\/wp\/v2\/media?parent=2885"}],"wp:term":[{"taxonomy":"category","embeddable":true,"href":"https:\/\/sbeneditosalto.com.br\/index.php\/wp-json\/wp\/v2\/categories?post=2885"},{"taxonomy":"post_tag","embeddable":true,"href":"https:\/\/sbeneditosalto.com.br\/index.php\/wp-json\/wp\/v2\/tags?post=2885"}],"curies":[{"name":"wp","href":"https:\/\/api.w.org\/{rel}","templated":true}]}}