{"id":2850,"date":"2025-05-10T01:56:41","date_gmt":"2025-05-10T04:56:41","guid":{"rendered":"https:\/\/sbeneditosalto.com.br\/?p=2850"},"modified":"2025-05-10T10:01:12","modified_gmt":"2025-05-10T13:01:12","slug":"mensagem-de-dia-das-maes","status":"publish","type":"post","link":"https:\/\/sbeneditosalto.com.br\/index.php\/2025\/05\/10\/mensagem-de-dia-das-maes\/","title":{"rendered":"MENSAGEM DE DIA DAS M\u00c3ES"},"content":{"rendered":"\n<p>&nbsp;&nbsp;&nbsp;&nbsp;&nbsp;&nbsp;&nbsp;Caros irm\u00e3os em Cristo, paz e bem! <\/p>\n\n\n\n<p>\u00a0\u00a0\u00a0\u00a0\u00a0\u00a0\u00a0Com alegria celebramos neste dia 11 de maio o dia das M\u00e3es e queremos rogar a Deus pela vida de todas as m\u00e3es, e suplicamos ao Senhor, pela intercess\u00e3o da Santa M\u00e3e de Deus, as gra\u00e7as necess\u00e1rias para nossas queridas m\u00e3es. Que possamos neste dia elevar nosso louvor pela vida destas mulheres fortes e corajosas que nos deram a vida e nos formaram. Que todas as m\u00e3es sejam aben\u00e7oadas neste e em todos os dias e que possam ser amadas e respeitadas por seus filhos. Que n\u00e3o sejam apenas palavras vazias, mas nossas atitudes concretas, que manifestem o nosso amor. <\/p>\n\n\n\n<p>&nbsp;&nbsp;&nbsp;&nbsp;&nbsp;&nbsp;&nbsp;M\u00e3e, presente precioso em nossa vida, perdoe-nos por muitas vezes n\u00e3o termos sido os filhos que voc\u00eas merecem e orem por n\u00f3s para que convertidos possamos ser os filhos que vossos cora\u00e7\u00f5es desejaram. Apesar de tudo, sabem que n\u00f3s as amamos. <\/p>\n\n\n\n<p>&nbsp;&nbsp;&nbsp;&nbsp;&nbsp;&nbsp;&nbsp;Deus as aben\u00e7oe sempre e as recompense por tudo que fizeram e fazem por n\u00f3s, muitas vezes no sil\u00eancio e na ora\u00e7\u00e3o. Parab\u00e9ns&nbsp; M\u00e3e pelo seu dia.<\/p>\n\n\n\n<p class=\"has-text-align-center\">Com&nbsp;carinho.<\/p>\n\n\n\n<p class=\"has-text-align-center\">Padre Carlos Marchesani, P\u00e1roco.<\/p>\n\n\n\n<figure class=\"wp-block-image size-full\"><img decoding=\"async\" loading=\"lazy\" width=\"1000\" height=\"750\" src=\"https:\/\/sbeneditosalto.com.br\/wp-content\/uploads\/2025\/05\/MENSAGEM-AVATAR-GIF.gif\" alt=\"\" class=\"wp-image-2852\"\/><\/figure>\n","protected":false},"excerpt":{"rendered":"<p>&nbsp;&nbsp;&nbsp;&nbsp;&nbsp;&nbsp;&nbsp;Caros irm\u00e3os em Cristo, paz e bem! \u00a0\u00a0\u00a0\u00a0\u00a0\u00a0\u00a0Com alegria celebramos neste dia 11 de maio o dia das M\u00e3es e queremos rogar a Deus pela vida de todas as m\u00e3es, e suplicamos ao Senhor, pela intercess\u00e3o da Santa M\u00e3e de Deus, as gra\u00e7as necess\u00e1rias para nossas queridas m\u00e3es. Que possamos neste dia elevar nosso louvor [&hellip;]<\/p>\n","protected":false},"author":3,"featured_media":2851,"comment_status":"open","ping_status":"open","sticky":false,"template":"","format":"standard","meta":{"footnotes":""},"categories":[1],"tags":[],"blocksy_meta":"","yoast_head":"<!-- This site is optimized with the Yoast SEO plugin v22.4 - https:\/\/yoast.com\/wordpress\/plugins\/seo\/ -->\n<title>MENSAGEM DE DIA DAS M\u00c3ES - Paroquia Sao Benedito<\/title>\n<meta name=\"robots\" content=\"index, follow, max-snippet:-1, max-image-preview:large, max-video-preview:-1\" \/>\n<link rel=\"canonical\" href=\"https:\/\/sbeneditosalto.com.br\/index.php\/2025\/05\/10\/mensagem-de-dia-das-maes\/\" \/>\n<meta property=\"og:locale\" content=\"en_US\" \/>\n<meta property=\"og:type\" content=\"article\" \/>\n<meta property=\"og:title\" content=\"MENSAGEM DE DIA DAS M\u00c3ES - Paroquia Sao Benedito\" \/>\n<meta property=\"og:description\" content=\"&nbsp;&nbsp;&nbsp;&nbsp;&nbsp;&nbsp;&nbsp;Caros irm\u00e3os em Cristo, paz e bem! \u00a0\u00a0\u00a0\u00a0\u00a0\u00a0\u00a0Com alegria celebramos neste dia 11 de maio o dia das M\u00e3es e queremos rogar a Deus pela vida de todas as m\u00e3es, e suplicamos ao Senhor, pela intercess\u00e3o da Santa M\u00e3e de Deus, as gra\u00e7as necess\u00e1rias para nossas queridas m\u00e3es. Que possamos neste dia elevar nosso louvor [&hellip;]\" \/>\n<meta property=\"og:url\" content=\"https:\/\/sbeneditosalto.com.br\/index.php\/2025\/05\/10\/mensagem-de-dia-das-maes\/\" \/>\n<meta property=\"og:site_name\" content=\"Paroquia Sao Benedito\" \/>\n<meta property=\"article:published_time\" content=\"2025-05-10T04:56:41+00:00\" \/>\n<meta property=\"article:modified_time\" content=\"2025-05-10T13:01:12+00:00\" \/>\n<meta property=\"og:image\" content=\"https:\/\/sbeneditosalto.com.br\/wp-content\/uploads\/2025\/05\/DIA-DAS-MAES-2025-AVATAR.png\" \/>\n\t<meta property=\"og:image:width\" content=\"1000\" \/>\n\t<meta property=\"og:image:height\" content=\"750\" \/>\n\t<meta property=\"og:image:type\" content=\"image\/png\" \/>\n<meta name=\"author\" content=\"PE. CARLOS APARECIDO MARCHESANI\" \/>\n<meta name=\"twitter:card\" content=\"summary_large_image\" \/>\n<meta name=\"twitter:label1\" content=\"Written by\" \/>\n\t<meta name=\"twitter:data1\" content=\"PE. CARLOS APARECIDO MARCHESANI\" \/>\n\t<meta name=\"twitter:label2\" content=\"Est. reading time\" \/>\n\t<meta name=\"twitter:data2\" content=\"2 minutes\" \/>\n<script type=\"application\/ld+json\" class=\"yoast-schema-graph\">{\"@context\":\"https:\/\/schema.org\",\"@graph\":[{\"@type\":\"Article\",\"@id\":\"https:\/\/sbeneditosalto.com.br\/index.php\/2025\/05\/10\/mensagem-de-dia-das-maes\/#article\",\"isPartOf\":{\"@id\":\"https:\/\/sbeneditosalto.com.br\/index.php\/2025\/05\/10\/mensagem-de-dia-das-maes\/\"},\"author\":{\"name\":\"PE. CARLOS APARECIDO MARCHESANI\",\"@id\":\"https:\/\/sbeneditosalto.com.br\/#\/schema\/person\/f532af984122ed64d3aee41b9bde29f6\"},\"headline\":\"MENSAGEM DE DIA DAS M\u00c3ES\",\"datePublished\":\"2025-05-10T04:56:41+00:00\",\"dateModified\":\"2025-05-10T13:01:12+00:00\",\"mainEntityOfPage\":{\"@id\":\"https:\/\/sbeneditosalto.com.br\/index.php\/2025\/05\/10\/mensagem-de-dia-das-maes\/\"},\"wordCount\":233,\"commentCount\":0,\"publisher\":{\"@id\":\"https:\/\/sbeneditosalto.com.br\/#organization\"},\"image\":{\"@id\":\"https:\/\/sbeneditosalto.com.br\/index.php\/2025\/05\/10\/mensagem-de-dia-das-maes\/#primaryimage\"},\"thumbnailUrl\":\"https:\/\/sbeneditosalto.com.br\/wp-content\/uploads\/2025\/05\/DIA-DAS-MAES-2025-AVATAR.png\",\"articleSection\":[\"Blog\"],\"inLanguage\":\"en-US\",\"potentialAction\":[{\"@type\":\"CommentAction\",\"name\":\"Comment\",\"target\":[\"https:\/\/sbeneditosalto.com.br\/index.php\/2025\/05\/10\/mensagem-de-dia-das-maes\/#respond\"]}]},{\"@type\":\"WebPage\",\"@id\":\"https:\/\/sbeneditosalto.com.br\/index.php\/2025\/05\/10\/mensagem-de-dia-das-maes\/\",\"url\":\"https:\/\/sbeneditosalto.com.br\/index.php\/2025\/05\/10\/mensagem-de-dia-das-maes\/\",\"name\":\"MENSAGEM DE DIA DAS M\u00c3ES - Paroquia Sao Benedito\",\"isPartOf\":{\"@id\":\"https:\/\/sbeneditosalto.com.br\/#website\"},\"primaryImageOfPage\":{\"@id\":\"https:\/\/sbeneditosalto.com.br\/index.php\/2025\/05\/10\/mensagem-de-dia-das-maes\/#primaryimage\"},\"image\":{\"@id\":\"https:\/\/sbeneditosalto.com.br\/index.php\/2025\/05\/10\/mensagem-de-dia-das-maes\/#primaryimage\"},\"thumbnailUrl\":\"https:\/\/sbeneditosalto.com.br\/wp-content\/uploads\/2025\/05\/DIA-DAS-MAES-2025-AVATAR.png\",\"datePublished\":\"2025-05-10T04:56:41+00:00\",\"dateModified\":\"2025-05-10T13:01:12+00:00\",\"breadcrumb\":{\"@id\":\"https:\/\/sbeneditosalto.com.br\/index.php\/2025\/05\/10\/mensagem-de-dia-das-maes\/#breadcrumb\"},\"inLanguage\":\"en-US\",\"potentialAction\":[{\"@type\":\"ReadAction\",\"target\":[\"https:\/\/sbeneditosalto.com.br\/index.php\/2025\/05\/10\/mensagem-de-dia-das-maes\/\"]}]},{\"@type\":\"ImageObject\",\"inLanguage\":\"en-US\",\"@id\":\"https:\/\/sbeneditosalto.com.br\/index.php\/2025\/05\/10\/mensagem-de-dia-das-maes\/#primaryimage\",\"url\":\"https:\/\/sbeneditosalto.com.br\/wp-content\/uploads\/2025\/05\/DIA-DAS-MAES-2025-AVATAR.png\",\"contentUrl\":\"https:\/\/sbeneditosalto.com.br\/wp-content\/uploads\/2025\/05\/DIA-DAS-MAES-2025-AVATAR.png\",\"width\":1000,\"height\":750},{\"@type\":\"BreadcrumbList\",\"@id\":\"https:\/\/sbeneditosalto.com.br\/index.php\/2025\/05\/10\/mensagem-de-dia-das-maes\/#breadcrumb\",\"itemListElement\":[{\"@type\":\"ListItem\",\"position\":1,\"name\":\"In\u00edcio\",\"item\":\"https:\/\/sbeneditosalto.com.br\/\"},{\"@type\":\"ListItem\",\"position\":2,\"name\":\"MENSAGEM DE DIA DAS M\u00c3ES\"}]},{\"@type\":\"WebSite\",\"@id\":\"https:\/\/sbeneditosalto.com.br\/#website\",\"url\":\"https:\/\/sbeneditosalto.com.br\/\",\"name\":\"Paroquia Sao Benedito\",\"description\":\"\",\"publisher\":{\"@id\":\"https:\/\/sbeneditosalto.com.br\/#organization\"},\"potentialAction\":[{\"@type\":\"SearchAction\",\"target\":{\"@type\":\"EntryPoint\",\"urlTemplate\":\"https:\/\/sbeneditosalto.com.br\/?s={search_term_string}\"},\"query-input\":\"required name=search_term_string\"}],\"inLanguage\":\"en-US\"},{\"@type\":\"Organization\",\"@id\":\"https:\/\/sbeneditosalto.com.br\/#organization\",\"name\":\"Paroquia Sao Benedito\",\"url\":\"https:\/\/sbeneditosalto.com.br\/\",\"logo\":{\"@type\":\"ImageObject\",\"inLanguage\":\"en-US\",\"@id\":\"https:\/\/sbeneditosalto.com.br\/#\/schema\/logo\/image\/\",\"url\":\"\",\"contentUrl\":\"\",\"caption\":\"Paroquia Sao Benedito\"},\"image\":{\"@id\":\"https:\/\/sbeneditosalto.com.br\/#\/schema\/logo\/image\/\"}},{\"@type\":\"Person\",\"@id\":\"https:\/\/sbeneditosalto.com.br\/#\/schema\/person\/f532af984122ed64d3aee41b9bde29f6\",\"name\":\"PE. CARLOS APARECIDO MARCHESANI\",\"image\":{\"@type\":\"ImageObject\",\"inLanguage\":\"en-US\",\"@id\":\"https:\/\/sbeneditosalto.com.br\/#\/schema\/person\/image\/\",\"url\":\"https:\/\/secure.gravatar.com\/avatar\/4d55680d96ecc9d9646f970e102a4b0b?s=96&d=mm&r=g\",\"contentUrl\":\"https:\/\/secure.gravatar.com\/avatar\/4d55680d96ecc9d9646f970e102a4b0b?s=96&d=mm&r=g\",\"caption\":\"PE. CARLOS APARECIDO MARCHESANI\"},\"url\":\"https:\/\/sbeneditosalto.com.br\/index.php\/author\/pe-carlos-marchesani\/\"}]}<\/script>\n<!-- \/ Yoast SEO plugin. -->","yoast_head_json":{"title":"MENSAGEM DE DIA DAS M\u00c3ES - Paroquia Sao Benedito","robots":{"index":"index","follow":"follow","max-snippet":"max-snippet:-1","max-image-preview":"max-image-preview:large","max-video-preview":"max-video-preview:-1"},"canonical":"https:\/\/sbeneditosalto.com.br\/index.php\/2025\/05\/10\/mensagem-de-dia-das-maes\/","og_locale":"en_US","og_type":"article","og_title":"MENSAGEM DE DIA DAS M\u00c3ES - Paroquia Sao Benedito","og_description":"&nbsp;&nbsp;&nbsp;&nbsp;&nbsp;&nbsp;&nbsp;Caros irm\u00e3os em Cristo, paz e bem! \u00a0\u00a0\u00a0\u00a0\u00a0\u00a0\u00a0Com alegria celebramos neste dia 11 de maio o dia das M\u00e3es e queremos rogar a Deus pela vida de todas as m\u00e3es, e suplicamos ao Senhor, pela intercess\u00e3o da Santa M\u00e3e de Deus, as gra\u00e7as necess\u00e1rias para nossas queridas m\u00e3es. Que possamos neste dia elevar nosso louvor [&hellip;]","og_url":"https:\/\/sbeneditosalto.com.br\/index.php\/2025\/05\/10\/mensagem-de-dia-das-maes\/","og_site_name":"Paroquia Sao Benedito","article_published_time":"2025-05-10T04:56:41+00:00","article_modified_time":"2025-05-10T13:01:12+00:00","og_image":[{"width":1000,"height":750,"url":"https:\/\/sbeneditosalto.com.br\/wp-content\/uploads\/2025\/05\/DIA-DAS-MAES-2025-AVATAR.png","type":"image\/png"}],"author":"PE. CARLOS APARECIDO MARCHESANI","twitter_card":"summary_large_image","twitter_misc":{"Written by":"PE. CARLOS APARECIDO MARCHESANI","Est. reading time":"2 minutes"},"schema":{"@context":"https:\/\/schema.org","@graph":[{"@type":"Article","@id":"https:\/\/sbeneditosalto.com.br\/index.php\/2025\/05\/10\/mensagem-de-dia-das-maes\/#article","isPartOf":{"@id":"https:\/\/sbeneditosalto.com.br\/index.php\/2025\/05\/10\/mensagem-de-dia-das-maes\/"},"author":{"name":"PE. CARLOS APARECIDO MARCHESANI","@id":"https:\/\/sbeneditosalto.com.br\/#\/schema\/person\/f532af984122ed64d3aee41b9bde29f6"},"headline":"MENSAGEM DE DIA DAS M\u00c3ES","datePublished":"2025-05-10T04:56:41+00:00","dateModified":"2025-05-10T13:01:12+00:00","mainEntityOfPage":{"@id":"https:\/\/sbeneditosalto.com.br\/index.php\/2025\/05\/10\/mensagem-de-dia-das-maes\/"},"wordCount":233,"commentCount":0,"publisher":{"@id":"https:\/\/sbeneditosalto.com.br\/#organization"},"image":{"@id":"https:\/\/sbeneditosalto.com.br\/index.php\/2025\/05\/10\/mensagem-de-dia-das-maes\/#primaryimage"},"thumbnailUrl":"https:\/\/sbeneditosalto.com.br\/wp-content\/uploads\/2025\/05\/DIA-DAS-MAES-2025-AVATAR.png","articleSection":["Blog"],"inLanguage":"en-US","potentialAction":[{"@type":"CommentAction","name":"Comment","target":["https:\/\/sbeneditosalto.com.br\/index.php\/2025\/05\/10\/mensagem-de-dia-das-maes\/#respond"]}]},{"@type":"WebPage","@id":"https:\/\/sbeneditosalto.com.br\/index.php\/2025\/05\/10\/mensagem-de-dia-das-maes\/","url":"https:\/\/sbeneditosalto.com.br\/index.php\/2025\/05\/10\/mensagem-de-dia-das-maes\/","name":"MENSAGEM DE DIA DAS M\u00c3ES - Paroquia Sao Benedito","isPartOf":{"@id":"https:\/\/sbeneditosalto.com.br\/#website"},"primaryImageOfPage":{"@id":"https:\/\/sbeneditosalto.com.br\/index.php\/2025\/05\/10\/mensagem-de-dia-das-maes\/#primaryimage"},"image":{"@id":"https:\/\/sbeneditosalto.com.br\/index.php\/2025\/05\/10\/mensagem-de-dia-das-maes\/#primaryimage"},"thumbnailUrl":"https:\/\/sbeneditosalto.com.br\/wp-content\/uploads\/2025\/05\/DIA-DAS-MAES-2025-AVATAR.png","datePublished":"2025-05-10T04:56:41+00:00","dateModified":"2025-05-10T13:01:12+00:00","breadcrumb":{"@id":"https:\/\/sbeneditosalto.com.br\/index.php\/2025\/05\/10\/mensagem-de-dia-das-maes\/#breadcrumb"},"inLanguage":"en-US","potentialAction":[{"@type":"ReadAction","target":["https:\/\/sbeneditosalto.com.br\/index.php\/2025\/05\/10\/mensagem-de-dia-das-maes\/"]}]},{"@type":"ImageObject","inLanguage":"en-US","@id":"https:\/\/sbeneditosalto.com.br\/index.php\/2025\/05\/10\/mensagem-de-dia-das-maes\/#primaryimage","url":"https:\/\/sbeneditosalto.com.br\/wp-content\/uploads\/2025\/05\/DIA-DAS-MAES-2025-AVATAR.png","contentUrl":"https:\/\/sbeneditosalto.com.br\/wp-content\/uploads\/2025\/05\/DIA-DAS-MAES-2025-AVATAR.png","width":1000,"height":750},{"@type":"BreadcrumbList","@id":"https:\/\/sbeneditosalto.com.br\/index.php\/2025\/05\/10\/mensagem-de-dia-das-maes\/#breadcrumb","itemListElement":[{"@type":"ListItem","position":1,"name":"In\u00edcio","item":"https:\/\/sbeneditosalto.com.br\/"},{"@type":"ListItem","position":2,"name":"MENSAGEM DE DIA DAS M\u00c3ES"}]},{"@type":"WebSite","@id":"https:\/\/sbeneditosalto.com.br\/#website","url":"https:\/\/sbeneditosalto.com.br\/","name":"Paroquia Sao Benedito","description":"","publisher":{"@id":"https:\/\/sbeneditosalto.com.br\/#organization"},"potentialAction":[{"@type":"SearchAction","target":{"@type":"EntryPoint","urlTemplate":"https:\/\/sbeneditosalto.com.br\/?s={search_term_string}"},"query-input":"required name=search_term_string"}],"inLanguage":"en-US"},{"@type":"Organization","@id":"https:\/\/sbeneditosalto.com.br\/#organization","name":"Paroquia Sao Benedito","url":"https:\/\/sbeneditosalto.com.br\/","logo":{"@type":"ImageObject","inLanguage":"en-US","@id":"https:\/\/sbeneditosalto.com.br\/#\/schema\/logo\/image\/","url":"","contentUrl":"","caption":"Paroquia Sao Benedito"},"image":{"@id":"https:\/\/sbeneditosalto.com.br\/#\/schema\/logo\/image\/"}},{"@type":"Person","@id":"https:\/\/sbeneditosalto.com.br\/#\/schema\/person\/f532af984122ed64d3aee41b9bde29f6","name":"PE. CARLOS APARECIDO MARCHESANI","image":{"@type":"ImageObject","inLanguage":"en-US","@id":"https:\/\/sbeneditosalto.com.br\/#\/schema\/person\/image\/","url":"https:\/\/secure.gravatar.com\/avatar\/4d55680d96ecc9d9646f970e102a4b0b?s=96&d=mm&r=g","contentUrl":"https:\/\/secure.gravatar.com\/avatar\/4d55680d96ecc9d9646f970e102a4b0b?s=96&d=mm&r=g","caption":"PE. CARLOS APARECIDO MARCHESANI"},"url":"https:\/\/sbeneditosalto.com.br\/index.php\/author\/pe-carlos-marchesani\/"}]}},"_links":{"self":[{"href":"https:\/\/sbeneditosalto.com.br\/index.php\/wp-json\/wp\/v2\/posts\/2850"}],"collection":[{"href":"https:\/\/sbeneditosalto.com.br\/index.php\/wp-json\/wp\/v2\/posts"}],"about":[{"href":"https:\/\/sbeneditosalto.com.br\/index.php\/wp-json\/wp\/v2\/types\/post"}],"author":[{"embeddable":true,"href":"https:\/\/sbeneditosalto.com.br\/index.php\/wp-json\/wp\/v2\/users\/3"}],"replies":[{"embeddable":true,"href":"https:\/\/sbeneditosalto.com.br\/index.php\/wp-json\/wp\/v2\/comments?post=2850"}],"version-history":[{"count":3,"href":"https:\/\/sbeneditosalto.com.br\/index.php\/wp-json\/wp\/v2\/posts\/2850\/revisions"}],"predecessor-version":[{"id":2856,"href":"https:\/\/sbeneditosalto.com.br\/index.php\/wp-json\/wp\/v2\/posts\/2850\/revisions\/2856"}],"wp:featuredmedia":[{"embeddable":true,"href":"https:\/\/sbeneditosalto.com.br\/index.php\/wp-json\/wp\/v2\/media\/2851"}],"wp:attachment":[{"href":"https:\/\/sbeneditosalto.com.br\/index.php\/wp-json\/wp\/v2\/media?parent=2850"}],"wp:term":[{"taxonomy":"category","embeddable":true,"href":"https:\/\/sbeneditosalto.com.br\/index.php\/wp-json\/wp\/v2\/categories?post=2850"},{"taxonomy":"post_tag","embeddable":true,"href":"https:\/\/sbeneditosalto.com.br\/index.php\/wp-json\/wp\/v2\/tags?post=2850"}],"curies":[{"name":"wp","href":"https:\/\/api.w.org\/{rel}","templated":true}]}}