{"id":2844,"date":"2025-04-14T20:31:53","date_gmt":"2025-04-14T23:31:53","guid":{"rendered":"https:\/\/sbeneditosalto.com.br\/?p=2844"},"modified":"2025-04-14T20:33:48","modified_gmt":"2025-04-14T23:33:48","slug":"mensagem-do-pastor-com-o-senhor-ressuscitado-somos-chamados-a-santidade-como-peregrinos-da-esperanca","status":"publish","type":"post","link":"https:\/\/sbeneditosalto.com.br\/index.php\/2025\/04\/14\/mensagem-do-pastor-com-o-senhor-ressuscitado-somos-chamados-a-santidade-como-peregrinos-da-esperanca\/","title":{"rendered":"MENSAGEM DO PASTOR: COM O SENHOR RESSUSCITADO SOMOS CHAMADOS \u00c0 SANTIDADE COMO PEREGRINOS DA ESPERAN\u00c7A"},"content":{"rendered":"\n<p class=\"has-text-align-center\">Caros amigos e irm\u00e3os em Cristo Jesus, paz e bem a todos!<\/p>\n\n\n\n<p>\u00a0\u00a0\u00a0\u00a0\u00a0\u00a0\u00a0Com alegria vivemos este tempo de gra\u00e7a em nossa vida de f\u00e9, o tempo da P\u00e1scoa do Senhor. Sempre a proposta evang\u00e9lica \u00e9 a vida do encontro com o Senhor que caminha ao nosso lado, se revela a n\u00f3s pela Palavra e na Eucaristia, sobretudo. O quinto cap\u00edtulo do Evangelho segundo Mateus, nos revela que o Senhor Jesus viu uma grande multid\u00e3o reunida ao seu redor. Ele subiu a uma montanha com seus disc\u00edpulos e os ensinou: \u201cVoc\u00eas s\u00e3o o sal da terra\u2026 Voc\u00eas s\u00e3o a luz do mundo.\u201d (Mt. 5:13-16) Essas belas met\u00e1foras foram inspiradoras e instrutivas sobre a vida crist\u00e3. Elas nos oferecem uma janela para o chamado universal \u00e0 santidade. Ser santo \u00e9 ser \u201co sal da terra\u201d e \u201ca luz do mundo\u201d.<\/p>\n\n\n\n<p>\u00a0\u00a0\u00a0\u00a0\u00a0\u00a0\u00a0A cena do Serm\u00e3o da Montanha de Mateus nos ajuda a entender a santidade de Jesus. Com muitas obras de miseric\u00f3rdia, Jesus reuniu os disc\u00edpulos ao seu redor e ent\u00e3o os ensinou. A santidade s\u00f3 \u00e9 encontrada por meio de Cristo. Sua miseric\u00f3rdia nos re\u00fane. Sua mensagem do Evangelho nos une. S\u00f3 encontramos santidade na comunh\u00e3o com o Senhor Jesus e seu corpo m\u00edstico, a Igreja. Somente em uni\u00e3o com Cristo podemos ser como o Senhor nos chamou para ser: \u201co sal da terra\u201d e \u201ca luz do mundo\u201d.<\/p>\n\n\n\n<p>\u00a0\u00a0\u00a0\u00a0\u00a0\u00a0\u00a0Vamos come\u00e7ar um reavivamento da nossa vida pessoal e espiritual acolhendo Cristo Ressuscitado na jornada de nossas vidas. Ele pode pegar essa jornada nublada por calamidades e nos guiar no caminho da santidade. Com Jesus como nosso Bom Pastor e companheiro, cumpriremos seu chamado para sermos o sal da terra e a luz do mundo. A verdadeira santidade nos torna disc\u00edpulos de Jesus e mission\u00e1rios de seu evangelho. Neste tempo de tantas incertezas, de desafios constantes, o Senhor Jesus est\u00e1 ansioso para que o recebamos em nossa jornada, assim como fizeram os disc\u00edpulos na estrada para Ema\u00fas. (Lc 24,28-29) Quanto \u00e0queles dois disc\u00edpulos, a disposi\u00e7\u00e3o de hospitalidade nos abre para a incr\u00edvel miseric\u00f3rdia encontrada em Cristo e para as gra\u00e7as inesperadas descobertas ao acolher outros na peregrina\u00e7\u00e3o da f\u00e9.<\/p>\n\n\n\n<p>\u00a0\u00a0\u00a0\u00a0\u00a0\u00a0\u00a0A igreja primitiva enfatizou a hospitalidade como uma dimens\u00e3o essencial da santidade. S\u00e3o Paulo, relatando a controv\u00e9rsia inicial sobre a inclus\u00e3o dos gentios como parte da comunidade crist\u00e3, lembrou aos g\u00e1latas das instru\u00e7\u00f5es claras que ele havia recebido de Sim\u00e3o Pedro e dos ap\u00f3stolos em Jerusal\u00e9m: \u201cDever\u00edamos estar atentos aos pobres, o que \u00e9 exatamente o que eu estava ansioso para fazer.\u201d (Gl 2,10) Na Carta aos Hebreus, o autor exortou a comunidade a praticar a hospitalidade: \u201cN\u00e3o negligenciem a hospitalidade, pois por ela alguns, sem saber, hospedaram anjos.\u201d (Hb 13,2)<\/p>\n\n\n\n<p>\u00a0\u00a0\u00a0\u00a0\u00a0\u00a0\u00a0A santidade por sua pr\u00f3pria natureza \u00e9 hospitaleira. Jesus convidou outros \u00e0 santidade de uma forma pessoal. Aos disc\u00edpulos de Jo\u00e3o, \u201cVenham e vejam.\u201d (Jo\u00e3o 1,35-39). A Andr\u00e9 e Sim\u00e3o ao longo das margens do Mar da Galileia, \u201cVenham, sigam-me.\u201d (Marcos 1,16-18). \u201cVinde a mim, todos os que estais cansados e sobrecarregados,\u201d (Mateus 11,28) foi seu convite a todos cujos cora\u00e7\u00f5es estavam aflitos. A santidade de Cristo atraiu os primeiros disc\u00edpulos. A santidade do Senhor Jesus atraiu os doentes e os famintos para buscar cura e nutri\u00e7\u00e3o. Quando nos unimos mais intimamente a Cristo, seu esp\u00edrito ent\u00e3o nos torna seus mensageiros, seus mission\u00e1rios com a luz de sua miseric\u00f3rdia divina em nossos cora\u00e7\u00f5es. N\u00e3o \u00e9 uma quest\u00e3o de se perguntar quando os outros retornar\u00e3o, mas quando buscaremos ansiosamente traz\u00ea-los a Cristo? Eis porque nos tornamos peregrinos de esperan\u00e7a e testemunhas de esperan\u00e7a!<\/p>\n\n\n\n<p>\u00a0\u00a0\u00a0\u00a0\u00a0\u00a0\u00a0Uma hospitalidade santa e sacramental imita o sacrif\u00edcio sacerdotal de Jesus. Assim como Cristo aceitou obedientemente a cruz, acolhemos em santa obedi\u00eancia a vontade do Pai para n\u00f3s. Uma hospitalidade santa e sacramental tamb\u00e9m se oferece aos outros como Cristo se ofereceu por n\u00f3s. Somente sondando as profundezas do sacrif\u00edcio amoroso de Cristo na cruz faremos o que ele fez. Depois de lavar os p\u00e9s de seus disc\u00edpulos, em um prel\u00fadio ao sofrimento purificador da cruz, Jesus disse a seus disc\u00edpulos: \u201cComo eu fiz por voc\u00eas, voc\u00eas tamb\u00e9m devem fazer.\u201d (Jo\u00e3o 13,15)<\/p>\n\n\n\n<p>\u00a0\u00a0\u00a0\u00a0\u00a0\u00a0\u00a0Com o Senhor Jesus, estamos abertos \u00e0 vontade do Pai e nos oferecemos aos outros. Essas duas dimens\u00f5es sacramentais da hospitalidade nos levam a uma maior harmonia com o \u00fanico sacrif\u00edcio santo de Cristo. A hospitalidade se torna mais do que um gesto gracioso; ela se torna uma oportunidade de crescer na santidade de Cristo e comunicar sua santidade aos outros. Este \u00e9 o sal e a luz aos quais o Senhor Jesus nos convoca do Serm\u00e3o da Montanha. Eis o que nos motiva e move para sermos as testemunhas de Cristo, testemunhas de esperan\u00e7a.<\/p>\n\n\n\n<p>\u00a0\u00a0\u00a0\u00a0\u00a0\u00a0\u00a0Com este desejo em nossos cora\u00e7\u00f5es fa\u00e7amos neste tempo pascal a experi\u00eancia de viver o nosso batismo: cumprir em nossa vida o Serm\u00e3o da Montanha que \u00e9 o viver crist\u00e3o no mundo, testemunhas do Senhor, chamados a celebrar nossa f\u00e9 juntamente com os irm\u00e3os de comunidade, de vida eclesial alicer\u00e7ados tamb\u00e9m pelo testemunho de nosso padroeiro que iremos celebrar os 500 anos de seu nascimento.<\/p>\n\n\n\n<p class=\"has-text-align-center\">Tenhamos todos um tempo pascal fortemente marcado pelo encontro com o Senhor.\u00a0 <\/p>\n\n\n\n<p class=\"has-text-align-center\">Com\u00a0carinho.<\/p>\n\n\n\n<p class=\"has-text-align-center\">Padre Carlos Marchesani, P\u00e1roco.<\/p>\n","protected":false},"excerpt":{"rendered":"<p>Caros amigos e irm\u00e3os em Cristo Jesus, paz e bem a todos! \u00a0\u00a0\u00a0\u00a0\u00a0\u00a0\u00a0Com alegria vivemos este tempo de gra\u00e7a em nossa vida de f\u00e9, o tempo da P\u00e1scoa do Senhor. Sempre a proposta evang\u00e9lica \u00e9 a vida do encontro com o Senhor que caminha ao nosso lado, se revela a n\u00f3s pela Palavra e na [&hellip;]<\/p>\n","protected":false},"author":3,"featured_media":2846,"comment_status":"open","ping_status":"open","sticky":false,"template":"","format":"standard","meta":{"footnotes":""},"categories":[13],"tags":[],"blocksy_meta":"","yoast_head":"<!-- This site is optimized with the Yoast SEO plugin v22.4 - https:\/\/yoast.com\/wordpress\/plugins\/seo\/ -->\n<title>MENSAGEM DO PASTOR: COM O SENHOR RESSUSCITADO SOMOS CHAMADOS \u00c0 SANTIDADE COMO PEREGRINOS DA ESPERAN\u00c7A - Paroquia Sao Benedito<\/title>\n<meta name=\"robots\" content=\"index, follow, max-snippet:-1, max-image-preview:large, max-video-preview:-1\" \/>\n<link rel=\"canonical\" href=\"https:\/\/sbeneditosalto.com.br\/index.php\/2025\/04\/14\/mensagem-do-pastor-com-o-senhor-ressuscitado-somos-chamados-a-santidade-como-peregrinos-da-esperanca\/\" \/>\n<meta property=\"og:locale\" content=\"en_US\" \/>\n<meta property=\"og:type\" content=\"article\" \/>\n<meta property=\"og:title\" content=\"MENSAGEM DO PASTOR: COM O SENHOR RESSUSCITADO SOMOS CHAMADOS \u00c0 SANTIDADE COMO PEREGRINOS DA ESPERAN\u00c7A - Paroquia Sao Benedito\" \/>\n<meta property=\"og:description\" content=\"Caros amigos e irm\u00e3os em Cristo Jesus, paz e bem a todos! \u00a0\u00a0\u00a0\u00a0\u00a0\u00a0\u00a0Com alegria vivemos este tempo de gra\u00e7a em nossa vida de f\u00e9, o tempo da P\u00e1scoa do Senhor. Sempre a proposta evang\u00e9lica \u00e9 a vida do encontro com o Senhor que caminha ao nosso lado, se revela a n\u00f3s pela Palavra e na [&hellip;]\" \/>\n<meta property=\"og:url\" content=\"https:\/\/sbeneditosalto.com.br\/index.php\/2025\/04\/14\/mensagem-do-pastor-com-o-senhor-ressuscitado-somos-chamados-a-santidade-como-peregrinos-da-esperanca\/\" \/>\n<meta property=\"og:site_name\" content=\"Paroquia Sao Benedito\" \/>\n<meta property=\"article:published_time\" content=\"2025-04-14T23:31:53+00:00\" \/>\n<meta property=\"article:modified_time\" content=\"2025-04-14T23:33:48+00:00\" \/>\n<meta property=\"og:image\" content=\"https:\/\/sbeneditosalto.com.br\/wp-content\/uploads\/2025\/04\/MP-SENHOR-RESSUSCITADO-AVATAR.png\" \/>\n\t<meta property=\"og:image:width\" content=\"1000\" \/>\n\t<meta property=\"og:image:height\" content=\"750\" \/>\n\t<meta property=\"og:image:type\" content=\"image\/png\" \/>\n<meta name=\"author\" content=\"PE. CARLOS APARECIDO MARCHESANI\" \/>\n<meta name=\"twitter:card\" content=\"summary_large_image\" \/>\n<meta name=\"twitter:label1\" content=\"Written by\" \/>\n\t<meta name=\"twitter:data1\" content=\"PE. CARLOS APARECIDO MARCHESANI\" \/>\n\t<meta name=\"twitter:label2\" content=\"Est. reading time\" \/>\n\t<meta name=\"twitter:data2\" content=\"4 minutes\" \/>\n<script type=\"application\/ld+json\" class=\"yoast-schema-graph\">{\"@context\":\"https:\/\/schema.org\",\"@graph\":[{\"@type\":\"Article\",\"@id\":\"https:\/\/sbeneditosalto.com.br\/index.php\/2025\/04\/14\/mensagem-do-pastor-com-o-senhor-ressuscitado-somos-chamados-a-santidade-como-peregrinos-da-esperanca\/#article\",\"isPartOf\":{\"@id\":\"https:\/\/sbeneditosalto.com.br\/index.php\/2025\/04\/14\/mensagem-do-pastor-com-o-senhor-ressuscitado-somos-chamados-a-santidade-como-peregrinos-da-esperanca\/\"},\"author\":{\"name\":\"PE. CARLOS APARECIDO MARCHESANI\",\"@id\":\"https:\/\/sbeneditosalto.com.br\/#\/schema\/person\/f532af984122ed64d3aee41b9bde29f6\"},\"headline\":\"MENSAGEM DO PASTOR: COM O SENHOR RESSUSCITADO SOMOS CHAMADOS \u00c0 SANTIDADE COMO PEREGRINOS DA ESPERAN\u00c7A\",\"datePublished\":\"2025-04-14T23:31:53+00:00\",\"dateModified\":\"2025-04-14T23:33:48+00:00\",\"mainEntityOfPage\":{\"@id\":\"https:\/\/sbeneditosalto.com.br\/index.php\/2025\/04\/14\/mensagem-do-pastor-com-o-senhor-ressuscitado-somos-chamados-a-santidade-como-peregrinos-da-esperanca\/\"},\"wordCount\":948,\"commentCount\":0,\"publisher\":{\"@id\":\"https:\/\/sbeneditosalto.com.br\/#organization\"},\"image\":{\"@id\":\"https:\/\/sbeneditosalto.com.br\/index.php\/2025\/04\/14\/mensagem-do-pastor-com-o-senhor-ressuscitado-somos-chamados-a-santidade-como-peregrinos-da-esperanca\/#primaryimage\"},\"thumbnailUrl\":\"https:\/\/sbeneditosalto.com.br\/wp-content\/uploads\/2025\/04\/MP-SENHOR-RESSUSCITADO-AVATAR.png\",\"articleSection\":[\"Artigo\"],\"inLanguage\":\"en-US\",\"potentialAction\":[{\"@type\":\"CommentAction\",\"name\":\"Comment\",\"target\":[\"https:\/\/sbeneditosalto.com.br\/index.php\/2025\/04\/14\/mensagem-do-pastor-com-o-senhor-ressuscitado-somos-chamados-a-santidade-como-peregrinos-da-esperanca\/#respond\"]}]},{\"@type\":\"WebPage\",\"@id\":\"https:\/\/sbeneditosalto.com.br\/index.php\/2025\/04\/14\/mensagem-do-pastor-com-o-senhor-ressuscitado-somos-chamados-a-santidade-como-peregrinos-da-esperanca\/\",\"url\":\"https:\/\/sbeneditosalto.com.br\/index.php\/2025\/04\/14\/mensagem-do-pastor-com-o-senhor-ressuscitado-somos-chamados-a-santidade-como-peregrinos-da-esperanca\/\",\"name\":\"MENSAGEM DO PASTOR: COM O SENHOR RESSUSCITADO SOMOS CHAMADOS \u00c0 SANTIDADE COMO PEREGRINOS DA ESPERAN\u00c7A - Paroquia Sao Benedito\",\"isPartOf\":{\"@id\":\"https:\/\/sbeneditosalto.com.br\/#website\"},\"primaryImageOfPage\":{\"@id\":\"https:\/\/sbeneditosalto.com.br\/index.php\/2025\/04\/14\/mensagem-do-pastor-com-o-senhor-ressuscitado-somos-chamados-a-santidade-como-peregrinos-da-esperanca\/#primaryimage\"},\"image\":{\"@id\":\"https:\/\/sbeneditosalto.com.br\/index.php\/2025\/04\/14\/mensagem-do-pastor-com-o-senhor-ressuscitado-somos-chamados-a-santidade-como-peregrinos-da-esperanca\/#primaryimage\"},\"thumbnailUrl\":\"https:\/\/sbeneditosalto.com.br\/wp-content\/uploads\/2025\/04\/MP-SENHOR-RESSUSCITADO-AVATAR.png\",\"datePublished\":\"2025-04-14T23:31:53+00:00\",\"dateModified\":\"2025-04-14T23:33:48+00:00\",\"breadcrumb\":{\"@id\":\"https:\/\/sbeneditosalto.com.br\/index.php\/2025\/04\/14\/mensagem-do-pastor-com-o-senhor-ressuscitado-somos-chamados-a-santidade-como-peregrinos-da-esperanca\/#breadcrumb\"},\"inLanguage\":\"en-US\",\"potentialAction\":[{\"@type\":\"ReadAction\",\"target\":[\"https:\/\/sbeneditosalto.com.br\/index.php\/2025\/04\/14\/mensagem-do-pastor-com-o-senhor-ressuscitado-somos-chamados-a-santidade-como-peregrinos-da-esperanca\/\"]}]},{\"@type\":\"ImageObject\",\"inLanguage\":\"en-US\",\"@id\":\"https:\/\/sbeneditosalto.com.br\/index.php\/2025\/04\/14\/mensagem-do-pastor-com-o-senhor-ressuscitado-somos-chamados-a-santidade-como-peregrinos-da-esperanca\/#primaryimage\",\"url\":\"https:\/\/sbeneditosalto.com.br\/wp-content\/uploads\/2025\/04\/MP-SENHOR-RESSUSCITADO-AVATAR.png\",\"contentUrl\":\"https:\/\/sbeneditosalto.com.br\/wp-content\/uploads\/2025\/04\/MP-SENHOR-RESSUSCITADO-AVATAR.png\",\"width\":1000,\"height\":750},{\"@type\":\"BreadcrumbList\",\"@id\":\"https:\/\/sbeneditosalto.com.br\/index.php\/2025\/04\/14\/mensagem-do-pastor-com-o-senhor-ressuscitado-somos-chamados-a-santidade-como-peregrinos-da-esperanca\/#breadcrumb\",\"itemListElement\":[{\"@type\":\"ListItem\",\"position\":1,\"name\":\"In\u00edcio\",\"item\":\"https:\/\/sbeneditosalto.com.br\/\"},{\"@type\":\"ListItem\",\"position\":2,\"name\":\"MENSAGEM DO PASTOR: COM O SENHOR RESSUSCITADO SOMOS CHAMADOS \u00c0 SANTIDADE COMO PEREGRINOS DA ESPERAN\u00c7A\"}]},{\"@type\":\"WebSite\",\"@id\":\"https:\/\/sbeneditosalto.com.br\/#website\",\"url\":\"https:\/\/sbeneditosalto.com.br\/\",\"name\":\"Paroquia Sao Benedito\",\"description\":\"\",\"publisher\":{\"@id\":\"https:\/\/sbeneditosalto.com.br\/#organization\"},\"potentialAction\":[{\"@type\":\"SearchAction\",\"target\":{\"@type\":\"EntryPoint\",\"urlTemplate\":\"https:\/\/sbeneditosalto.com.br\/?s={search_term_string}\"},\"query-input\":\"required name=search_term_string\"}],\"inLanguage\":\"en-US\"},{\"@type\":\"Organization\",\"@id\":\"https:\/\/sbeneditosalto.com.br\/#organization\",\"name\":\"Paroquia Sao Benedito\",\"url\":\"https:\/\/sbeneditosalto.com.br\/\",\"logo\":{\"@type\":\"ImageObject\",\"inLanguage\":\"en-US\",\"@id\":\"https:\/\/sbeneditosalto.com.br\/#\/schema\/logo\/image\/\",\"url\":\"\",\"contentUrl\":\"\",\"caption\":\"Paroquia Sao Benedito\"},\"image\":{\"@id\":\"https:\/\/sbeneditosalto.com.br\/#\/schema\/logo\/image\/\"}},{\"@type\":\"Person\",\"@id\":\"https:\/\/sbeneditosalto.com.br\/#\/schema\/person\/f532af984122ed64d3aee41b9bde29f6\",\"name\":\"PE. CARLOS APARECIDO MARCHESANI\",\"image\":{\"@type\":\"ImageObject\",\"inLanguage\":\"en-US\",\"@id\":\"https:\/\/sbeneditosalto.com.br\/#\/schema\/person\/image\/\",\"url\":\"https:\/\/secure.gravatar.com\/avatar\/4d55680d96ecc9d9646f970e102a4b0b?s=96&d=mm&r=g\",\"contentUrl\":\"https:\/\/secure.gravatar.com\/avatar\/4d55680d96ecc9d9646f970e102a4b0b?s=96&d=mm&r=g\",\"caption\":\"PE. CARLOS APARECIDO MARCHESANI\"},\"url\":\"https:\/\/sbeneditosalto.com.br\/index.php\/author\/pe-carlos-marchesani\/\"}]}<\/script>\n<!-- \/ Yoast SEO plugin. -->","yoast_head_json":{"title":"MENSAGEM DO PASTOR: COM O SENHOR RESSUSCITADO SOMOS CHAMADOS \u00c0 SANTIDADE COMO PEREGRINOS DA ESPERAN\u00c7A - Paroquia Sao Benedito","robots":{"index":"index","follow":"follow","max-snippet":"max-snippet:-1","max-image-preview":"max-image-preview:large","max-video-preview":"max-video-preview:-1"},"canonical":"https:\/\/sbeneditosalto.com.br\/index.php\/2025\/04\/14\/mensagem-do-pastor-com-o-senhor-ressuscitado-somos-chamados-a-santidade-como-peregrinos-da-esperanca\/","og_locale":"en_US","og_type":"article","og_title":"MENSAGEM DO PASTOR: COM O SENHOR RESSUSCITADO SOMOS CHAMADOS \u00c0 SANTIDADE COMO PEREGRINOS DA ESPERAN\u00c7A - Paroquia Sao Benedito","og_description":"Caros amigos e irm\u00e3os em Cristo Jesus, paz e bem a todos! \u00a0\u00a0\u00a0\u00a0\u00a0\u00a0\u00a0Com alegria vivemos este tempo de gra\u00e7a em nossa vida de f\u00e9, o tempo da P\u00e1scoa do Senhor. Sempre a proposta evang\u00e9lica \u00e9 a vida do encontro com o Senhor que caminha ao nosso lado, se revela a n\u00f3s pela Palavra e na [&hellip;]","og_url":"https:\/\/sbeneditosalto.com.br\/index.php\/2025\/04\/14\/mensagem-do-pastor-com-o-senhor-ressuscitado-somos-chamados-a-santidade-como-peregrinos-da-esperanca\/","og_site_name":"Paroquia Sao Benedito","article_published_time":"2025-04-14T23:31:53+00:00","article_modified_time":"2025-04-14T23:33:48+00:00","og_image":[{"width":1000,"height":750,"url":"https:\/\/sbeneditosalto.com.br\/wp-content\/uploads\/2025\/04\/MP-SENHOR-RESSUSCITADO-AVATAR.png","type":"image\/png"}],"author":"PE. CARLOS APARECIDO MARCHESANI","twitter_card":"summary_large_image","twitter_misc":{"Written by":"PE. CARLOS APARECIDO MARCHESANI","Est. reading time":"4 minutes"},"schema":{"@context":"https:\/\/schema.org","@graph":[{"@type":"Article","@id":"https:\/\/sbeneditosalto.com.br\/index.php\/2025\/04\/14\/mensagem-do-pastor-com-o-senhor-ressuscitado-somos-chamados-a-santidade-como-peregrinos-da-esperanca\/#article","isPartOf":{"@id":"https:\/\/sbeneditosalto.com.br\/index.php\/2025\/04\/14\/mensagem-do-pastor-com-o-senhor-ressuscitado-somos-chamados-a-santidade-como-peregrinos-da-esperanca\/"},"author":{"name":"PE. CARLOS APARECIDO MARCHESANI","@id":"https:\/\/sbeneditosalto.com.br\/#\/schema\/person\/f532af984122ed64d3aee41b9bde29f6"},"headline":"MENSAGEM DO PASTOR: COM O SENHOR RESSUSCITADO SOMOS CHAMADOS \u00c0 SANTIDADE COMO PEREGRINOS DA ESPERAN\u00c7A","datePublished":"2025-04-14T23:31:53+00:00","dateModified":"2025-04-14T23:33:48+00:00","mainEntityOfPage":{"@id":"https:\/\/sbeneditosalto.com.br\/index.php\/2025\/04\/14\/mensagem-do-pastor-com-o-senhor-ressuscitado-somos-chamados-a-santidade-como-peregrinos-da-esperanca\/"},"wordCount":948,"commentCount":0,"publisher":{"@id":"https:\/\/sbeneditosalto.com.br\/#organization"},"image":{"@id":"https:\/\/sbeneditosalto.com.br\/index.php\/2025\/04\/14\/mensagem-do-pastor-com-o-senhor-ressuscitado-somos-chamados-a-santidade-como-peregrinos-da-esperanca\/#primaryimage"},"thumbnailUrl":"https:\/\/sbeneditosalto.com.br\/wp-content\/uploads\/2025\/04\/MP-SENHOR-RESSUSCITADO-AVATAR.png","articleSection":["Artigo"],"inLanguage":"en-US","potentialAction":[{"@type":"CommentAction","name":"Comment","target":["https:\/\/sbeneditosalto.com.br\/index.php\/2025\/04\/14\/mensagem-do-pastor-com-o-senhor-ressuscitado-somos-chamados-a-santidade-como-peregrinos-da-esperanca\/#respond"]}]},{"@type":"WebPage","@id":"https:\/\/sbeneditosalto.com.br\/index.php\/2025\/04\/14\/mensagem-do-pastor-com-o-senhor-ressuscitado-somos-chamados-a-santidade-como-peregrinos-da-esperanca\/","url":"https:\/\/sbeneditosalto.com.br\/index.php\/2025\/04\/14\/mensagem-do-pastor-com-o-senhor-ressuscitado-somos-chamados-a-santidade-como-peregrinos-da-esperanca\/","name":"MENSAGEM DO PASTOR: COM O SENHOR RESSUSCITADO SOMOS CHAMADOS \u00c0 SANTIDADE COMO PEREGRINOS DA ESPERAN\u00c7A - Paroquia Sao Benedito","isPartOf":{"@id":"https:\/\/sbeneditosalto.com.br\/#website"},"primaryImageOfPage":{"@id":"https:\/\/sbeneditosalto.com.br\/index.php\/2025\/04\/14\/mensagem-do-pastor-com-o-senhor-ressuscitado-somos-chamados-a-santidade-como-peregrinos-da-esperanca\/#primaryimage"},"image":{"@id":"https:\/\/sbeneditosalto.com.br\/index.php\/2025\/04\/14\/mensagem-do-pastor-com-o-senhor-ressuscitado-somos-chamados-a-santidade-como-peregrinos-da-esperanca\/#primaryimage"},"thumbnailUrl":"https:\/\/sbeneditosalto.com.br\/wp-content\/uploads\/2025\/04\/MP-SENHOR-RESSUSCITADO-AVATAR.png","datePublished":"2025-04-14T23:31:53+00:00","dateModified":"2025-04-14T23:33:48+00:00","breadcrumb":{"@id":"https:\/\/sbeneditosalto.com.br\/index.php\/2025\/04\/14\/mensagem-do-pastor-com-o-senhor-ressuscitado-somos-chamados-a-santidade-como-peregrinos-da-esperanca\/#breadcrumb"},"inLanguage":"en-US","potentialAction":[{"@type":"ReadAction","target":["https:\/\/sbeneditosalto.com.br\/index.php\/2025\/04\/14\/mensagem-do-pastor-com-o-senhor-ressuscitado-somos-chamados-a-santidade-como-peregrinos-da-esperanca\/"]}]},{"@type":"ImageObject","inLanguage":"en-US","@id":"https:\/\/sbeneditosalto.com.br\/index.php\/2025\/04\/14\/mensagem-do-pastor-com-o-senhor-ressuscitado-somos-chamados-a-santidade-como-peregrinos-da-esperanca\/#primaryimage","url":"https:\/\/sbeneditosalto.com.br\/wp-content\/uploads\/2025\/04\/MP-SENHOR-RESSUSCITADO-AVATAR.png","contentUrl":"https:\/\/sbeneditosalto.com.br\/wp-content\/uploads\/2025\/04\/MP-SENHOR-RESSUSCITADO-AVATAR.png","width":1000,"height":750},{"@type":"BreadcrumbList","@id":"https:\/\/sbeneditosalto.com.br\/index.php\/2025\/04\/14\/mensagem-do-pastor-com-o-senhor-ressuscitado-somos-chamados-a-santidade-como-peregrinos-da-esperanca\/#breadcrumb","itemListElement":[{"@type":"ListItem","position":1,"name":"In\u00edcio","item":"https:\/\/sbeneditosalto.com.br\/"},{"@type":"ListItem","position":2,"name":"MENSAGEM DO PASTOR: COM O SENHOR RESSUSCITADO SOMOS CHAMADOS \u00c0 SANTIDADE COMO PEREGRINOS DA ESPERAN\u00c7A"}]},{"@type":"WebSite","@id":"https:\/\/sbeneditosalto.com.br\/#website","url":"https:\/\/sbeneditosalto.com.br\/","name":"Paroquia Sao Benedito","description":"","publisher":{"@id":"https:\/\/sbeneditosalto.com.br\/#organization"},"potentialAction":[{"@type":"SearchAction","target":{"@type":"EntryPoint","urlTemplate":"https:\/\/sbeneditosalto.com.br\/?s={search_term_string}"},"query-input":"required name=search_term_string"}],"inLanguage":"en-US"},{"@type":"Organization","@id":"https:\/\/sbeneditosalto.com.br\/#organization","name":"Paroquia Sao Benedito","url":"https:\/\/sbeneditosalto.com.br\/","logo":{"@type":"ImageObject","inLanguage":"en-US","@id":"https:\/\/sbeneditosalto.com.br\/#\/schema\/logo\/image\/","url":"","contentUrl":"","caption":"Paroquia Sao Benedito"},"image":{"@id":"https:\/\/sbeneditosalto.com.br\/#\/schema\/logo\/image\/"}},{"@type":"Person","@id":"https:\/\/sbeneditosalto.com.br\/#\/schema\/person\/f532af984122ed64d3aee41b9bde29f6","name":"PE. CARLOS APARECIDO MARCHESANI","image":{"@type":"ImageObject","inLanguage":"en-US","@id":"https:\/\/sbeneditosalto.com.br\/#\/schema\/person\/image\/","url":"https:\/\/secure.gravatar.com\/avatar\/4d55680d96ecc9d9646f970e102a4b0b?s=96&d=mm&r=g","contentUrl":"https:\/\/secure.gravatar.com\/avatar\/4d55680d96ecc9d9646f970e102a4b0b?s=96&d=mm&r=g","caption":"PE. CARLOS APARECIDO MARCHESANI"},"url":"https:\/\/sbeneditosalto.com.br\/index.php\/author\/pe-carlos-marchesani\/"}]}},"_links":{"self":[{"href":"https:\/\/sbeneditosalto.com.br\/index.php\/wp-json\/wp\/v2\/posts\/2844"}],"collection":[{"href":"https:\/\/sbeneditosalto.com.br\/index.php\/wp-json\/wp\/v2\/posts"}],"about":[{"href":"https:\/\/sbeneditosalto.com.br\/index.php\/wp-json\/wp\/v2\/types\/post"}],"author":[{"embeddable":true,"href":"https:\/\/sbeneditosalto.com.br\/index.php\/wp-json\/wp\/v2\/users\/3"}],"replies":[{"embeddable":true,"href":"https:\/\/sbeneditosalto.com.br\/index.php\/wp-json\/wp\/v2\/comments?post=2844"}],"version-history":[{"count":2,"href":"https:\/\/sbeneditosalto.com.br\/index.php\/wp-json\/wp\/v2\/posts\/2844\/revisions"}],"predecessor-version":[{"id":2849,"href":"https:\/\/sbeneditosalto.com.br\/index.php\/wp-json\/wp\/v2\/posts\/2844\/revisions\/2849"}],"wp:featuredmedia":[{"embeddable":true,"href":"https:\/\/sbeneditosalto.com.br\/index.php\/wp-json\/wp\/v2\/media\/2846"}],"wp:attachment":[{"href":"https:\/\/sbeneditosalto.com.br\/index.php\/wp-json\/wp\/v2\/media?parent=2844"}],"wp:term":[{"taxonomy":"category","embeddable":true,"href":"https:\/\/sbeneditosalto.com.br\/index.php\/wp-json\/wp\/v2\/categories?post=2844"},{"taxonomy":"post_tag","embeddable":true,"href":"https:\/\/sbeneditosalto.com.br\/index.php\/wp-json\/wp\/v2\/tags?post=2844"}],"curies":[{"name":"wp","href":"https:\/\/api.w.org\/{rel}","templated":true}]}}