{"id":2832,"date":"2025-03-23T00:03:25","date_gmt":"2025-03-23T03:03:25","guid":{"rendered":"https:\/\/sbeneditosalto.com.br\/?p=2832"},"modified":"2025-03-23T00:03:25","modified_gmt":"2025-03-23T03:03:25","slug":"jubileu-dos-500-anos-do-nascimento-de-sao-benedito","status":"publish","type":"post","link":"https:\/\/sbeneditosalto.com.br\/index.php\/2025\/03\/23\/jubileu-dos-500-anos-do-nascimento-de-sao-benedito\/","title":{"rendered":"JUBILEU DOS 500 ANOS DO NASCIMENTO DE S\u00c3O BENEDITO"},"content":{"rendered":"\n<h4 class=\"wp-block-heading\">Durante os anos de 2025 e 2026, ser\u00e3o realizados eventos religiosos, culturais e esportivos, comemorativos\u00a0ao\u00a0Jubileu.<\/h4>\n\n\n\n<p>Com missa solene na Matriz S\u00e3o Benedito, no dia 31 de mar\u00e7o de 2025, segunda-feira, \u00e0s 19h30, a Par\u00f3quia S\u00e3o Benedito dar\u00e1 in\u00edcio \u00e0s comemora\u00e7\u00f5es do Jubileu dos 500 anos do nascimento de S\u00e3o Benedito, comemorado em 31 de mar\u00e7o de 2026. Convidamos todos os agentes das pastorais, comunidades e irm\u00e3os dos v\u00e1rios grupo e movimentos a participarem em comunh\u00e3o com toda a Par\u00f3quia.<\/p>\n\n\n\n<h4 class=\"wp-block-heading\">Saiba um pouco mais sobre o nosso padroeiro:<\/h4>\n\n\n\n<p>S\u00c3O BENEDITO, O SANTO NEGRO<\/p>\n\n\n\n<p>\u00a0\u00a0\u00a0\u00a0\u00a0\u00a0\u00a0Diz o Of\u00edcio Lit\u00fargico de S\u00e3o Benedito do pr\u00f3prio da Ordem Franciscana: \u201cBenedito que pela sua cor preta foi chamado o santo preto\u201d. Benedito era de fam\u00edlia descendente da \u00c1frica. Seus av\u00f3s eram et\u00edopes. Benedito, portanto, tinha a pele de cor negra. Uma piedade falsa dos s\u00e9culos 19 e 20 (at\u00e9 os anos 50) queria atribuir uma cor de pele morena, quase branca, ao nosso santo, como se n\u00e3o ficasse bem a glorifica\u00e7\u00e3o nos altares da ra\u00e7a negra. Assim como Benedito, tamb\u00e9m Santo Elesb\u00e3o e Santa Efig\u00eania s\u00e3o de cor negra e deram muitas gl\u00f3rias ao Senhor e \u00e0 Igreja.<\/p>\n\n\n\n<p>\u00a0\u00a0\u00a0\u00a0\u00a0\u00a0\u00a0Humilde foi a origem do santo negro. Benedito era filho de Cristovam Manasseri e Diana Larcan, descendentes de escravos trazidos da Eti\u00f3pia, \u00c1frica, para a Sic\u00edlia, It\u00e1lia. O pai fora escravo de um rico senhor, Vicente Manasseri, e dele recebera o sobrenome. Diana, sua m\u00e3e, fora libertada por um cavalheiro da Casa de Lanza. E como os escravos tomavam o nome de seu senhor, veio a chamar-se Diana Larcan ou de Lanza.<\/p>\n\n\n\n<p>\u00a0\u00a0\u00a0\u00a0\u00a0\u00a0\u00a0Casados, Cristovam e Diana viviam como bons crist\u00e3os, fi\u00e9is \u00e0 Lei do Senhor e humildes numa vida de ora\u00e7\u00e3o e trabalho. Sua m\u00e3e, conforme consta do processo de beatifica\u00e7\u00e3o de S\u00e3o Benedito, era devota fervorosa do Sant\u00edssimo Sacramento e extremamente caridosa para com os pobres, dons que Benedito herdaria por toda a vida. Cristovam era fervoroso, voltado para Deus, a fam\u00edlia e o trabalho. Recitava diariamente com edificante piedade o Ros\u00e1rio de Maria e o ensinava a quantos com ele trabalhava. Diante dele ningu\u00e9m blasfemava ou dizia obscenidade. Tantas vezes podia, aproximava-se da Mesa Eucar\u00edstica. Mereceu a confian\u00e7a dos patr\u00f5es, pela honestidade e retid\u00e3o que o caracterizavam no trabalho. Porisso, foi nomeado chefe dos trabalhadores. Dispunha os seus bens em favor dos mais pobres.<\/p>\n\n\n\n<p>\u00a0\u00a0\u00a0\u00a0\u00a0\u00a0\u00a0Um fato que chama a aten\u00e7\u00e3o na vida do pai de Benedito: por ci\u00fames, alguns companheiros de trabalho o caluniaram, dizendo que ele dilapidava os bens do patr\u00e3o em nome da caridade. O honesto feitor viu-se do dia para a noite deposto de seu cargo, sofrendo vergonha e humilha\u00e7\u00e3o. Deus veio em seu socorro: os neg\u00f3cios de Manasseri n\u00e3o iam bem e sua terras j\u00e1 n\u00e3o produziam como antes. Morriam seus animais e seus campos eram v\u00edtimas de pragas. O patr\u00e3o percebeu a injusti\u00e7a que havia cometido e mandou chamar Cristovam e o reintegrou no cargo de of\u00edcio, com mais poder e autoridade que antes. Fez ainda mais: deu ao escravo piedoso e fiel, toda a liberdade para socorrer os pobres que o procurassem. Deu muitas esmolas e os neg\u00f3cios de Manasseri prosperaram.<\/p>\n\n\n\n<p>\u00a0\u00a0\u00a0\u00a0\u00a0\u00a0\u00a0Outro fato que chama a aten\u00e7\u00e3o nos pais de Benedito \u00e9 de que fizeram voto de castidade ao contrairem matrim\u00f4nio, vivendo na penit\u00eancia, no trabalho e na ora\u00e7\u00e3o. Foi o patr\u00e3o quem persuadiu os pais \u00e0 exercerem os seus direitos de matrim\u00f4nio, prometendo dar liberdade aos seus descendentes. Assim o fizeram, assim nasceu Benedito, fruto de uma b\u00ean\u00e7\u00e3o especial de Deus: Bendito! Bendito! Bendito! Era o ano de 1524. Nasceu livre quanto \u00e0 condi\u00e7\u00e3o, e mais livre quanto \u00e0 santa liberdade dos remidos pelo Sangue do Cordeiro. Dele se dizia: Negro e muito formoso, devido os tra\u00e7os finos de seu rosto.<\/p>\n\n\n\n<p>\u00a0\u00a0\u00a0\u00a0\u00a0\u00a0\u00a0A forma\u00e7\u00e3o crist\u00e3 do pequeno Benedito se deve \u00e0 sua m\u00e3e, Diana, virtuosa e rica da gra\u00e7a do Senhor. Benedito crescia em idade, sabedoria e gra\u00e7a diante de Deus e dos homens. Cristovam e Diana, repartindo o tempo entre a ora\u00e7\u00e3o, o trabalho e a educa\u00e7\u00e3o de seu primog\u00eanito, viviam santamente e Benedito era levado \u00e0 Igreja pelas m\u00e3os paternas. Tiveram outros filhos: Marcos, Baldassara e Fradella. Esta se casou com um escravo chamado Antonio Nastasi, com o qual teve uma filha, Violante, que mais tarde entrou para um convento da Ordem Terceira de S\u00e3o Francisco, recebendo o h\u00e1bito de seu tio Benedito. Chamou-se S\u00f3ror Benedita e viveu santamente. Morreu em Palermo, e h\u00e1 testemunhas que atestam milagres operados por Deus com a sua intercess\u00e3o.<\/p>\n\n\n\n<p>\u00a0\u00a0\u00a0\u00a0\u00a0\u00a0\u00a0Benedito foi pastor de ovelhas. Foi muito fiel ao seu dever. Enquanto pastoreava, rezava piedosamente o Ros\u00e1rio. Procurava os lugares mais afastados, pelos altos montes, com boa pastagem e \u00e1gua para seu rebanho, para poder tamb\u00e9m orar e meditar. Certa vez o encontraram escondido em uma gruta, num momento de folga, de joelhos, olhos fixos no c\u00e9u, todo arrebatado em \u00eaxtase. A partir desse dia, nunca mais o ridicularizaram.<\/p>\n\n\n\n<p>\u00a0\u00a0\u00a0\u00a0\u00a0\u00a0\u00a0Aos dezoito anos, Benedito se abrasou no amor do Senhor e demonstrou interesse em se dedicar totalmente a Jesus. Com sacrif\u00edcios, conseguiu comprar uma junta de bois, e com eles passou a ganhar alguns trocados e socorrer os pobres. Isso durou at\u00e9 completar vinte e um anos de idade.<\/p>\n\n\n\n<p>\u00a0\u00a0\u00a0\u00a0\u00a0\u00a0\u00a0Frei Jer\u00f4nimo Lanza, natural de San Marco, abandonou o mundo e se recolheu com alguns companheiros num eremit\u00e9rio de Santa Dominica, na regi\u00e3o de Caronia. O Papa J\u00falio III autorizou aos novos eremitas professarem a Regra Ser\u00e1fica de S\u00e3o Francisco, juntando ainda aos votos de pobreza, obedi\u00eancia e castidade, o voto de vida quaresmal, que os levava a jejuar tr\u00eas dias por semana. Numa de suas viagens, Jer\u00f4nimo conheceu Benedito, que num momento de descanso era injuriado e zombado pelos companheiros de trabalho por causa da cor da pele. Frei Jer\u00f4nimo ouviu e repreendeu severamente os injustios e lhes disse em tom prof\u00e9tico: \u201cAh! Hoje, fazeis ca\u00e7oada e ridicularizais este pobre negrinho; mas daqui a poucos anos vereis a sua fama correr todo o mundo!\u201d Voltando-se para o patr\u00e3o lhe disse: Eu vos recomendo muito este mo\u00e7o porque logo ele vir\u00e1 em minha companhia e se h\u00e1 de tornar um santo religioso!\u201d<\/p>\n\n\n\n<p>\u00a0\u00a0\u00a0\u00a0\u00a0\u00a0\u00a0Alguns dias depois, Frei Jer\u00f4nimo voltou \u00e0quele lugar e disse ao ver Benedito: \u201cQue fazes aqui? Vamos! Vende estes bois e vem comigo.\u201d Benedito n\u00e3o teve d\u00favidas e o seguiu. Seus pais, n\u00e3o obstante necessitassem da ajuda monet\u00e1ria do filho, n\u00e3o se opuseram \u00e0 voca\u00e7\u00e3o do filho.<\/p>\n\n\n\n<p>\u00a0\u00a0\u00a0\u00a0\u00a0\u00a0\u00a0Os irm\u00e3os Eremitas Franciscanos levavam vida austera, em extrema pobreza. Mendigavam o pouco de p\u00e3o nas vizinhan\u00e7as, e tinham algumas ervas e \u00e1gua para sustentar. A habita\u00e7\u00e3o era paup\u00e9rrima, estreita e sem conforto. Vestiam-se de grosseiro pano e passavam longas horas em ora\u00e7\u00e3o. Depois da sua profiss\u00e3o solene, Benedito quis usar um manto parecido com o de S\u00e3o Paulo Eremita, feito de folhas de palmeira, com um capuz de l\u00e3 muito velha protegendo a cabe\u00e7a. Em 1562, contando o santo com 38 anos de idade, o Papa Pio IV, ouvindo os apelos de eremitas que n\u00e3o suportavam os rigores do 4\u00ba voto, o de vida quaresmal, ordenou que os eremitas de Frei Jer\u00f4nimo se recolhessem a qualquer dos conventos franciscanos regulares, dispensando-os do 4\u00ba voto.<\/p>\n\n\n\n<p>\u00a0\u00a0\u00a0\u00a0\u00a0\u00a0\u00a0Benedito, indeciso quanto ao convento em que se recolheria, foi orar na Catedral Metropolitana de Palermo, diante da imagem de Nossa Senhora, sob o t\u00edtulo de Madona di Libera Inferni e, chorando, pediu a intercess\u00e3o da M\u00e3e para a sua escolha. Ouviu a voz da M\u00e3e falando no seu cora\u00e7\u00e3o: \u201cMeu filho, \u00e9 vontade de Deus que entres para a Ordem dos Frades Menores Reformados\u201d: Sua voca\u00e7\u00e3o estava resolvida! Agradecendo \u00e0 Maria, foi imediatamente ao Convento de Santa Maria di Ges\u00fa, duas milhas de Palermo.<\/p>\n\n\n\n<h4 class=\"wp-block-heading\">Fatos importantes da vida de Benedito no Convento de Santa Maria di Ges\u00fa:<\/h4>\n\n\n\n<p>* foi recebido em festa pelo Guardi\u00e3o dos Franciscanos, Frei Arc\u00e2ngelo de Scieli, que conhecia sua fama de santidade;<\/p>\n\n\n\n<p>* depois de poucos dias, foi enviado ao Convento de Sant\u2019Ana di Giuliana, um dos Mosteiros mais fervorosos da Ordem;<\/p>\n\n\n\n<p>* ap\u00f3s 03 anos, voltou ao Convento de Santa Maria di Ges\u00fa, onde ficaria at\u00e9 a morte;<\/p>\n\n\n\n<p>* seu primeiro of\u00edcio foi o de cozinheiro, juntando a atividade de Marta \u00e0 contempla\u00e7\u00e3o de Maria (Lc 10, 38-42). Fez da cozinha um santu\u00e1rio de ora\u00e7\u00e3o, vivendo sempre alegre e cheio de mansid\u00e3o para com todos;<\/p>\n\n\n\n<p>* in\u00edcio dos prod\u00edgios: o Cap\u00edtulo da Ordem iria se realizar no Convento. Devido a neve, os frades n\u00e3o poderiam mendigar conforme a Regra estabelecia. Por descuido, o Superior n\u00e3o providenciou o necess\u00e1rio. Como a situa\u00e7\u00e3o era grave, Benedito chamou um de seus auxiliares e o mandou encher umas vasilhas de \u00e1gua. Diante do espanto do Irm\u00e3o, que sabia n\u00e3o haver carnes ou peixes para a refei\u00e7\u00e3o, Benedito replicou: enche as vasilhas e cobre-as com t\u00e1buas. Recolheu-se aos seus aposentos e p\u00f4s-se a rezar. Ao amanhecer, chama seu auxiliar e v\u00e3o \u00e0 cozinha. Ali ocorreu o milagre: grandes peixes, suficientes para v\u00e1rias refei\u00e7\u00f5es, estavam nas panelas.;<\/p>\n\n\n\n<p>* certo dia a carne chegou atrasada e os frades come\u00e7aram a pedir a mesma. Benedito disse que a mesma estava ao fogo h\u00e1 poucos minutos, mas iria ver o que fazer. Encontrou a carne bem temperada, cozida e pronta;<\/p>\n\n\n\n<p>* trinta oper\u00e1rios prestavam servi\u00e7os volunt\u00e1rios no convento. Certo dia, porque vieram sem pr\u00e9vio aviso, encontraram as despensas do Convento vazias. Benedito p\u00f4s-se em ora\u00e7\u00e3o e serviu farta refei\u00e7\u00e3o aos oper\u00e1rios e ainda sobraram alimentos para a despensa;<\/p>\n\n\n\n<p>* Sem lenha para o fog\u00e3o, Benedito subiu ao monte e encontrou uma grande \u00e1rvore derrubada por raio. Seriam necess\u00e1rios v\u00e1rios homens fortes para conduzirem a mesma. No entanto Benedito a colocou no ombro sem nenhum esfor\u00e7o, causando espanto a todos os que viam a cena;<\/p>\n\n\n\n<p>* O Arcebispo de Palermo, Dom Diogo d\u2019Abedo, gostava de se recolher uns dias para descansar e rezar no Convento de Santa Maria di Ges\u00fa. Vindo para as festas do Natal, trouxe consigo grande quantidade de v\u00edveres. Na missa da aurora do Natal, Frei Benedito, abrasado de santo amor, vai receber a Santa Comunh\u00e3o. Sente o Menino Jesus em seu cora\u00e7\u00e3o como no pres\u00e9pio de Bel\u00e9m. Chora ao contemplar um quadro ao lado do Altar. Caiu em \u00eaxtase, ficando ali v\u00e1rias horas arrebatado, sem pensar nos trabalhos da cozinha. Quando estava para come\u00e7ar a Missa solene Pontifical, o Superior foi \u00e0 cozinha e viu o fogo apagado. Clamou por Benedito, reclamando o almo\u00e7o para logo depois da Missa. O Convento ficou em polvorosa, para n\u00e3o fazer feio diante do Arcebispo. Foi o turifer\u00e1rio quem encontrou Benedito a contemplar o Menino Jesus, chamando sua aten\u00e7\u00e3o quanto ao almo\u00e7o. A resposta de Benedito o desconcertou: N\u00e3o se aflija, irm\u00e3o! Ap\u00f3s a Missa, acendeu uma vela e voltou a rezar. Os irm\u00e3os o injuriavam, revoltados com a pregui\u00e7a e o descaso do frade negro. Viam a vergonha diante dos olhos. Benedito calou-se e calmamente acendeu o fogo. Quando chegou o hor\u00e1rio da refei\u00e7\u00e3o e o Superior ordenou a arruma\u00e7\u00e3o da mesa, viram dois belos jovens acabando de preparar suculento banquete para o Arcebispo e todos do convento. As inj\u00farias se transformaram em louvores e gra\u00e7as ao Senhor e ao humilde servo.<\/p>\n\n\n\n<p>* Benedito era leigo e analfabeto. Mesmo assim, tornou-se Superior do Convento e modelo admir\u00e1vel no governo daquela casa;<\/p>\n\n\n\n<p>* em 1578, reuniu-se o Cap\u00edtulo Provincial dos Franciscanos no Convento de Santa Maria dos Anjos, em Palermo. Houve a separa\u00e7\u00e3o da Reforma e da Observ\u00e2ncia da Regra, sendo que o Convento onde Benedito morava passou \u00e0 Ordem Reformada. Frei Benedito foi eleito Superior, por sua santidade e servid\u00e3o. Enquanto todos se alegravam, Benedito se entristeceu e procurou o Padre Superior, rogando que o liberasse desse cargo, pois era analfabeto e ignorante. Seu Superior n\u00e3o o liberou e, em nome da Santa Obedi\u00eancia declarou: Doravante ser\u00e1s o Superior do Convento de Santa Maria di Ges\u00fa. \u00c0 Benedito coube somente obedecer;<\/p>\n\n\n\n<p>* sua firmeza e observ\u00e2ncia das Regras faziam com que o Convento tivesse uma vida ativa e cheia de gra\u00e7a;<\/p>\n\n\n\n<p>* alguns autores dizem ter sido Frei Benedito Mestre de Novi\u00e7os. H\u00e1 autores que discordam, pois esse cargo era exercido somente por Presb\u00edteros. Mas a d\u00favida continua, pois j\u00e1 havia acontecido a exce\u00e7\u00e3o quando Benedito foi indicado para o cargo de Superior, exercido tamb\u00e9m por um Presb\u00edtero;<\/p>\n\n\n\n<p>* os novi\u00e7os tinham grande admira\u00e7\u00e3o por Benedito e tinham nele um grande conselheiro;<\/p>\n\n\n\n<p>* Benedito tinha o Dom da Ci\u00eancia Infusa. Sem saber ler ou escrever, conseguia dar aulas sobre todos os assuntos ligados \u00e0 Religi\u00e3o, \u00e0 Ordem ou \u00e0 F\u00e9. Tinha muita clareza, esp\u00edrito e un\u00e7\u00e3o. Te\u00f3logos e Mestres ouviam atentamente o grande santo;<\/p>\n\n\n\n<p>* Segundo Frei Giacomo di Pazza, uma das testemunhas do processo de beatifica\u00e7\u00e3o, n\u00e3o se passava um dia sem que acontecesse um prod\u00edgio operado pela intercess\u00e3o de S\u00e3o Benedito;<\/p>\n\n\n\n<p>* Um dos milagres operado em vida: v\u00e1rias senhoras, num carro puxado por cavalos, sofreram um grave acidente, no qual D. Eleonora caiu sobre uma crian\u00e7a de cinco meses de idade, tendo a crian\u00e7a morrido asfixiada. Diante do desespero de todos, Benedito tomou a crian\u00e7a nos bra\u00e7os, p\u00f5e a m\u00e3o na testa gelada e recita algumas ora\u00e7\u00f5es. Entregando a crian\u00e7a, disse: a senhora j\u00e1 pode amamentar a crian\u00e7a. A crian\u00e7a morta, em contato com o seio da m\u00e3e, adquire vida novamente e suavemente suga o leite da m\u00e3e (na imagem tradicional, S\u00e3o Benedito est\u00e1 carregando essa crian\u00e7a, e n\u00e3o o Menino Jesus, como muitos acreditam);<\/p>\n\n\n\n<p>* uma crian\u00e7a morreu esmagada sob o peso do pai e do carro puxado por cavalos em que estava. Pedindo confian\u00e7a em Deus e em Nossa Senhora, Benedito toma nos bra\u00e7os a crian\u00e7a, enquanto inicia a ora\u00e7\u00e3o. Ao fazer o sinal da Cruz sobre a crian\u00e7a, esta abre os olhos e p\u00f4s-se a chorar e gritar. Ressuscitara maravilhosamente;<\/p>\n\n\n\n<p>* Tamb\u00e9m um cego recupera a vis\u00e3o quando Benedito lhe faz o sinal da Cruz sobre os olhos; outro cego, que perdera a vis\u00e3o h\u00e1 um ano, sem conseguir resultados com os m\u00e9dicos, recupera a vis\u00e3o quando Benedito lhe faz o sinal da Cruz sobre os olhos;<\/p>\n\n\n\n<p>* Incrivel! At\u00e9 um cavalo \u00e9 ressuscitado por Benedito, o cavalo que era do servi\u00e7o do Convento e que ca\u00edra num abismo;<\/p>\n\n\n\n<p>* ap\u00f3s servir os pobres, Frei Vito vira chegar soldados espanh\u00f3is famintos e sedentos. Assustado, viu que havia poucos p\u00e3es em seu cesto. Instado por Benedito a servir os soldados, percebeu que o cesto n\u00e3o se esvaziava e assim p\u00f4de alimentar grande contingente de soldados;<\/p>\n\n\n\n<p>* um pescador pobre, pai de sete filhos, n\u00e3o conseguia pescar um m\u00edsero peixe sequer. Vendo a afli\u00e7\u00e3o do pobre homem, Benedito orou e o pescador viu quantidade inacredit\u00e1vel de peixes em sua r\u00eade;<\/p>\n\n\n\n<p>Muitas curas f\u00edsicas foram realizadas por Deus sob a intercess\u00e3o de S\u00e3o Benedito, em vida e ap\u00f3s a sua morte.<\/p>\n\n\n\n<p>\u00a0\u00a0\u00a0\u00a0\u00a0\u00a0\u00a0Em fevereiro de 1589 Benedito caiu gravemente enfermo. Embora seu m\u00e9dico, de grande fama na regi\u00e3o, previsse sua morte, Benedito o alertou que ainda n\u00e3o havia chegado sua hora. Portanto, recuperou-se. Em mar\u00e7o tornou a adoecer, com uma febre muito alta. Nenhum rem\u00e9dio o aliviava. Previu ent\u00e3o sua morte e fez um pedido estranho: \u201centerrem logo o meu corpo para que n\u00e3o tenham contrariedade\u201d.<\/p>\n\n\n\n<p>\u00a0\u00a0\u00a0\u00a0\u00a0\u00a0\u00a0Recebeu a Un\u00e7\u00e3o dos Enfermos e o Vi\u00e1tico, preparando-se para o encontro com o Senhor. N\u00e3o aceitou ainda a coloca\u00e7\u00e3o das velas em suas m\u00e3os, pois avisaria quando chegasse a hora. Recebeu a visita de Santa \u00darsula e as onze mil virgens em vis\u00e3o. Da\u00ed poucos minutos, chamou Frei Guilherme e mandou que acendesse a vela e pusesse em suas m\u00e3os. Era chegada a hora. Exclamando \u201cJesus! Jesus! Minha M\u00e3e doce Maria! Meu pai S\u00e3o Francisco\u201d, Benedito faleceu na paz do senhor. Era 19 horas de 04 de abril de 1589, ter\u00e7a-feira de P\u00e1scoa, aos 65 anos de idade, dos quais passara 21 anos no mundo, 17 no Eremit\u00e9rio e 27 na Ordem Franciscana. A profecia de que era preciso enterrar logo o seu corpo, cumpriu-se ap\u00f3s o vel\u00f3rio. Multid\u00e3o invadiu o Convento querendo rel\u00edquias ou lembran\u00e7as do grande santo. Em 07 de maio de 1592, seu corpo foi transladado pela primeira vez. Do seu corpo exalava sublime perfume, sendo seu corpo encontrado em perfeito estado de conserva\u00e7\u00e3o, sem uso de qualquer produto qu\u00edmico. Em 03 de outubro de 1611 foi feita a segunda translada\u00e7\u00e3o do corpo, colocado em urna de cristal. Ainda hoje continua conservado, exposto em Urna Mortu\u00e1ria para visita\u00e7\u00e3o p\u00fablica numa Capela lateral da Igreja de Santa Maria, em Palermo, It\u00e1lia.<\/p>\n\n\n\n<p class=\"has-text-align-center\"><strong>Fonte: S\u00e3o Benedito, o Santo Negro \u2013 Monsenhor Asc\u00e2nio Brand\u00e3o \u2013 Industria Gr\u00e1fica Siqueira, 1949.<\/strong><\/p>\n","protected":false},"excerpt":{"rendered":"<p>Durante os anos de 2025 e 2026, ser\u00e3o realizados eventos religiosos, culturais e esportivos, comemorativos\u00a0ao\u00a0Jubileu. Com missa solene na Matriz S\u00e3o Benedito, no dia 31 de mar\u00e7o de 2025, segunda-feira, \u00e0s 19h30, a Par\u00f3quia S\u00e3o Benedito dar\u00e1 in\u00edcio \u00e0s comemora\u00e7\u00f5es do Jubileu dos 500 anos do nascimento de S\u00e3o Benedito, comemorado em 31 de mar\u00e7o [&hellip;]<\/p>\n","protected":false},"author":2,"featured_media":2833,"comment_status":"open","ping_status":"open","sticky":false,"template":"","format":"standard","meta":{"footnotes":""},"categories":[1],"tags":[],"blocksy_meta":"","yoast_head":"<!-- This site is optimized with the Yoast SEO plugin v22.4 - https:\/\/yoast.com\/wordpress\/plugins\/seo\/ -->\n<title>JUBILEU DOS 500 ANOS DO NASCIMENTO DE S\u00c3O BENEDITO - Paroquia Sao Benedito<\/title>\n<meta name=\"robots\" content=\"index, follow, max-snippet:-1, max-image-preview:large, max-video-preview:-1\" \/>\n<link rel=\"canonical\" href=\"https:\/\/sbeneditosalto.com.br\/index.php\/2025\/03\/23\/jubileu-dos-500-anos-do-nascimento-de-sao-benedito\/\" \/>\n<meta property=\"og:locale\" content=\"en_US\" \/>\n<meta property=\"og:type\" content=\"article\" \/>\n<meta property=\"og:title\" content=\"JUBILEU DOS 500 ANOS DO NASCIMENTO DE S\u00c3O BENEDITO - Paroquia Sao Benedito\" \/>\n<meta property=\"og:description\" content=\"Durante os anos de 2025 e 2026, ser\u00e3o realizados eventos religiosos, culturais e esportivos, comemorativos\u00a0ao\u00a0Jubileu. Com missa solene na Matriz S\u00e3o Benedito, no dia 31 de mar\u00e7o de 2025, segunda-feira, \u00e0s 19h30, a Par\u00f3quia S\u00e3o Benedito dar\u00e1 in\u00edcio \u00e0s comemora\u00e7\u00f5es do Jubileu dos 500 anos do nascimento de S\u00e3o Benedito, comemorado em 31 de mar\u00e7o [&hellip;]\" \/>\n<meta property=\"og:url\" content=\"https:\/\/sbeneditosalto.com.br\/index.php\/2025\/03\/23\/jubileu-dos-500-anos-do-nascimento-de-sao-benedito\/\" \/>\n<meta property=\"og:site_name\" content=\"Paroquia Sao Benedito\" \/>\n<meta property=\"article:published_time\" content=\"2025-03-23T03:03:25+00:00\" \/>\n<meta property=\"og:image\" content=\"https:\/\/sbeneditosalto.com.br\/wp-content\/uploads\/2025\/03\/500-ANOS-AVATAR.png\" \/>\n\t<meta property=\"og:image:width\" content=\"1000\" \/>\n\t<meta property=\"og:image:height\" content=\"750\" \/>\n\t<meta property=\"og:image:type\" content=\"image\/png\" \/>\n<meta name=\"author\" content=\"Jos\u00e9 Carlos Pascoal\" \/>\n<meta name=\"twitter:card\" content=\"summary_large_image\" \/>\n<meta name=\"twitter:label1\" content=\"Written by\" \/>\n\t<meta name=\"twitter:data1\" content=\"Jos\u00e9 Carlos Pascoal\" \/>\n\t<meta name=\"twitter:label2\" content=\"Est. reading time\" \/>\n\t<meta name=\"twitter:data2\" content=\"13 minutes\" \/>\n<script type=\"application\/ld+json\" class=\"yoast-schema-graph\">{\"@context\":\"https:\/\/schema.org\",\"@graph\":[{\"@type\":\"Article\",\"@id\":\"https:\/\/sbeneditosalto.com.br\/index.php\/2025\/03\/23\/jubileu-dos-500-anos-do-nascimento-de-sao-benedito\/#article\",\"isPartOf\":{\"@id\":\"https:\/\/sbeneditosalto.com.br\/index.php\/2025\/03\/23\/jubileu-dos-500-anos-do-nascimento-de-sao-benedito\/\"},\"author\":{\"name\":\"Jos\u00e9 Carlos Pascoal\",\"@id\":\"https:\/\/sbeneditosalto.com.br\/#\/schema\/person\/1937db6430bd13d1242baaed97be0781\"},\"headline\":\"JUBILEU DOS 500 ANOS DO NASCIMENTO DE S\u00c3O BENEDITO\",\"datePublished\":\"2025-03-23T03:03:25+00:00\",\"dateModified\":\"2025-03-23T03:03:25+00:00\",\"mainEntityOfPage\":{\"@id\":\"https:\/\/sbeneditosalto.com.br\/index.php\/2025\/03\/23\/jubileu-dos-500-anos-do-nascimento-de-sao-benedito\/\"},\"wordCount\":2970,\"commentCount\":0,\"publisher\":{\"@id\":\"https:\/\/sbeneditosalto.com.br\/#organization\"},\"image\":{\"@id\":\"https:\/\/sbeneditosalto.com.br\/index.php\/2025\/03\/23\/jubileu-dos-500-anos-do-nascimento-de-sao-benedito\/#primaryimage\"},\"thumbnailUrl\":\"https:\/\/sbeneditosalto.com.br\/wp-content\/uploads\/2025\/03\/500-ANOS-AVATAR.png\",\"articleSection\":[\"Blog\"],\"inLanguage\":\"en-US\",\"potentialAction\":[{\"@type\":\"CommentAction\",\"name\":\"Comment\",\"target\":[\"https:\/\/sbeneditosalto.com.br\/index.php\/2025\/03\/23\/jubileu-dos-500-anos-do-nascimento-de-sao-benedito\/#respond\"]}]},{\"@type\":\"WebPage\",\"@id\":\"https:\/\/sbeneditosalto.com.br\/index.php\/2025\/03\/23\/jubileu-dos-500-anos-do-nascimento-de-sao-benedito\/\",\"url\":\"https:\/\/sbeneditosalto.com.br\/index.php\/2025\/03\/23\/jubileu-dos-500-anos-do-nascimento-de-sao-benedito\/\",\"name\":\"JUBILEU DOS 500 ANOS DO NASCIMENTO DE S\u00c3O BENEDITO - Paroquia Sao Benedito\",\"isPartOf\":{\"@id\":\"https:\/\/sbeneditosalto.com.br\/#website\"},\"primaryImageOfPage\":{\"@id\":\"https:\/\/sbeneditosalto.com.br\/index.php\/2025\/03\/23\/jubileu-dos-500-anos-do-nascimento-de-sao-benedito\/#primaryimage\"},\"image\":{\"@id\":\"https:\/\/sbeneditosalto.com.br\/index.php\/2025\/03\/23\/jubileu-dos-500-anos-do-nascimento-de-sao-benedito\/#primaryimage\"},\"thumbnailUrl\":\"https:\/\/sbeneditosalto.com.br\/wp-content\/uploads\/2025\/03\/500-ANOS-AVATAR.png\",\"datePublished\":\"2025-03-23T03:03:25+00:00\",\"dateModified\":\"2025-03-23T03:03:25+00:00\",\"breadcrumb\":{\"@id\":\"https:\/\/sbeneditosalto.com.br\/index.php\/2025\/03\/23\/jubileu-dos-500-anos-do-nascimento-de-sao-benedito\/#breadcrumb\"},\"inLanguage\":\"en-US\",\"potentialAction\":[{\"@type\":\"ReadAction\",\"target\":[\"https:\/\/sbeneditosalto.com.br\/index.php\/2025\/03\/23\/jubileu-dos-500-anos-do-nascimento-de-sao-benedito\/\"]}]},{\"@type\":\"ImageObject\",\"inLanguage\":\"en-US\",\"@id\":\"https:\/\/sbeneditosalto.com.br\/index.php\/2025\/03\/23\/jubileu-dos-500-anos-do-nascimento-de-sao-benedito\/#primaryimage\",\"url\":\"https:\/\/sbeneditosalto.com.br\/wp-content\/uploads\/2025\/03\/500-ANOS-AVATAR.png\",\"contentUrl\":\"https:\/\/sbeneditosalto.com.br\/wp-content\/uploads\/2025\/03\/500-ANOS-AVATAR.png\",\"width\":1000,\"height\":750},{\"@type\":\"BreadcrumbList\",\"@id\":\"https:\/\/sbeneditosalto.com.br\/index.php\/2025\/03\/23\/jubileu-dos-500-anos-do-nascimento-de-sao-benedito\/#breadcrumb\",\"itemListElement\":[{\"@type\":\"ListItem\",\"position\":1,\"name\":\"In\u00edcio\",\"item\":\"https:\/\/sbeneditosalto.com.br\/\"},{\"@type\":\"ListItem\",\"position\":2,\"name\":\"JUBILEU DOS 500 ANOS DO NASCIMENTO DE S\u00c3O BENEDITO\"}]},{\"@type\":\"WebSite\",\"@id\":\"https:\/\/sbeneditosalto.com.br\/#website\",\"url\":\"https:\/\/sbeneditosalto.com.br\/\",\"name\":\"Paroquia Sao Benedito\",\"description\":\"\",\"publisher\":{\"@id\":\"https:\/\/sbeneditosalto.com.br\/#organization\"},\"potentialAction\":[{\"@type\":\"SearchAction\",\"target\":{\"@type\":\"EntryPoint\",\"urlTemplate\":\"https:\/\/sbeneditosalto.com.br\/?s={search_term_string}\"},\"query-input\":\"required name=search_term_string\"}],\"inLanguage\":\"en-US\"},{\"@type\":\"Organization\",\"@id\":\"https:\/\/sbeneditosalto.com.br\/#organization\",\"name\":\"Paroquia Sao Benedito\",\"url\":\"https:\/\/sbeneditosalto.com.br\/\",\"logo\":{\"@type\":\"ImageObject\",\"inLanguage\":\"en-US\",\"@id\":\"https:\/\/sbeneditosalto.com.br\/#\/schema\/logo\/image\/\",\"url\":\"\",\"contentUrl\":\"\",\"caption\":\"Paroquia Sao Benedito\"},\"image\":{\"@id\":\"https:\/\/sbeneditosalto.com.br\/#\/schema\/logo\/image\/\"}},{\"@type\":\"Person\",\"@id\":\"https:\/\/sbeneditosalto.com.br\/#\/schema\/person\/1937db6430bd13d1242baaed97be0781\",\"name\":\"Jos\u00e9 Carlos Pascoal\",\"image\":{\"@type\":\"ImageObject\",\"inLanguage\":\"en-US\",\"@id\":\"https:\/\/sbeneditosalto.com.br\/#\/schema\/person\/image\/\",\"url\":\"https:\/\/secure.gravatar.com\/avatar\/4af6632c766ef45aa6c85f9456f2e79a?s=96&d=mm&r=g\",\"contentUrl\":\"https:\/\/secure.gravatar.com\/avatar\/4af6632c766ef45aa6c85f9456f2e79a?s=96&d=mm&r=g\",\"caption\":\"Jos\u00e9 Carlos Pascoal\"},\"url\":\"https:\/\/sbeneditosalto.com.br\/index.php\/author\/diaconopascoal\/\"}]}<\/script>\n<!-- \/ Yoast SEO plugin. -->","yoast_head_json":{"title":"JUBILEU DOS 500 ANOS DO NASCIMENTO DE S\u00c3O BENEDITO - Paroquia Sao Benedito","robots":{"index":"index","follow":"follow","max-snippet":"max-snippet:-1","max-image-preview":"max-image-preview:large","max-video-preview":"max-video-preview:-1"},"canonical":"https:\/\/sbeneditosalto.com.br\/index.php\/2025\/03\/23\/jubileu-dos-500-anos-do-nascimento-de-sao-benedito\/","og_locale":"en_US","og_type":"article","og_title":"JUBILEU DOS 500 ANOS DO NASCIMENTO DE S\u00c3O BENEDITO - Paroquia Sao Benedito","og_description":"Durante os anos de 2025 e 2026, ser\u00e3o realizados eventos religiosos, culturais e esportivos, comemorativos\u00a0ao\u00a0Jubileu. Com missa solene na Matriz S\u00e3o Benedito, no dia 31 de mar\u00e7o de 2025, segunda-feira, \u00e0s 19h30, a Par\u00f3quia S\u00e3o Benedito dar\u00e1 in\u00edcio \u00e0s comemora\u00e7\u00f5es do Jubileu dos 500 anos do nascimento de S\u00e3o Benedito, comemorado em 31 de mar\u00e7o [&hellip;]","og_url":"https:\/\/sbeneditosalto.com.br\/index.php\/2025\/03\/23\/jubileu-dos-500-anos-do-nascimento-de-sao-benedito\/","og_site_name":"Paroquia Sao Benedito","article_published_time":"2025-03-23T03:03:25+00:00","og_image":[{"width":1000,"height":750,"url":"https:\/\/sbeneditosalto.com.br\/wp-content\/uploads\/2025\/03\/500-ANOS-AVATAR.png","type":"image\/png"}],"author":"Jos\u00e9 Carlos Pascoal","twitter_card":"summary_large_image","twitter_misc":{"Written by":"Jos\u00e9 Carlos Pascoal","Est. reading time":"13 minutes"},"schema":{"@context":"https:\/\/schema.org","@graph":[{"@type":"Article","@id":"https:\/\/sbeneditosalto.com.br\/index.php\/2025\/03\/23\/jubileu-dos-500-anos-do-nascimento-de-sao-benedito\/#article","isPartOf":{"@id":"https:\/\/sbeneditosalto.com.br\/index.php\/2025\/03\/23\/jubileu-dos-500-anos-do-nascimento-de-sao-benedito\/"},"author":{"name":"Jos\u00e9 Carlos Pascoal","@id":"https:\/\/sbeneditosalto.com.br\/#\/schema\/person\/1937db6430bd13d1242baaed97be0781"},"headline":"JUBILEU DOS 500 ANOS DO NASCIMENTO DE S\u00c3O BENEDITO","datePublished":"2025-03-23T03:03:25+00:00","dateModified":"2025-03-23T03:03:25+00:00","mainEntityOfPage":{"@id":"https:\/\/sbeneditosalto.com.br\/index.php\/2025\/03\/23\/jubileu-dos-500-anos-do-nascimento-de-sao-benedito\/"},"wordCount":2970,"commentCount":0,"publisher":{"@id":"https:\/\/sbeneditosalto.com.br\/#organization"},"image":{"@id":"https:\/\/sbeneditosalto.com.br\/index.php\/2025\/03\/23\/jubileu-dos-500-anos-do-nascimento-de-sao-benedito\/#primaryimage"},"thumbnailUrl":"https:\/\/sbeneditosalto.com.br\/wp-content\/uploads\/2025\/03\/500-ANOS-AVATAR.png","articleSection":["Blog"],"inLanguage":"en-US","potentialAction":[{"@type":"CommentAction","name":"Comment","target":["https:\/\/sbeneditosalto.com.br\/index.php\/2025\/03\/23\/jubileu-dos-500-anos-do-nascimento-de-sao-benedito\/#respond"]}]},{"@type":"WebPage","@id":"https:\/\/sbeneditosalto.com.br\/index.php\/2025\/03\/23\/jubileu-dos-500-anos-do-nascimento-de-sao-benedito\/","url":"https:\/\/sbeneditosalto.com.br\/index.php\/2025\/03\/23\/jubileu-dos-500-anos-do-nascimento-de-sao-benedito\/","name":"JUBILEU DOS 500 ANOS DO NASCIMENTO DE S\u00c3O BENEDITO - Paroquia Sao Benedito","isPartOf":{"@id":"https:\/\/sbeneditosalto.com.br\/#website"},"primaryImageOfPage":{"@id":"https:\/\/sbeneditosalto.com.br\/index.php\/2025\/03\/23\/jubileu-dos-500-anos-do-nascimento-de-sao-benedito\/#primaryimage"},"image":{"@id":"https:\/\/sbeneditosalto.com.br\/index.php\/2025\/03\/23\/jubileu-dos-500-anos-do-nascimento-de-sao-benedito\/#primaryimage"},"thumbnailUrl":"https:\/\/sbeneditosalto.com.br\/wp-content\/uploads\/2025\/03\/500-ANOS-AVATAR.png","datePublished":"2025-03-23T03:03:25+00:00","dateModified":"2025-03-23T03:03:25+00:00","breadcrumb":{"@id":"https:\/\/sbeneditosalto.com.br\/index.php\/2025\/03\/23\/jubileu-dos-500-anos-do-nascimento-de-sao-benedito\/#breadcrumb"},"inLanguage":"en-US","potentialAction":[{"@type":"ReadAction","target":["https:\/\/sbeneditosalto.com.br\/index.php\/2025\/03\/23\/jubileu-dos-500-anos-do-nascimento-de-sao-benedito\/"]}]},{"@type":"ImageObject","inLanguage":"en-US","@id":"https:\/\/sbeneditosalto.com.br\/index.php\/2025\/03\/23\/jubileu-dos-500-anos-do-nascimento-de-sao-benedito\/#primaryimage","url":"https:\/\/sbeneditosalto.com.br\/wp-content\/uploads\/2025\/03\/500-ANOS-AVATAR.png","contentUrl":"https:\/\/sbeneditosalto.com.br\/wp-content\/uploads\/2025\/03\/500-ANOS-AVATAR.png","width":1000,"height":750},{"@type":"BreadcrumbList","@id":"https:\/\/sbeneditosalto.com.br\/index.php\/2025\/03\/23\/jubileu-dos-500-anos-do-nascimento-de-sao-benedito\/#breadcrumb","itemListElement":[{"@type":"ListItem","position":1,"name":"In\u00edcio","item":"https:\/\/sbeneditosalto.com.br\/"},{"@type":"ListItem","position":2,"name":"JUBILEU DOS 500 ANOS DO NASCIMENTO DE S\u00c3O BENEDITO"}]},{"@type":"WebSite","@id":"https:\/\/sbeneditosalto.com.br\/#website","url":"https:\/\/sbeneditosalto.com.br\/","name":"Paroquia Sao Benedito","description":"","publisher":{"@id":"https:\/\/sbeneditosalto.com.br\/#organization"},"potentialAction":[{"@type":"SearchAction","target":{"@type":"EntryPoint","urlTemplate":"https:\/\/sbeneditosalto.com.br\/?s={search_term_string}"},"query-input":"required name=search_term_string"}],"inLanguage":"en-US"},{"@type":"Organization","@id":"https:\/\/sbeneditosalto.com.br\/#organization","name":"Paroquia Sao Benedito","url":"https:\/\/sbeneditosalto.com.br\/","logo":{"@type":"ImageObject","inLanguage":"en-US","@id":"https:\/\/sbeneditosalto.com.br\/#\/schema\/logo\/image\/","url":"","contentUrl":"","caption":"Paroquia Sao Benedito"},"image":{"@id":"https:\/\/sbeneditosalto.com.br\/#\/schema\/logo\/image\/"}},{"@type":"Person","@id":"https:\/\/sbeneditosalto.com.br\/#\/schema\/person\/1937db6430bd13d1242baaed97be0781","name":"Jos\u00e9 Carlos Pascoal","image":{"@type":"ImageObject","inLanguage":"en-US","@id":"https:\/\/sbeneditosalto.com.br\/#\/schema\/person\/image\/","url":"https:\/\/secure.gravatar.com\/avatar\/4af6632c766ef45aa6c85f9456f2e79a?s=96&d=mm&r=g","contentUrl":"https:\/\/secure.gravatar.com\/avatar\/4af6632c766ef45aa6c85f9456f2e79a?s=96&d=mm&r=g","caption":"Jos\u00e9 Carlos Pascoal"},"url":"https:\/\/sbeneditosalto.com.br\/index.php\/author\/diaconopascoal\/"}]}},"_links":{"self":[{"href":"https:\/\/sbeneditosalto.com.br\/index.php\/wp-json\/wp\/v2\/posts\/2832"}],"collection":[{"href":"https:\/\/sbeneditosalto.com.br\/index.php\/wp-json\/wp\/v2\/posts"}],"about":[{"href":"https:\/\/sbeneditosalto.com.br\/index.php\/wp-json\/wp\/v2\/types\/post"}],"author":[{"embeddable":true,"href":"https:\/\/sbeneditosalto.com.br\/index.php\/wp-json\/wp\/v2\/users\/2"}],"replies":[{"embeddable":true,"href":"https:\/\/sbeneditosalto.com.br\/index.php\/wp-json\/wp\/v2\/comments?post=2832"}],"version-history":[{"count":2,"href":"https:\/\/sbeneditosalto.com.br\/index.php\/wp-json\/wp\/v2\/posts\/2832\/revisions"}],"predecessor-version":[{"id":2845,"href":"https:\/\/sbeneditosalto.com.br\/index.php\/wp-json\/wp\/v2\/posts\/2832\/revisions\/2845"}],"wp:featuredmedia":[{"embeddable":true,"href":"https:\/\/sbeneditosalto.com.br\/index.php\/wp-json\/wp\/v2\/media\/2833"}],"wp:attachment":[{"href":"https:\/\/sbeneditosalto.com.br\/index.php\/wp-json\/wp\/v2\/media?parent=2832"}],"wp:term":[{"taxonomy":"category","embeddable":true,"href":"https:\/\/sbeneditosalto.com.br\/index.php\/wp-json\/wp\/v2\/categories?post=2832"},{"taxonomy":"post_tag","embeddable":true,"href":"https:\/\/sbeneditosalto.com.br\/index.php\/wp-json\/wp\/v2\/tags?post=2832"}],"curies":[{"name":"wp","href":"https:\/\/api.w.org\/{rel}","templated":true}]}}