{"id":2813,"date":"2025-03-22T00:46:00","date_gmt":"2025-03-22T03:46:00","guid":{"rendered":"https:\/\/sbeneditosalto.com.br\/?p=2813"},"modified":"2025-04-10T12:11:13","modified_gmt":"2025-04-10T15:11:13","slug":"programacao-da-semana-santa-2025-peregrinos-de-esperanca","status":"publish","type":"post","link":"https:\/\/sbeneditosalto.com.br\/index.php\/2025\/03\/22\/programacao-da-semana-santa-2025-peregrinos-de-esperanca\/","title":{"rendered":"PROGRAMA\u00c7\u00c3O DA SEMANA SANTA 2025 \u201cPEREGRINOS DE ESPERAN\u00c7A\u201d"},"content":{"rendered":"\n<p><strong><strong>CELEBRA\u00c7\u00c3O DE RAMOS E PAIX\u00c3O DO SENHOR<\/strong> \u2013 12 DE ABRIL, S\u00c1BADO:<\/strong><br>* Celebra\u00e7\u00f5es nas Comunidades Santa Teresinha e Santo In\u00e1cio de Loyola:\u00a018h30.<\/p>\n\n\n\n<p><strong>CELEBRA\u00c7\u00c3O DE RAMOS E PAIX\u00c3O DO SENHOR \u2013 13 DE ABRIL, DOMINGO:<\/strong><br>* Missa no Espa\u00e7o Festivo S\u00e3o Benedito:&nbsp;08h30.<br>* Celebra\u00e7\u00f5es nas Comunidades S\u00e3o Jos\u00e9 Oper\u00e1rio, Santa Ana e S\u00e3o Joaquim e Divino:&nbsp;08h30.<br>* Missa no Espa\u00e7o Festivo S\u00e3o Benedito \u00e0s 18h30.<br><br><strong>CEIA DO SENHOR, COM O RITO DO LAVAP\u00c9S \u2013 17 DE ABRIL, QUINTA-FEIRA:<\/strong><br>* Missa no Espa\u00e7o Festivo S\u00e3o Benedito: 19h30.<br>* Celebra\u00e7\u00f5es nas Comunidades S\u00e3o Jos\u00e9 Oper\u00e1rio, Santa Teresinha, Santa Ana e S\u00e3o Joaquim, Divino e Santo In\u00e1cio de Loyola: 19h30.<br><br><strong>ADORA\u00c7\u00c3O AO SANT\u00cdSSIMO SACRAMENTO \u2013 18 DE ABRIL, SEXTA-FEIRA:<\/strong><br>* No Espa\u00e7o Festivo S\u00e3o Benedito, das 08h \u00e0s 14h.<br>* Nas Comunidades S\u00e3o Jos\u00e9 Oper\u00e1rio, Santa Teresinha, Santa Ana e S\u00e3o Joaquim, Divino e Santo In\u00e1cio de Loyola: das 08h30 \u00e0s 10h.<br><br><strong>RITO DA ADORA\u00c7\u00c3O DA CRUZ \u2013 18 DE ABRIL, SEXTA-FEIRA:<\/strong><br>* Espa\u00e7o Festivo S\u00e3o Benedito, 15h.<br>* Nas Comunidades S\u00e3o Jos\u00e9 Oper\u00e1rio, Santa Teresinha, Santa Ana e S\u00e3o Joaquim, Divino e Santo In\u00e1cio de Loyola: 15h.<br><br><strong>VIA-SACRA PELAS RUAS DA PAR\u00d3QUIA \u2013 18 DE ABRIL, SEXTA-FEIRA, 19h30:<\/strong><br>* In\u00edcio: Igreja da Comunidade Santa Ana e S\u00e3o Joaquim. Esta\u00e7\u00f5es meditadas em casas nas ruas Bom Pastor, Maestro Mauro Fabri, Henrique Viscardi, Ta\u00e7a Jules Rimet; General Glic\u00e9rio, Madre Izidora, Campos Sales, Floriano Peixoto, General Glic\u00e9rio e Espa\u00e7o Festivo S\u00e3o Benedito.<br><br><strong>VIG\u00cdLIA PASCAL \u2013 19 DE ABRIL, S\u00c1BADO:<\/strong><br>* Missa no Espa\u00e7o Festivo S\u00e3o Benedito \u00e0s 18h30.<br>* Celebra\u00e7\u00f5es nas Comunidades S\u00e3o Jos\u00e9 Oper\u00e1rio, Santa Teresinha, Santa Ana e S\u00e3o Joaquim, Divino e Santo In\u00e1cio de Loyola: 18h30.<br><br><strong>DOMINGO DA P\u00c1SCOA DA RESSURREI\u00c7\u00c3O \u2013 20 DE ABRIL:<\/strong><br>* Missas na Matriz S\u00e3o Benedito \u00e0s 07h, 08h30, 10 e 18h30.<br>* Celebra\u00e7\u00f5es nas Comunidades S\u00e3o Jos\u00e9 Oper\u00e1rio, Santa Teresinha, Santa Ana e S\u00e3o Joaquim, Divino e Santo In\u00e1cio de Loyola, \u00e0s 08h30.<\/p>\n","protected":false},"excerpt":{"rendered":"<p>CELEBRA\u00c7\u00c3O DE RAMOS E PAIX\u00c3O DO SENHOR \u2013 12 DE ABRIL, S\u00c1BADO:* Celebra\u00e7\u00f5es nas Comunidades Santa Teresinha e Santo In\u00e1cio de Loyola:\u00a018h30. CELEBRA\u00c7\u00c3O DE RAMOS E PAIX\u00c3O DO SENHOR \u2013 13 DE ABRIL, DOMINGO:* Missa no Espa\u00e7o Festivo S\u00e3o Benedito:&nbsp;08h30.* Celebra\u00e7\u00f5es nas Comunidades S\u00e3o Jos\u00e9 Oper\u00e1rio, Santa Ana e S\u00e3o Joaquim e Divino:&nbsp;08h30.* Missa no [&hellip;]<\/p>\n","protected":false},"author":2,"featured_media":2824,"comment_status":"open","ping_status":"open","sticky":false,"template":"","format":"standard","meta":{"footnotes":""},"categories":[1],"tags":[],"blocksy_meta":"","yoast_head":"<!-- This site is optimized with the Yoast SEO plugin v22.4 - https:\/\/yoast.com\/wordpress\/plugins\/seo\/ -->\n<title>PROGRAMA\u00c7\u00c3O DA SEMANA SANTA 2025 \u201cPEREGRINOS DE ESPERAN\u00c7A\u201d - Paroquia Sao Benedito<\/title>\n<meta name=\"robots\" content=\"index, follow, max-snippet:-1, max-image-preview:large, max-video-preview:-1\" \/>\n<link rel=\"canonical\" href=\"https:\/\/sbeneditosalto.com.br\/index.php\/2025\/03\/22\/programacao-da-semana-santa-2025-peregrinos-de-esperanca\/\" \/>\n<meta property=\"og:locale\" content=\"en_US\" \/>\n<meta property=\"og:type\" content=\"article\" \/>\n<meta property=\"og:title\" content=\"PROGRAMA\u00c7\u00c3O DA SEMANA SANTA 2025 \u201cPEREGRINOS DE ESPERAN\u00c7A\u201d - Paroquia Sao Benedito\" \/>\n<meta property=\"og:description\" content=\"CELEBRA\u00c7\u00c3O DE RAMOS E PAIX\u00c3O DO SENHOR \u2013 12 DE ABRIL, S\u00c1BADO:* Celebra\u00e7\u00f5es nas Comunidades Santa Teresinha e Santo In\u00e1cio de Loyola:\u00a018h30. CELEBRA\u00c7\u00c3O DE RAMOS E PAIX\u00c3O DO SENHOR \u2013 13 DE ABRIL, DOMINGO:* Missa no Espa\u00e7o Festivo S\u00e3o Benedito:&nbsp;08h30.* Celebra\u00e7\u00f5es nas Comunidades S\u00e3o Jos\u00e9 Oper\u00e1rio, Santa Ana e S\u00e3o Joaquim e Divino:&nbsp;08h30.* Missa no [&hellip;]\" \/>\n<meta property=\"og:url\" content=\"https:\/\/sbeneditosalto.com.br\/index.php\/2025\/03\/22\/programacao-da-semana-santa-2025-peregrinos-de-esperanca\/\" \/>\n<meta property=\"og:site_name\" content=\"Paroquia Sao Benedito\" \/>\n<meta property=\"article:published_time\" content=\"2025-03-22T03:46:00+00:00\" \/>\n<meta property=\"article:modified_time\" content=\"2025-04-10T15:11:13+00:00\" \/>\n<meta property=\"og:image\" content=\"https:\/\/sbeneditosalto.com.br\/wp-content\/uploads\/2025\/03\/SEMANA-SANTA-2025-AVATAR-ALT.png\" \/>\n\t<meta property=\"og:image:width\" content=\"1000\" \/>\n\t<meta property=\"og:image:height\" content=\"750\" \/>\n\t<meta property=\"og:image:type\" content=\"image\/png\" \/>\n<meta name=\"author\" content=\"Jos\u00e9 Carlos Pascoal\" \/>\n<meta name=\"twitter:card\" content=\"summary_large_image\" \/>\n<meta name=\"twitter:label1\" content=\"Written by\" \/>\n\t<meta name=\"twitter:data1\" content=\"Jos\u00e9 Carlos Pascoal\" \/>\n\t<meta name=\"twitter:label2\" content=\"Est. reading time\" \/>\n\t<meta name=\"twitter:data2\" content=\"2 minutes\" \/>\n<script type=\"application\/ld+json\" class=\"yoast-schema-graph\">{\"@context\":\"https:\/\/schema.org\",\"@graph\":[{\"@type\":\"Article\",\"@id\":\"https:\/\/sbeneditosalto.com.br\/index.php\/2025\/03\/22\/programacao-da-semana-santa-2025-peregrinos-de-esperanca\/#article\",\"isPartOf\":{\"@id\":\"https:\/\/sbeneditosalto.com.br\/index.php\/2025\/03\/22\/programacao-da-semana-santa-2025-peregrinos-de-esperanca\/\"},\"author\":{\"name\":\"Jos\u00e9 Carlos Pascoal\",\"@id\":\"https:\/\/sbeneditosalto.com.br\/#\/schema\/person\/1937db6430bd13d1242baaed97be0781\"},\"headline\":\"PROGRAMA\u00c7\u00c3O DA SEMANA SANTA 2025 \u201cPEREGRINOS DE ESPERAN\u00c7A\u201d\",\"datePublished\":\"2025-03-22T03:46:00+00:00\",\"dateModified\":\"2025-04-10T15:11:13+00:00\",\"mainEntityOfPage\":{\"@id\":\"https:\/\/sbeneditosalto.com.br\/index.php\/2025\/03\/22\/programacao-da-semana-santa-2025-peregrinos-de-esperanca\/\"},\"wordCount\":363,\"commentCount\":0,\"publisher\":{\"@id\":\"https:\/\/sbeneditosalto.com.br\/#organization\"},\"image\":{\"@id\":\"https:\/\/sbeneditosalto.com.br\/index.php\/2025\/03\/22\/programacao-da-semana-santa-2025-peregrinos-de-esperanca\/#primaryimage\"},\"thumbnailUrl\":\"https:\/\/sbeneditosalto.com.br\/wp-content\/uploads\/2025\/03\/SEMANA-SANTA-2025-AVATAR-ALT.png\",\"articleSection\":[\"Blog\"],\"inLanguage\":\"en-US\",\"potentialAction\":[{\"@type\":\"CommentAction\",\"name\":\"Comment\",\"target\":[\"https:\/\/sbeneditosalto.com.br\/index.php\/2025\/03\/22\/programacao-da-semana-santa-2025-peregrinos-de-esperanca\/#respond\"]}]},{\"@type\":\"WebPage\",\"@id\":\"https:\/\/sbeneditosalto.com.br\/index.php\/2025\/03\/22\/programacao-da-semana-santa-2025-peregrinos-de-esperanca\/\",\"url\":\"https:\/\/sbeneditosalto.com.br\/index.php\/2025\/03\/22\/programacao-da-semana-santa-2025-peregrinos-de-esperanca\/\",\"name\":\"PROGRAMA\u00c7\u00c3O DA SEMANA SANTA 2025 \u201cPEREGRINOS DE ESPERAN\u00c7A\u201d - Paroquia Sao Benedito\",\"isPartOf\":{\"@id\":\"https:\/\/sbeneditosalto.com.br\/#website\"},\"primaryImageOfPage\":{\"@id\":\"https:\/\/sbeneditosalto.com.br\/index.php\/2025\/03\/22\/programacao-da-semana-santa-2025-peregrinos-de-esperanca\/#primaryimage\"},\"image\":{\"@id\":\"https:\/\/sbeneditosalto.com.br\/index.php\/2025\/03\/22\/programacao-da-semana-santa-2025-peregrinos-de-esperanca\/#primaryimage\"},\"thumbnailUrl\":\"https:\/\/sbeneditosalto.com.br\/wp-content\/uploads\/2025\/03\/SEMANA-SANTA-2025-AVATAR-ALT.png\",\"datePublished\":\"2025-03-22T03:46:00+00:00\",\"dateModified\":\"2025-04-10T15:11:13+00:00\",\"breadcrumb\":{\"@id\":\"https:\/\/sbeneditosalto.com.br\/index.php\/2025\/03\/22\/programacao-da-semana-santa-2025-peregrinos-de-esperanca\/#breadcrumb\"},\"inLanguage\":\"en-US\",\"potentialAction\":[{\"@type\":\"ReadAction\",\"target\":[\"https:\/\/sbeneditosalto.com.br\/index.php\/2025\/03\/22\/programacao-da-semana-santa-2025-peregrinos-de-esperanca\/\"]}]},{\"@type\":\"ImageObject\",\"inLanguage\":\"en-US\",\"@id\":\"https:\/\/sbeneditosalto.com.br\/index.php\/2025\/03\/22\/programacao-da-semana-santa-2025-peregrinos-de-esperanca\/#primaryimage\",\"url\":\"https:\/\/sbeneditosalto.com.br\/wp-content\/uploads\/2025\/03\/SEMANA-SANTA-2025-AVATAR-ALT.png\",\"contentUrl\":\"https:\/\/sbeneditosalto.com.br\/wp-content\/uploads\/2025\/03\/SEMANA-SANTA-2025-AVATAR-ALT.png\",\"width\":1000,\"height\":750},{\"@type\":\"BreadcrumbList\",\"@id\":\"https:\/\/sbeneditosalto.com.br\/index.php\/2025\/03\/22\/programacao-da-semana-santa-2025-peregrinos-de-esperanca\/#breadcrumb\",\"itemListElement\":[{\"@type\":\"ListItem\",\"position\":1,\"name\":\"In\u00edcio\",\"item\":\"https:\/\/sbeneditosalto.com.br\/\"},{\"@type\":\"ListItem\",\"position\":2,\"name\":\"PROGRAMA\u00c7\u00c3O DA SEMANA SANTA 2025 \u201cPEREGRINOS DE ESPERAN\u00c7A\u201d\"}]},{\"@type\":\"WebSite\",\"@id\":\"https:\/\/sbeneditosalto.com.br\/#website\",\"url\":\"https:\/\/sbeneditosalto.com.br\/\",\"name\":\"Paroquia Sao Benedito\",\"description\":\"\",\"publisher\":{\"@id\":\"https:\/\/sbeneditosalto.com.br\/#organization\"},\"potentialAction\":[{\"@type\":\"SearchAction\",\"target\":{\"@type\":\"EntryPoint\",\"urlTemplate\":\"https:\/\/sbeneditosalto.com.br\/?s={search_term_string}\"},\"query-input\":\"required name=search_term_string\"}],\"inLanguage\":\"en-US\"},{\"@type\":\"Organization\",\"@id\":\"https:\/\/sbeneditosalto.com.br\/#organization\",\"name\":\"Paroquia Sao Benedito\",\"url\":\"https:\/\/sbeneditosalto.com.br\/\",\"logo\":{\"@type\":\"ImageObject\",\"inLanguage\":\"en-US\",\"@id\":\"https:\/\/sbeneditosalto.com.br\/#\/schema\/logo\/image\/\",\"url\":\"\",\"contentUrl\":\"\",\"caption\":\"Paroquia Sao Benedito\"},\"image\":{\"@id\":\"https:\/\/sbeneditosalto.com.br\/#\/schema\/logo\/image\/\"}},{\"@type\":\"Person\",\"@id\":\"https:\/\/sbeneditosalto.com.br\/#\/schema\/person\/1937db6430bd13d1242baaed97be0781\",\"name\":\"Jos\u00e9 Carlos Pascoal\",\"image\":{\"@type\":\"ImageObject\",\"inLanguage\":\"en-US\",\"@id\":\"https:\/\/sbeneditosalto.com.br\/#\/schema\/person\/image\/\",\"url\":\"https:\/\/secure.gravatar.com\/avatar\/4af6632c766ef45aa6c85f9456f2e79a?s=96&d=mm&r=g\",\"contentUrl\":\"https:\/\/secure.gravatar.com\/avatar\/4af6632c766ef45aa6c85f9456f2e79a?s=96&d=mm&r=g\",\"caption\":\"Jos\u00e9 Carlos Pascoal\"},\"url\":\"https:\/\/sbeneditosalto.com.br\/index.php\/author\/diaconopascoal\/\"}]}<\/script>\n<!-- \/ Yoast SEO plugin. -->","yoast_head_json":{"title":"PROGRAMA\u00c7\u00c3O DA SEMANA SANTA 2025 \u201cPEREGRINOS DE ESPERAN\u00c7A\u201d - Paroquia Sao Benedito","robots":{"index":"index","follow":"follow","max-snippet":"max-snippet:-1","max-image-preview":"max-image-preview:large","max-video-preview":"max-video-preview:-1"},"canonical":"https:\/\/sbeneditosalto.com.br\/index.php\/2025\/03\/22\/programacao-da-semana-santa-2025-peregrinos-de-esperanca\/","og_locale":"en_US","og_type":"article","og_title":"PROGRAMA\u00c7\u00c3O DA SEMANA SANTA 2025 \u201cPEREGRINOS DE ESPERAN\u00c7A\u201d - Paroquia Sao Benedito","og_description":"CELEBRA\u00c7\u00c3O DE RAMOS E PAIX\u00c3O DO SENHOR \u2013 12 DE ABRIL, S\u00c1BADO:* Celebra\u00e7\u00f5es nas Comunidades Santa Teresinha e Santo In\u00e1cio de Loyola:\u00a018h30. CELEBRA\u00c7\u00c3O DE RAMOS E PAIX\u00c3O DO SENHOR \u2013 13 DE ABRIL, DOMINGO:* Missa no Espa\u00e7o Festivo S\u00e3o Benedito:&nbsp;08h30.* Celebra\u00e7\u00f5es nas Comunidades S\u00e3o Jos\u00e9 Oper\u00e1rio, Santa Ana e S\u00e3o Joaquim e Divino:&nbsp;08h30.* Missa no [&hellip;]","og_url":"https:\/\/sbeneditosalto.com.br\/index.php\/2025\/03\/22\/programacao-da-semana-santa-2025-peregrinos-de-esperanca\/","og_site_name":"Paroquia Sao Benedito","article_published_time":"2025-03-22T03:46:00+00:00","article_modified_time":"2025-04-10T15:11:13+00:00","og_image":[{"width":1000,"height":750,"url":"https:\/\/sbeneditosalto.com.br\/wp-content\/uploads\/2025\/03\/SEMANA-SANTA-2025-AVATAR-ALT.png","type":"image\/png"}],"author":"Jos\u00e9 Carlos Pascoal","twitter_card":"summary_large_image","twitter_misc":{"Written by":"Jos\u00e9 Carlos Pascoal","Est. reading time":"2 minutes"},"schema":{"@context":"https:\/\/schema.org","@graph":[{"@type":"Article","@id":"https:\/\/sbeneditosalto.com.br\/index.php\/2025\/03\/22\/programacao-da-semana-santa-2025-peregrinos-de-esperanca\/#article","isPartOf":{"@id":"https:\/\/sbeneditosalto.com.br\/index.php\/2025\/03\/22\/programacao-da-semana-santa-2025-peregrinos-de-esperanca\/"},"author":{"name":"Jos\u00e9 Carlos Pascoal","@id":"https:\/\/sbeneditosalto.com.br\/#\/schema\/person\/1937db6430bd13d1242baaed97be0781"},"headline":"PROGRAMA\u00c7\u00c3O DA SEMANA SANTA 2025 \u201cPEREGRINOS DE ESPERAN\u00c7A\u201d","datePublished":"2025-03-22T03:46:00+00:00","dateModified":"2025-04-10T15:11:13+00:00","mainEntityOfPage":{"@id":"https:\/\/sbeneditosalto.com.br\/index.php\/2025\/03\/22\/programacao-da-semana-santa-2025-peregrinos-de-esperanca\/"},"wordCount":363,"commentCount":0,"publisher":{"@id":"https:\/\/sbeneditosalto.com.br\/#organization"},"image":{"@id":"https:\/\/sbeneditosalto.com.br\/index.php\/2025\/03\/22\/programacao-da-semana-santa-2025-peregrinos-de-esperanca\/#primaryimage"},"thumbnailUrl":"https:\/\/sbeneditosalto.com.br\/wp-content\/uploads\/2025\/03\/SEMANA-SANTA-2025-AVATAR-ALT.png","articleSection":["Blog"],"inLanguage":"en-US","potentialAction":[{"@type":"CommentAction","name":"Comment","target":["https:\/\/sbeneditosalto.com.br\/index.php\/2025\/03\/22\/programacao-da-semana-santa-2025-peregrinos-de-esperanca\/#respond"]}]},{"@type":"WebPage","@id":"https:\/\/sbeneditosalto.com.br\/index.php\/2025\/03\/22\/programacao-da-semana-santa-2025-peregrinos-de-esperanca\/","url":"https:\/\/sbeneditosalto.com.br\/index.php\/2025\/03\/22\/programacao-da-semana-santa-2025-peregrinos-de-esperanca\/","name":"PROGRAMA\u00c7\u00c3O DA SEMANA SANTA 2025 \u201cPEREGRINOS DE ESPERAN\u00c7A\u201d - Paroquia Sao Benedito","isPartOf":{"@id":"https:\/\/sbeneditosalto.com.br\/#website"},"primaryImageOfPage":{"@id":"https:\/\/sbeneditosalto.com.br\/index.php\/2025\/03\/22\/programacao-da-semana-santa-2025-peregrinos-de-esperanca\/#primaryimage"},"image":{"@id":"https:\/\/sbeneditosalto.com.br\/index.php\/2025\/03\/22\/programacao-da-semana-santa-2025-peregrinos-de-esperanca\/#primaryimage"},"thumbnailUrl":"https:\/\/sbeneditosalto.com.br\/wp-content\/uploads\/2025\/03\/SEMANA-SANTA-2025-AVATAR-ALT.png","datePublished":"2025-03-22T03:46:00+00:00","dateModified":"2025-04-10T15:11:13+00:00","breadcrumb":{"@id":"https:\/\/sbeneditosalto.com.br\/index.php\/2025\/03\/22\/programacao-da-semana-santa-2025-peregrinos-de-esperanca\/#breadcrumb"},"inLanguage":"en-US","potentialAction":[{"@type":"ReadAction","target":["https:\/\/sbeneditosalto.com.br\/index.php\/2025\/03\/22\/programacao-da-semana-santa-2025-peregrinos-de-esperanca\/"]}]},{"@type":"ImageObject","inLanguage":"en-US","@id":"https:\/\/sbeneditosalto.com.br\/index.php\/2025\/03\/22\/programacao-da-semana-santa-2025-peregrinos-de-esperanca\/#primaryimage","url":"https:\/\/sbeneditosalto.com.br\/wp-content\/uploads\/2025\/03\/SEMANA-SANTA-2025-AVATAR-ALT.png","contentUrl":"https:\/\/sbeneditosalto.com.br\/wp-content\/uploads\/2025\/03\/SEMANA-SANTA-2025-AVATAR-ALT.png","width":1000,"height":750},{"@type":"BreadcrumbList","@id":"https:\/\/sbeneditosalto.com.br\/index.php\/2025\/03\/22\/programacao-da-semana-santa-2025-peregrinos-de-esperanca\/#breadcrumb","itemListElement":[{"@type":"ListItem","position":1,"name":"In\u00edcio","item":"https:\/\/sbeneditosalto.com.br\/"},{"@type":"ListItem","position":2,"name":"PROGRAMA\u00c7\u00c3O DA SEMANA SANTA 2025 \u201cPEREGRINOS DE ESPERAN\u00c7A\u201d"}]},{"@type":"WebSite","@id":"https:\/\/sbeneditosalto.com.br\/#website","url":"https:\/\/sbeneditosalto.com.br\/","name":"Paroquia Sao Benedito","description":"","publisher":{"@id":"https:\/\/sbeneditosalto.com.br\/#organization"},"potentialAction":[{"@type":"SearchAction","target":{"@type":"EntryPoint","urlTemplate":"https:\/\/sbeneditosalto.com.br\/?s={search_term_string}"},"query-input":"required name=search_term_string"}],"inLanguage":"en-US"},{"@type":"Organization","@id":"https:\/\/sbeneditosalto.com.br\/#organization","name":"Paroquia Sao Benedito","url":"https:\/\/sbeneditosalto.com.br\/","logo":{"@type":"ImageObject","inLanguage":"en-US","@id":"https:\/\/sbeneditosalto.com.br\/#\/schema\/logo\/image\/","url":"","contentUrl":"","caption":"Paroquia Sao Benedito"},"image":{"@id":"https:\/\/sbeneditosalto.com.br\/#\/schema\/logo\/image\/"}},{"@type":"Person","@id":"https:\/\/sbeneditosalto.com.br\/#\/schema\/person\/1937db6430bd13d1242baaed97be0781","name":"Jos\u00e9 Carlos Pascoal","image":{"@type":"ImageObject","inLanguage":"en-US","@id":"https:\/\/sbeneditosalto.com.br\/#\/schema\/person\/image\/","url":"https:\/\/secure.gravatar.com\/avatar\/4af6632c766ef45aa6c85f9456f2e79a?s=96&d=mm&r=g","contentUrl":"https:\/\/secure.gravatar.com\/avatar\/4af6632c766ef45aa6c85f9456f2e79a?s=96&d=mm&r=g","caption":"Jos\u00e9 Carlos Pascoal"},"url":"https:\/\/sbeneditosalto.com.br\/index.php\/author\/diaconopascoal\/"}]}},"_links":{"self":[{"href":"https:\/\/sbeneditosalto.com.br\/index.php\/wp-json\/wp\/v2\/posts\/2813"}],"collection":[{"href":"https:\/\/sbeneditosalto.com.br\/index.php\/wp-json\/wp\/v2\/posts"}],"about":[{"href":"https:\/\/sbeneditosalto.com.br\/index.php\/wp-json\/wp\/v2\/types\/post"}],"author":[{"embeddable":true,"href":"https:\/\/sbeneditosalto.com.br\/index.php\/wp-json\/wp\/v2\/users\/2"}],"replies":[{"embeddable":true,"href":"https:\/\/sbeneditosalto.com.br\/index.php\/wp-json\/wp\/v2\/comments?post=2813"}],"version-history":[{"count":3,"href":"https:\/\/sbeneditosalto.com.br\/index.php\/wp-json\/wp\/v2\/posts\/2813\/revisions"}],"predecessor-version":[{"id":2838,"href":"https:\/\/sbeneditosalto.com.br\/index.php\/wp-json\/wp\/v2\/posts\/2813\/revisions\/2838"}],"wp:featuredmedia":[{"embeddable":true,"href":"https:\/\/sbeneditosalto.com.br\/index.php\/wp-json\/wp\/v2\/media\/2824"}],"wp:attachment":[{"href":"https:\/\/sbeneditosalto.com.br\/index.php\/wp-json\/wp\/v2\/media?parent=2813"}],"wp:term":[{"taxonomy":"category","embeddable":true,"href":"https:\/\/sbeneditosalto.com.br\/index.php\/wp-json\/wp\/v2\/categories?post=2813"},{"taxonomy":"post_tag","embeddable":true,"href":"https:\/\/sbeneditosalto.com.br\/index.php\/wp-json\/wp\/v2\/tags?post=2813"}],"curies":[{"name":"wp","href":"https:\/\/api.w.org\/{rel}","templated":true}]}}