{"id":2777,"date":"2025-03-06T11:06:35","date_gmt":"2025-03-06T14:06:35","guid":{"rendered":"https:\/\/sbeneditosalto.com.br\/?p=2777"},"modified":"2025-03-06T11:16:00","modified_gmt":"2025-03-06T14:16:00","slug":"como-peregrinos-da-esperanca-no-caminho-de-conversao","status":"publish","type":"post","link":"https:\/\/sbeneditosalto.com.br\/index.php\/2025\/03\/06\/como-peregrinos-da-esperanca-no-caminho-de-conversao\/","title":{"rendered":"COMO PEREGRINOS  DA ESPERAN\u00c7A NO CAMINHO DE CONVERS\u00c3O"},"content":{"rendered":"\n<p>&nbsp;&nbsp;&nbsp;&nbsp;&nbsp;&nbsp; Caros amigos e paroquianos, ao iniciarmos nosso caminho quaresmal neste ano do Jubileu do Senhor, somos motivados pela Igreja nossa M\u00e3e e Mestra a perguntar a n\u00f3s mesmos: Como o Senhor est\u00e1 me chamando para crescer nesta Quaresma?<\/p>\n\n\n\n<p>&nbsp;&nbsp;&nbsp;&nbsp;&nbsp;&nbsp; A Quaresma \u00e9 um tempo em que n\u00f3s cat\u00f3licos de todas as idades somos convidados a refletir sobre a vida e a morte de Cristo por meio da ora\u00e7\u00e3o, do jejum e da esmola. Seja lendo as Escrituras todos os dias, jejuando dos prazeres mundanos ou doando seu tempo para os necessitados, vamos passar esses 40 dias da Quaresma para configurar nossos cora\u00e7\u00f5es a Cristo e Seu Mist\u00e9rio Pascal.<\/p>\n\n\n\n<p>&#8220;A Quaresma nos estimula a deixar que a Palavra de Deus penetre em nossa vida e, assim, conhecer a verdade fundamental: quem somos, de onde viemos, para onde devemos ir, que caminho devemos tomar na vida.&#8221; Papa Bento XVI<\/p>\n\n\n\n<p>&nbsp;&nbsp;&nbsp;&nbsp;&nbsp;&nbsp; Como cat\u00f3licos, somos chamados a retornar a Deus, nosso Pai, e crescer em relacionamento com Ele por meio do ato da ora\u00e7\u00e3o. A ora\u00e7\u00e3o n\u00e3o deve ser assustadora ou intimidadora, mas sim um ponto de entrada para um lindo relacionamento com Cristo. Santa Teresa de Lisieux escreveu uma vez: &#8220;Para mim, a ora\u00e7\u00e3o \u00e9 uma onda do cora\u00e7\u00e3o; \u00e9 um simples olhar voltado para o c\u00e9u, \u00e9 um grito de reconhecimento e de amor, abra\u00e7ando tanto a prova\u00e7\u00e3o quanto a alegria.&#8221; Durante esta temporada da Quaresma, somos convidados a entrar em um tempo de ora\u00e7\u00e3o, permitindo que nosso olhar se volte para o c\u00e9u e nosso cora\u00e7\u00e3o seja renovado pelo Senhor.<\/p>\n\n\n\n<p>&nbsp;&nbsp;&nbsp;&nbsp;&nbsp;&nbsp; Como sabemos, a Quarta-feira de Cinzas, a Sexta-feira Santa e as sextas-feiras durante a Quaresma s\u00e3o dias obrigat\u00f3rios de jejum e abstin\u00eancia. Al\u00e9m desses dias espec\u00edficos, os cat\u00f3licos maiores de idade tamb\u00e9m s\u00e3o convidados a jejuar de comida ou prazeres mundanos para aprofundar sua fome e desejo por Cristo. O jejum e a abstin\u00eancia durante a Quaresma d\u00e3o a n\u00f3s uma oportunidade de entrar em um modo de vida mais simples e intencional.<\/p>\n\n\n\n<p>&nbsp;&nbsp;&nbsp;&nbsp;&nbsp;&nbsp; Abstin\u00eancia significa abster-se de comer carne como um ato de penit\u00eancia. Santo Agostinho diz sobre a abstin\u00eancia que ela &#8220;purifica a alma, eleva a mente, subordina a carne ao esp\u00edrito, gera um cora\u00e7\u00e3o humilde e contrito, dispersa as nuvens da concupisc\u00eancia, extingue o fogo da lux\u00faria e acende a verdadeira luz da castidade.&#8221;<\/p>\n\n\n\n<p>&nbsp;&nbsp;&nbsp;&nbsp;&nbsp;&nbsp; &#8220;O chamado fundamental dos crist\u00e3os \u00e0 caridade \u00e9 um tema frequente dos Evangelhos. Durante a Quaresma, somos convidados a nos concentrar mais intensamente na &#8220;esmola&#8221;, que significa doar dinheiro ou bens aos pobres e realizar outros atos de caridade. Como um dos tr\u00eas pilares da pr\u00e1tica quaresmal, a esmola \u00e9 &#8220;um testemunho da caridade fraterna&#8221; e &#8220;uma obra de justi\u00e7a agrad\u00e1vel a Deus&#8221;. (Catecismo da Igreja Cat\u00f3lica, n.\u00ba 2462). Como voc\u00ea est\u00e1 sendo chamado a doar-se ao seu querido pr\u00f3ximo em atos de caridade?<\/p>\n\n\n\n<p>&nbsp;&nbsp;&nbsp;&nbsp;&nbsp;&nbsp; A Quaresma n\u00e3o \u00e9 apenas um tempo para consertar o que voc\u00ea falhou em manter. Pode ser um tempo para reformar, revisar e revitalizar.&nbsp;&nbsp;&nbsp;&nbsp;&nbsp;&nbsp;&nbsp; A ora\u00e7\u00e3o, o jejum, a abstin\u00eancia, a esmola e os sacrif\u00edcios privados e pessoais podem ajudar voc\u00ea a ver melhor n\u00e3o apenas quem voc\u00ea \u00e9, mas quem voc\u00ea pode ser. E pode lhe dar a coragem para avan\u00e7ar mais s\u00e9ria e confiantemente em dire\u00e7\u00e3o a isso.<\/p>\n\n\n\n<p>&nbsp;&nbsp;&nbsp;&nbsp;&nbsp;&nbsp; Somos chamados n\u00e3o apenas a nos abster de luxos durante a Quaresma, mas a uma verdadeira convers\u00e3o interior do cora\u00e7\u00e3o, \u00e0 medida que buscamos seguir a vontade de Cristo com mais fidelidade. Lembramos as \u00e1guas do batismo nas quais tamb\u00e9m fomos batizados na morte de Cristo, morremos para o pecado e o mal e come\u00e7amos uma nova vida em Cristo.<\/p>\n\n\n\n<p>&nbsp;&nbsp;&nbsp;&nbsp;&nbsp;&nbsp; Assim, tamb\u00e9m n\u00f3s neste tempo de convers\u00e3o do nosso cora\u00e7\u00e3o somos chamados a perceber melhor ao nosso redor os fortes apelos do Senhor em rela\u00e7\u00e3o ao nosso compromisso social. N\u00e3o \u00e9 poss\u00edvel haver verdadeira convers\u00e3o sem transforma\u00e7\u00e3o de vida em rela\u00e7\u00e3o ao pr\u00f3ximo.<\/p>\n\n\n\n<p>&nbsp;&nbsp;&nbsp;&nbsp;&nbsp;&nbsp; Por isso as tr\u00eas atitudes que somos chamados a cumprir n\u00e3o se aplicam somente ao tempo quaresmal, mas por toda a nossa vida, mudando o nosso foco para uma profunda experi\u00eancia de mudan\u00e7a de vida que nos leve a viver a pr\u00e1tica do mandamento do Senhor. O amor exige de n\u00f3s uma atitude nova a cada instante. Se a minha ora\u00e7\u00e3o n\u00e3o me conduzir a Deus e a perceber que o outro tamb\u00e9m reflete Deus, se minha esmola n\u00e3o me leva a desapegar-me das minhas seguran\u00e7as em favor do outro, se o meu jejum n\u00e3o quebra em mim minha autossufici\u00eancia em favor do outro, ent\u00e3o onde est\u00e1 o mandamento-ordem de Jesus Cristo em minha vida?<\/p>\n\n\n\n<p>&nbsp;&nbsp;&nbsp;&nbsp;&nbsp;&nbsp; Como peregrinos de esperan\u00e7a somos todos convidados \u00e0 um olhar mais atento aos apelos de Deus pelos sinais dos tempos para que possamos convertendo o nosso cora\u00e7\u00e3o, defender a vida e a dignidade de cada ser humano criado \u00e0 imagem e semelhan\u00e7a de Deus.<\/p>\n\n\n\n<p>&nbsp;&nbsp;&nbsp;&nbsp;&nbsp;&nbsp; Ent\u00e3o o nosso cora\u00e7\u00e3o vibrar\u00e1 de tal forma que haveremos de celebrar o Tr\u00edduo Pascal com a certeza da vit\u00f3ria do Senhor sobre o pecado, o ego\u00edsmo, a indiferen\u00e7a, a intoler\u00e2ncia, a viol\u00eancia e todas as formas de morte que experimentamos. Paz&nbsp;e&nbsp;bem&nbsp;a&nbsp;todos!<\/p>\n\n\n\n<p class=\"has-text-align-center\">Padre Carlos Marchesani, P\u00e1roco<\/p>\n","protected":false},"excerpt":{"rendered":"<p>&nbsp;&nbsp;&nbsp;&nbsp;&nbsp;&nbsp; Caros amigos e paroquianos, ao iniciarmos nosso caminho quaresmal neste ano do Jubileu do Senhor, somos motivados pela Igreja nossa M\u00e3e e Mestra a perguntar a n\u00f3s mesmos: Como o Senhor est\u00e1 me chamando para crescer nesta Quaresma? &nbsp;&nbsp;&nbsp;&nbsp;&nbsp;&nbsp; A Quaresma \u00e9 um tempo em que n\u00f3s cat\u00f3licos de todas as idades somos convidados [&hellip;]<\/p>\n","protected":false},"author":3,"featured_media":2778,"comment_status":"open","ping_status":"open","sticky":false,"template":"","format":"standard","meta":{"footnotes":""},"categories":[1],"tags":[],"blocksy_meta":"","yoast_head":"<!-- This site is optimized with the Yoast SEO plugin v22.4 - https:\/\/yoast.com\/wordpress\/plugins\/seo\/ -->\n<title>COMO PEREGRINOS DA ESPERAN\u00c7A NO CAMINHO DE CONVERS\u00c3O - Paroquia Sao Benedito<\/title>\n<meta name=\"robots\" content=\"index, follow, max-snippet:-1, max-image-preview:large, max-video-preview:-1\" \/>\n<link rel=\"canonical\" href=\"https:\/\/sbeneditosalto.com.br\/index.php\/2025\/03\/06\/como-peregrinos-da-esperanca-no-caminho-de-conversao\/\" \/>\n<meta property=\"og:locale\" content=\"en_US\" \/>\n<meta property=\"og:type\" content=\"article\" \/>\n<meta property=\"og:title\" content=\"COMO PEREGRINOS DA ESPERAN\u00c7A NO CAMINHO DE CONVERS\u00c3O - Paroquia Sao Benedito\" \/>\n<meta property=\"og:description\" content=\"&nbsp;&nbsp;&nbsp;&nbsp;&nbsp;&nbsp; Caros amigos e paroquianos, ao iniciarmos nosso caminho quaresmal neste ano do Jubileu do Senhor, somos motivados pela Igreja nossa M\u00e3e e Mestra a perguntar a n\u00f3s mesmos: Como o Senhor est\u00e1 me chamando para crescer nesta Quaresma? &nbsp;&nbsp;&nbsp;&nbsp;&nbsp;&nbsp; A Quaresma \u00e9 um tempo em que n\u00f3s cat\u00f3licos de todas as idades somos convidados [&hellip;]\" \/>\n<meta property=\"og:url\" content=\"https:\/\/sbeneditosalto.com.br\/index.php\/2025\/03\/06\/como-peregrinos-da-esperanca-no-caminho-de-conversao\/\" \/>\n<meta property=\"og:site_name\" content=\"Paroquia Sao Benedito\" \/>\n<meta property=\"article:published_time\" content=\"2025-03-06T14:06:35+00:00\" \/>\n<meta property=\"article:modified_time\" content=\"2025-03-06T14:16:00+00:00\" \/>\n<meta property=\"og:image\" content=\"https:\/\/sbeneditosalto.com.br\/wp-content\/uploads\/2025\/03\/MP-AVATAR.png\" \/>\n\t<meta property=\"og:image:width\" content=\"1000\" \/>\n\t<meta property=\"og:image:height\" content=\"750\" \/>\n\t<meta property=\"og:image:type\" content=\"image\/png\" \/>\n<meta name=\"author\" content=\"PE. CARLOS APARECIDO MARCHESANI\" \/>\n<meta name=\"twitter:card\" content=\"summary_large_image\" \/>\n<meta name=\"twitter:label1\" content=\"Written by\" \/>\n\t<meta name=\"twitter:data1\" content=\"PE. CARLOS APARECIDO MARCHESANI\" \/>\n\t<meta name=\"twitter:label2\" content=\"Est. reading time\" \/>\n\t<meta name=\"twitter:data2\" content=\"4 minutes\" \/>\n<script type=\"application\/ld+json\" class=\"yoast-schema-graph\">{\"@context\":\"https:\/\/schema.org\",\"@graph\":[{\"@type\":\"Article\",\"@id\":\"https:\/\/sbeneditosalto.com.br\/index.php\/2025\/03\/06\/como-peregrinos-da-esperanca-no-caminho-de-conversao\/#article\",\"isPartOf\":{\"@id\":\"https:\/\/sbeneditosalto.com.br\/index.php\/2025\/03\/06\/como-peregrinos-da-esperanca-no-caminho-de-conversao\/\"},\"author\":{\"name\":\"PE. CARLOS APARECIDO MARCHESANI\",\"@id\":\"https:\/\/sbeneditosalto.com.br\/#\/schema\/person\/f532af984122ed64d3aee41b9bde29f6\"},\"headline\":\"COMO PEREGRINOS DA ESPERAN\u00c7A NO CAMINHO DE CONVERS\u00c3O\",\"datePublished\":\"2025-03-06T14:06:35+00:00\",\"dateModified\":\"2025-03-06T14:16:00+00:00\",\"mainEntityOfPage\":{\"@id\":\"https:\/\/sbeneditosalto.com.br\/index.php\/2025\/03\/06\/como-peregrinos-da-esperanca-no-caminho-de-conversao\/\"},\"wordCount\":1021,\"commentCount\":0,\"publisher\":{\"@id\":\"https:\/\/sbeneditosalto.com.br\/#organization\"},\"image\":{\"@id\":\"https:\/\/sbeneditosalto.com.br\/index.php\/2025\/03\/06\/como-peregrinos-da-esperanca-no-caminho-de-conversao\/#primaryimage\"},\"thumbnailUrl\":\"https:\/\/sbeneditosalto.com.br\/wp-content\/uploads\/2025\/03\/MP-AVATAR.png\",\"articleSection\":[\"Blog\"],\"inLanguage\":\"en-US\",\"potentialAction\":[{\"@type\":\"CommentAction\",\"name\":\"Comment\",\"target\":[\"https:\/\/sbeneditosalto.com.br\/index.php\/2025\/03\/06\/como-peregrinos-da-esperanca-no-caminho-de-conversao\/#respond\"]}]},{\"@type\":\"WebPage\",\"@id\":\"https:\/\/sbeneditosalto.com.br\/index.php\/2025\/03\/06\/como-peregrinos-da-esperanca-no-caminho-de-conversao\/\",\"url\":\"https:\/\/sbeneditosalto.com.br\/index.php\/2025\/03\/06\/como-peregrinos-da-esperanca-no-caminho-de-conversao\/\",\"name\":\"COMO PEREGRINOS DA ESPERAN\u00c7A NO CAMINHO DE CONVERS\u00c3O - Paroquia Sao Benedito\",\"isPartOf\":{\"@id\":\"https:\/\/sbeneditosalto.com.br\/#website\"},\"primaryImageOfPage\":{\"@id\":\"https:\/\/sbeneditosalto.com.br\/index.php\/2025\/03\/06\/como-peregrinos-da-esperanca-no-caminho-de-conversao\/#primaryimage\"},\"image\":{\"@id\":\"https:\/\/sbeneditosalto.com.br\/index.php\/2025\/03\/06\/como-peregrinos-da-esperanca-no-caminho-de-conversao\/#primaryimage\"},\"thumbnailUrl\":\"https:\/\/sbeneditosalto.com.br\/wp-content\/uploads\/2025\/03\/MP-AVATAR.png\",\"datePublished\":\"2025-03-06T14:06:35+00:00\",\"dateModified\":\"2025-03-06T14:16:00+00:00\",\"breadcrumb\":{\"@id\":\"https:\/\/sbeneditosalto.com.br\/index.php\/2025\/03\/06\/como-peregrinos-da-esperanca-no-caminho-de-conversao\/#breadcrumb\"},\"inLanguage\":\"en-US\",\"potentialAction\":[{\"@type\":\"ReadAction\",\"target\":[\"https:\/\/sbeneditosalto.com.br\/index.php\/2025\/03\/06\/como-peregrinos-da-esperanca-no-caminho-de-conversao\/\"]}]},{\"@type\":\"ImageObject\",\"inLanguage\":\"en-US\",\"@id\":\"https:\/\/sbeneditosalto.com.br\/index.php\/2025\/03\/06\/como-peregrinos-da-esperanca-no-caminho-de-conversao\/#primaryimage\",\"url\":\"https:\/\/sbeneditosalto.com.br\/wp-content\/uploads\/2025\/03\/MP-AVATAR.png\",\"contentUrl\":\"https:\/\/sbeneditosalto.com.br\/wp-content\/uploads\/2025\/03\/MP-AVATAR.png\",\"width\":1000,\"height\":750},{\"@type\":\"BreadcrumbList\",\"@id\":\"https:\/\/sbeneditosalto.com.br\/index.php\/2025\/03\/06\/como-peregrinos-da-esperanca-no-caminho-de-conversao\/#breadcrumb\",\"itemListElement\":[{\"@type\":\"ListItem\",\"position\":1,\"name\":\"In\u00edcio\",\"item\":\"https:\/\/sbeneditosalto.com.br\/\"},{\"@type\":\"ListItem\",\"position\":2,\"name\":\"COMO PEREGRINOS DA ESPERAN\u00c7A NO CAMINHO DE CONVERS\u00c3O\"}]},{\"@type\":\"WebSite\",\"@id\":\"https:\/\/sbeneditosalto.com.br\/#website\",\"url\":\"https:\/\/sbeneditosalto.com.br\/\",\"name\":\"Paroquia Sao Benedito\",\"description\":\"\",\"publisher\":{\"@id\":\"https:\/\/sbeneditosalto.com.br\/#organization\"},\"potentialAction\":[{\"@type\":\"SearchAction\",\"target\":{\"@type\":\"EntryPoint\",\"urlTemplate\":\"https:\/\/sbeneditosalto.com.br\/?s={search_term_string}\"},\"query-input\":\"required name=search_term_string\"}],\"inLanguage\":\"en-US\"},{\"@type\":\"Organization\",\"@id\":\"https:\/\/sbeneditosalto.com.br\/#organization\",\"name\":\"Paroquia Sao Benedito\",\"url\":\"https:\/\/sbeneditosalto.com.br\/\",\"logo\":{\"@type\":\"ImageObject\",\"inLanguage\":\"en-US\",\"@id\":\"https:\/\/sbeneditosalto.com.br\/#\/schema\/logo\/image\/\",\"url\":\"\",\"contentUrl\":\"\",\"caption\":\"Paroquia Sao Benedito\"},\"image\":{\"@id\":\"https:\/\/sbeneditosalto.com.br\/#\/schema\/logo\/image\/\"}},{\"@type\":\"Person\",\"@id\":\"https:\/\/sbeneditosalto.com.br\/#\/schema\/person\/f532af984122ed64d3aee41b9bde29f6\",\"name\":\"PE. CARLOS APARECIDO MARCHESANI\",\"image\":{\"@type\":\"ImageObject\",\"inLanguage\":\"en-US\",\"@id\":\"https:\/\/sbeneditosalto.com.br\/#\/schema\/person\/image\/\",\"url\":\"https:\/\/secure.gravatar.com\/avatar\/4d55680d96ecc9d9646f970e102a4b0b?s=96&d=mm&r=g\",\"contentUrl\":\"https:\/\/secure.gravatar.com\/avatar\/4d55680d96ecc9d9646f970e102a4b0b?s=96&d=mm&r=g\",\"caption\":\"PE. CARLOS APARECIDO MARCHESANI\"},\"url\":\"https:\/\/sbeneditosalto.com.br\/index.php\/author\/pe-carlos-marchesani\/\"}]}<\/script>\n<!-- \/ Yoast SEO plugin. -->","yoast_head_json":{"title":"COMO PEREGRINOS DA ESPERAN\u00c7A NO CAMINHO DE CONVERS\u00c3O - Paroquia Sao Benedito","robots":{"index":"index","follow":"follow","max-snippet":"max-snippet:-1","max-image-preview":"max-image-preview:large","max-video-preview":"max-video-preview:-1"},"canonical":"https:\/\/sbeneditosalto.com.br\/index.php\/2025\/03\/06\/como-peregrinos-da-esperanca-no-caminho-de-conversao\/","og_locale":"en_US","og_type":"article","og_title":"COMO PEREGRINOS DA ESPERAN\u00c7A NO CAMINHO DE CONVERS\u00c3O - Paroquia Sao Benedito","og_description":"&nbsp;&nbsp;&nbsp;&nbsp;&nbsp;&nbsp; Caros amigos e paroquianos, ao iniciarmos nosso caminho quaresmal neste ano do Jubileu do Senhor, somos motivados pela Igreja nossa M\u00e3e e Mestra a perguntar a n\u00f3s mesmos: Como o Senhor est\u00e1 me chamando para crescer nesta Quaresma? &nbsp;&nbsp;&nbsp;&nbsp;&nbsp;&nbsp; A Quaresma \u00e9 um tempo em que n\u00f3s cat\u00f3licos de todas as idades somos convidados [&hellip;]","og_url":"https:\/\/sbeneditosalto.com.br\/index.php\/2025\/03\/06\/como-peregrinos-da-esperanca-no-caminho-de-conversao\/","og_site_name":"Paroquia Sao Benedito","article_published_time":"2025-03-06T14:06:35+00:00","article_modified_time":"2025-03-06T14:16:00+00:00","og_image":[{"width":1000,"height":750,"url":"https:\/\/sbeneditosalto.com.br\/wp-content\/uploads\/2025\/03\/MP-AVATAR.png","type":"image\/png"}],"author":"PE. CARLOS APARECIDO MARCHESANI","twitter_card":"summary_large_image","twitter_misc":{"Written by":"PE. CARLOS APARECIDO MARCHESANI","Est. reading time":"4 minutes"},"schema":{"@context":"https:\/\/schema.org","@graph":[{"@type":"Article","@id":"https:\/\/sbeneditosalto.com.br\/index.php\/2025\/03\/06\/como-peregrinos-da-esperanca-no-caminho-de-conversao\/#article","isPartOf":{"@id":"https:\/\/sbeneditosalto.com.br\/index.php\/2025\/03\/06\/como-peregrinos-da-esperanca-no-caminho-de-conversao\/"},"author":{"name":"PE. CARLOS APARECIDO MARCHESANI","@id":"https:\/\/sbeneditosalto.com.br\/#\/schema\/person\/f532af984122ed64d3aee41b9bde29f6"},"headline":"COMO PEREGRINOS DA ESPERAN\u00c7A NO CAMINHO DE CONVERS\u00c3O","datePublished":"2025-03-06T14:06:35+00:00","dateModified":"2025-03-06T14:16:00+00:00","mainEntityOfPage":{"@id":"https:\/\/sbeneditosalto.com.br\/index.php\/2025\/03\/06\/como-peregrinos-da-esperanca-no-caminho-de-conversao\/"},"wordCount":1021,"commentCount":0,"publisher":{"@id":"https:\/\/sbeneditosalto.com.br\/#organization"},"image":{"@id":"https:\/\/sbeneditosalto.com.br\/index.php\/2025\/03\/06\/como-peregrinos-da-esperanca-no-caminho-de-conversao\/#primaryimage"},"thumbnailUrl":"https:\/\/sbeneditosalto.com.br\/wp-content\/uploads\/2025\/03\/MP-AVATAR.png","articleSection":["Blog"],"inLanguage":"en-US","potentialAction":[{"@type":"CommentAction","name":"Comment","target":["https:\/\/sbeneditosalto.com.br\/index.php\/2025\/03\/06\/como-peregrinos-da-esperanca-no-caminho-de-conversao\/#respond"]}]},{"@type":"WebPage","@id":"https:\/\/sbeneditosalto.com.br\/index.php\/2025\/03\/06\/como-peregrinos-da-esperanca-no-caminho-de-conversao\/","url":"https:\/\/sbeneditosalto.com.br\/index.php\/2025\/03\/06\/como-peregrinos-da-esperanca-no-caminho-de-conversao\/","name":"COMO PEREGRINOS DA ESPERAN\u00c7A NO CAMINHO DE CONVERS\u00c3O - Paroquia Sao Benedito","isPartOf":{"@id":"https:\/\/sbeneditosalto.com.br\/#website"},"primaryImageOfPage":{"@id":"https:\/\/sbeneditosalto.com.br\/index.php\/2025\/03\/06\/como-peregrinos-da-esperanca-no-caminho-de-conversao\/#primaryimage"},"image":{"@id":"https:\/\/sbeneditosalto.com.br\/index.php\/2025\/03\/06\/como-peregrinos-da-esperanca-no-caminho-de-conversao\/#primaryimage"},"thumbnailUrl":"https:\/\/sbeneditosalto.com.br\/wp-content\/uploads\/2025\/03\/MP-AVATAR.png","datePublished":"2025-03-06T14:06:35+00:00","dateModified":"2025-03-06T14:16:00+00:00","breadcrumb":{"@id":"https:\/\/sbeneditosalto.com.br\/index.php\/2025\/03\/06\/como-peregrinos-da-esperanca-no-caminho-de-conversao\/#breadcrumb"},"inLanguage":"en-US","potentialAction":[{"@type":"ReadAction","target":["https:\/\/sbeneditosalto.com.br\/index.php\/2025\/03\/06\/como-peregrinos-da-esperanca-no-caminho-de-conversao\/"]}]},{"@type":"ImageObject","inLanguage":"en-US","@id":"https:\/\/sbeneditosalto.com.br\/index.php\/2025\/03\/06\/como-peregrinos-da-esperanca-no-caminho-de-conversao\/#primaryimage","url":"https:\/\/sbeneditosalto.com.br\/wp-content\/uploads\/2025\/03\/MP-AVATAR.png","contentUrl":"https:\/\/sbeneditosalto.com.br\/wp-content\/uploads\/2025\/03\/MP-AVATAR.png","width":1000,"height":750},{"@type":"BreadcrumbList","@id":"https:\/\/sbeneditosalto.com.br\/index.php\/2025\/03\/06\/como-peregrinos-da-esperanca-no-caminho-de-conversao\/#breadcrumb","itemListElement":[{"@type":"ListItem","position":1,"name":"In\u00edcio","item":"https:\/\/sbeneditosalto.com.br\/"},{"@type":"ListItem","position":2,"name":"COMO PEREGRINOS DA ESPERAN\u00c7A NO CAMINHO DE CONVERS\u00c3O"}]},{"@type":"WebSite","@id":"https:\/\/sbeneditosalto.com.br\/#website","url":"https:\/\/sbeneditosalto.com.br\/","name":"Paroquia Sao Benedito","description":"","publisher":{"@id":"https:\/\/sbeneditosalto.com.br\/#organization"},"potentialAction":[{"@type":"SearchAction","target":{"@type":"EntryPoint","urlTemplate":"https:\/\/sbeneditosalto.com.br\/?s={search_term_string}"},"query-input":"required name=search_term_string"}],"inLanguage":"en-US"},{"@type":"Organization","@id":"https:\/\/sbeneditosalto.com.br\/#organization","name":"Paroquia Sao Benedito","url":"https:\/\/sbeneditosalto.com.br\/","logo":{"@type":"ImageObject","inLanguage":"en-US","@id":"https:\/\/sbeneditosalto.com.br\/#\/schema\/logo\/image\/","url":"","contentUrl":"","caption":"Paroquia Sao Benedito"},"image":{"@id":"https:\/\/sbeneditosalto.com.br\/#\/schema\/logo\/image\/"}},{"@type":"Person","@id":"https:\/\/sbeneditosalto.com.br\/#\/schema\/person\/f532af984122ed64d3aee41b9bde29f6","name":"PE. CARLOS APARECIDO MARCHESANI","image":{"@type":"ImageObject","inLanguage":"en-US","@id":"https:\/\/sbeneditosalto.com.br\/#\/schema\/person\/image\/","url":"https:\/\/secure.gravatar.com\/avatar\/4d55680d96ecc9d9646f970e102a4b0b?s=96&d=mm&r=g","contentUrl":"https:\/\/secure.gravatar.com\/avatar\/4d55680d96ecc9d9646f970e102a4b0b?s=96&d=mm&r=g","caption":"PE. CARLOS APARECIDO MARCHESANI"},"url":"https:\/\/sbeneditosalto.com.br\/index.php\/author\/pe-carlos-marchesani\/"}]}},"_links":{"self":[{"href":"https:\/\/sbeneditosalto.com.br\/index.php\/wp-json\/wp\/v2\/posts\/2777"}],"collection":[{"href":"https:\/\/sbeneditosalto.com.br\/index.php\/wp-json\/wp\/v2\/posts"}],"about":[{"href":"https:\/\/sbeneditosalto.com.br\/index.php\/wp-json\/wp\/v2\/types\/post"}],"author":[{"embeddable":true,"href":"https:\/\/sbeneditosalto.com.br\/index.php\/wp-json\/wp\/v2\/users\/3"}],"replies":[{"embeddable":true,"href":"https:\/\/sbeneditosalto.com.br\/index.php\/wp-json\/wp\/v2\/comments?post=2777"}],"version-history":[{"count":2,"href":"https:\/\/sbeneditosalto.com.br\/index.php\/wp-json\/wp\/v2\/posts\/2777\/revisions"}],"predecessor-version":[{"id":2780,"href":"https:\/\/sbeneditosalto.com.br\/index.php\/wp-json\/wp\/v2\/posts\/2777\/revisions\/2780"}],"wp:featuredmedia":[{"embeddable":true,"href":"https:\/\/sbeneditosalto.com.br\/index.php\/wp-json\/wp\/v2\/media\/2778"}],"wp:attachment":[{"href":"https:\/\/sbeneditosalto.com.br\/index.php\/wp-json\/wp\/v2\/media?parent=2777"}],"wp:term":[{"taxonomy":"category","embeddable":true,"href":"https:\/\/sbeneditosalto.com.br\/index.php\/wp-json\/wp\/v2\/categories?post=2777"},{"taxonomy":"post_tag","embeddable":true,"href":"https:\/\/sbeneditosalto.com.br\/index.php\/wp-json\/wp\/v2\/tags?post=2777"}],"curies":[{"name":"wp","href":"https:\/\/api.w.org\/{rel}","templated":true}]}}