{"id":2767,"date":"2025-02-25T15:09:01","date_gmt":"2025-02-25T18:09:01","guid":{"rendered":"https:\/\/sbeneditosalto.com.br\/?p=2767"},"modified":"2025-03-04T15:13:25","modified_gmt":"2025-03-04T18:13:25","slug":"voluntarios-das-pastorais-sociais-e-comunidades-receberam-doacoes-no-espaco-festivo","status":"publish","type":"post","link":"https:\/\/sbeneditosalto.com.br\/index.php\/2025\/02\/25\/voluntarios-das-pastorais-sociais-e-comunidades-receberam-doacoes-no-espaco-festivo\/","title":{"rendered":"VOLUNT\u00c1RIOS DAS PASTORAIS SOCIAIS E COMUNIDADES RECEBERAM DOA\u00c7\u00d5ES NO ESPA\u00c7O FESTIVO"},"content":{"rendered":"\n<p>\u00a0\u00a0\u00a0\u00a0\u00a0\u00a0\u00a0\u00a0\u00a0\u00a0\u00a0 Volunt\u00e1rios da Koinonia e Solidariedade, que participam das Pastorais da Sa\u00fade, Afro-brasileira, F\u00e9 e Pol\u00edtica e Cidadania e Comunica\u00e7\u00e3o Social, das Comunidades Santo In\u00e1cio de Loyola e Santa Ana e S\u00e3o Joaquim, al\u00e9m das Confer\u00eancias Vicentinas que atuam na regi\u00e3o da Par\u00f3quia S\u00e3o Benedito, estiveram na manh\u00e3 de s\u00e1bado, 22 de fevereiro, das 08h \u00e0s 12h, recebendo as doa\u00e7\u00f5es dos paroquianos para o &#8220;Dia do Despojamento&#8221;.<\/p>\n\n\n\n<p>\u00a0\u00a0\u00a0\u00a0\u00a0\u00a0\u00a0\u00a0\u00a0\u00a0\u00a0 Foram doados alimentos, fraldas, roupas masculinas, femininas e infantis, cal\u00e7ados e brinquedos que ser\u00e3o destinados \u00e0 fam\u00edlias em situa\u00e7\u00e3o de vulnerabilidade social que s\u00e3o assistidas pelas Pastorais Sociais e Confer\u00eancias Vicentinas.<\/p>\n\n\n\n<p>A Par\u00f3quia S\u00e3o Benedito agradece a todos os volunt\u00e1rios e aos doadores. <\/p>\n\n\n\n<p>* Fotos: L\u00facia Castro &#8211; PASCOM\u00a0S\u00e3o\u00a0Benedito.<\/p>\n\n\n\n<p>ALBUM DE FOTOS: <a href=\"https:\/\/drive.google.com\/drive\/folders\/178LOmsB3gJMHbDJEnmfq-e-8FIfjVvNL?usp=sharing\">CLIQUE AQUI<\/a> OU EM QUALQUER IMAGEM ABAIXO E ACESSE O ALBUM COMPLETO<\/p>\n\n\n\n<figure class=\"wp-block-gallery has-nested-images columns-default is-cropped wp-block-gallery-1 is-layout-flex wp-block-gallery-is-layout-flex\">\n<figure class=\"wp-block-image size-large\"><a href=\"https:\/\/drive.google.com\/drive\/folders\/178LOmsB3gJMHbDJEnmfq-e-8FIfjVvNL?usp=sharing\"><img decoding=\"async\" loading=\"lazy\" width=\"1024\" height=\"576\" data-id=\"2768\" src=\"https:\/\/sbeneditosalto.com.br\/wp-content\/uploads\/2025\/03\/DIA-DO-DESAPEGO-NOTICIA-1024x576.jpg\" alt=\"\" class=\"wp-image-2768\" srcset=\"https:\/\/sbeneditosalto.com.br\/wp-content\/uploads\/2025\/03\/DIA-DO-DESAPEGO-NOTICIA-1024x576.jpg 1024w, https:\/\/sbeneditosalto.com.br\/wp-content\/uploads\/2025\/03\/DIA-DO-DESAPEGO-NOTICIA-300x169.jpg 300w, https:\/\/sbeneditosalto.com.br\/wp-content\/uploads\/2025\/03\/DIA-DO-DESAPEGO-NOTICIA-768x432.jpg 768w, https:\/\/sbeneditosalto.com.br\/wp-content\/uploads\/2025\/03\/DIA-DO-DESAPEGO-NOTICIA-1536x864.jpg 1536w, https:\/\/sbeneditosalto.com.br\/wp-content\/uploads\/2025\/03\/DIA-DO-DESAPEGO-NOTICIA.jpg 1600w\" sizes=\"(max-width: 1024px) 100vw, 1024px\" \/><\/a><\/figure>\n\n\n\n<figure class=\"wp-block-image size-large\"><a href=\"https:\/\/drive.google.com\/drive\/folders\/178LOmsB3gJMHbDJEnmfq-e-8FIfjVvNL?usp=sharing\"><img decoding=\"async\" loading=\"lazy\" width=\"1024\" height=\"576\" data-id=\"2769\" src=\"https:\/\/sbeneditosalto.com.br\/wp-content\/uploads\/2025\/03\/DIA-DO-DESAPEGO-2025-2025-NOTICIA-02-1024x576.jpg\" alt=\"\" class=\"wp-image-2769\" srcset=\"https:\/\/sbeneditosalto.com.br\/wp-content\/uploads\/2025\/03\/DIA-DO-DESAPEGO-2025-2025-NOTICIA-02-1024x576.jpg 1024w, https:\/\/sbeneditosalto.com.br\/wp-content\/uploads\/2025\/03\/DIA-DO-DESAPEGO-2025-2025-NOTICIA-02-300x169.jpg 300w, https:\/\/sbeneditosalto.com.br\/wp-content\/uploads\/2025\/03\/DIA-DO-DESAPEGO-2025-2025-NOTICIA-02-768x432.jpg 768w, https:\/\/sbeneditosalto.com.br\/wp-content\/uploads\/2025\/03\/DIA-DO-DESAPEGO-2025-2025-NOTICIA-02-1536x864.jpg 1536w, https:\/\/sbeneditosalto.com.br\/wp-content\/uploads\/2025\/03\/DIA-DO-DESAPEGO-2025-2025-NOTICIA-02.jpg 1600w\" sizes=\"(max-width: 1024px) 100vw, 1024px\" \/><\/a><\/figure>\n<\/figure>\n","protected":false},"excerpt":{"rendered":"<p>\u00a0\u00a0\u00a0\u00a0\u00a0\u00a0\u00a0\u00a0\u00a0\u00a0\u00a0 Volunt\u00e1rios da Koinonia e Solidariedade, que participam das Pastorais da Sa\u00fade, Afro-brasileira, F\u00e9 e Pol\u00edtica e Cidadania e Comunica\u00e7\u00e3o Social, das Comunidades Santo In\u00e1cio de Loyola e Santa Ana e S\u00e3o Joaquim, al\u00e9m das Confer\u00eancias Vicentinas que atuam na regi\u00e3o da Par\u00f3quia S\u00e3o Benedito, estiveram na manh\u00e3 de s\u00e1bado, 22 de fevereiro, das 08h [&hellip;]<\/p>\n","protected":false},"author":2,"featured_media":2770,"comment_status":"open","ping_status":"open","sticky":false,"template":"","format":"standard","meta":{"footnotes":""},"categories":[1],"tags":[],"blocksy_meta":"","yoast_head":"<!-- This site is optimized with the Yoast SEO plugin v22.4 - https:\/\/yoast.com\/wordpress\/plugins\/seo\/ -->\n<title>VOLUNT\u00c1RIOS DAS PASTORAIS SOCIAIS E COMUNIDADES RECEBERAM DOA\u00c7\u00d5ES NO ESPA\u00c7O FESTIVO - Paroquia Sao Benedito<\/title>\n<meta name=\"robots\" content=\"index, follow, max-snippet:-1, max-image-preview:large, max-video-preview:-1\" \/>\n<link rel=\"canonical\" href=\"https:\/\/sbeneditosalto.com.br\/index.php\/2025\/02\/25\/voluntarios-das-pastorais-sociais-e-comunidades-receberam-doacoes-no-espaco-festivo\/\" \/>\n<meta property=\"og:locale\" content=\"en_US\" \/>\n<meta property=\"og:type\" content=\"article\" \/>\n<meta property=\"og:title\" content=\"VOLUNT\u00c1RIOS DAS PASTORAIS SOCIAIS E COMUNIDADES RECEBERAM DOA\u00c7\u00d5ES NO ESPA\u00c7O FESTIVO - Paroquia Sao Benedito\" \/>\n<meta property=\"og:description\" content=\"\u00a0\u00a0\u00a0\u00a0\u00a0\u00a0\u00a0\u00a0\u00a0\u00a0\u00a0 Volunt\u00e1rios da Koinonia e Solidariedade, que participam das Pastorais da Sa\u00fade, Afro-brasileira, F\u00e9 e Pol\u00edtica e Cidadania e Comunica\u00e7\u00e3o Social, das Comunidades Santo In\u00e1cio de Loyola e Santa Ana e S\u00e3o Joaquim, al\u00e9m das Confer\u00eancias Vicentinas que atuam na regi\u00e3o da Par\u00f3quia S\u00e3o Benedito, estiveram na manh\u00e3 de s\u00e1bado, 22 de fevereiro, das 08h [&hellip;]\" \/>\n<meta property=\"og:url\" content=\"https:\/\/sbeneditosalto.com.br\/index.php\/2025\/02\/25\/voluntarios-das-pastorais-sociais-e-comunidades-receberam-doacoes-no-espaco-festivo\/\" \/>\n<meta property=\"og:site_name\" content=\"Paroquia Sao Benedito\" \/>\n<meta property=\"article:published_time\" content=\"2025-02-25T18:09:01+00:00\" \/>\n<meta property=\"article:modified_time\" content=\"2025-03-04T18:13:25+00:00\" \/>\n<meta property=\"og:image\" content=\"https:\/\/sbeneditosalto.com.br\/wp-content\/uploads\/2025\/03\/DIA-DO-DESAPEGO-POS-EVENTO-AVATAR.png\" \/>\n\t<meta property=\"og:image:width\" content=\"1000\" \/>\n\t<meta property=\"og:image:height\" content=\"750\" \/>\n\t<meta property=\"og:image:type\" content=\"image\/png\" \/>\n<meta name=\"author\" content=\"Jos\u00e9 Carlos Pascoal\" \/>\n<meta name=\"twitter:card\" content=\"summary_large_image\" \/>\n<meta name=\"twitter:label1\" content=\"Written by\" \/>\n\t<meta name=\"twitter:data1\" content=\"Jos\u00e9 Carlos Pascoal\" \/>\n\t<meta name=\"twitter:label2\" content=\"Est. reading time\" \/>\n\t<meta name=\"twitter:data2\" content=\"2 minutes\" \/>\n<script type=\"application\/ld+json\" class=\"yoast-schema-graph\">{\"@context\":\"https:\/\/schema.org\",\"@graph\":[{\"@type\":\"Article\",\"@id\":\"https:\/\/sbeneditosalto.com.br\/index.php\/2025\/02\/25\/voluntarios-das-pastorais-sociais-e-comunidades-receberam-doacoes-no-espaco-festivo\/#article\",\"isPartOf\":{\"@id\":\"https:\/\/sbeneditosalto.com.br\/index.php\/2025\/02\/25\/voluntarios-das-pastorais-sociais-e-comunidades-receberam-doacoes-no-espaco-festivo\/\"},\"author\":{\"name\":\"Jos\u00e9 Carlos Pascoal\",\"@id\":\"https:\/\/sbeneditosalto.com.br\/#\/schema\/person\/1937db6430bd13d1242baaed97be0781\"},\"headline\":\"VOLUNT\u00c1RIOS DAS PASTORAIS SOCIAIS E COMUNIDADES RECEBERAM DOA\u00c7\u00d5ES NO ESPA\u00c7O FESTIVO\",\"datePublished\":\"2025-02-25T18:09:01+00:00\",\"dateModified\":\"2025-03-04T18:13:25+00:00\",\"mainEntityOfPage\":{\"@id\":\"https:\/\/sbeneditosalto.com.br\/index.php\/2025\/02\/25\/voluntarios-das-pastorais-sociais-e-comunidades-receberam-doacoes-no-espaco-festivo\/\"},\"wordCount\":167,\"commentCount\":0,\"publisher\":{\"@id\":\"https:\/\/sbeneditosalto.com.br\/#organization\"},\"image\":{\"@id\":\"https:\/\/sbeneditosalto.com.br\/index.php\/2025\/02\/25\/voluntarios-das-pastorais-sociais-e-comunidades-receberam-doacoes-no-espaco-festivo\/#primaryimage\"},\"thumbnailUrl\":\"https:\/\/sbeneditosalto.com.br\/wp-content\/uploads\/2025\/03\/DIA-DO-DESAPEGO-POS-EVENTO-AVATAR.png\",\"articleSection\":[\"Blog\"],\"inLanguage\":\"en-US\",\"potentialAction\":[{\"@type\":\"CommentAction\",\"name\":\"Comment\",\"target\":[\"https:\/\/sbeneditosalto.com.br\/index.php\/2025\/02\/25\/voluntarios-das-pastorais-sociais-e-comunidades-receberam-doacoes-no-espaco-festivo\/#respond\"]}]},{\"@type\":\"WebPage\",\"@id\":\"https:\/\/sbeneditosalto.com.br\/index.php\/2025\/02\/25\/voluntarios-das-pastorais-sociais-e-comunidades-receberam-doacoes-no-espaco-festivo\/\",\"url\":\"https:\/\/sbeneditosalto.com.br\/index.php\/2025\/02\/25\/voluntarios-das-pastorais-sociais-e-comunidades-receberam-doacoes-no-espaco-festivo\/\",\"name\":\"VOLUNT\u00c1RIOS DAS PASTORAIS SOCIAIS E COMUNIDADES RECEBERAM DOA\u00c7\u00d5ES NO ESPA\u00c7O FESTIVO - Paroquia Sao Benedito\",\"isPartOf\":{\"@id\":\"https:\/\/sbeneditosalto.com.br\/#website\"},\"primaryImageOfPage\":{\"@id\":\"https:\/\/sbeneditosalto.com.br\/index.php\/2025\/02\/25\/voluntarios-das-pastorais-sociais-e-comunidades-receberam-doacoes-no-espaco-festivo\/#primaryimage\"},\"image\":{\"@id\":\"https:\/\/sbeneditosalto.com.br\/index.php\/2025\/02\/25\/voluntarios-das-pastorais-sociais-e-comunidades-receberam-doacoes-no-espaco-festivo\/#primaryimage\"},\"thumbnailUrl\":\"https:\/\/sbeneditosalto.com.br\/wp-content\/uploads\/2025\/03\/DIA-DO-DESAPEGO-POS-EVENTO-AVATAR.png\",\"datePublished\":\"2025-02-25T18:09:01+00:00\",\"dateModified\":\"2025-03-04T18:13:25+00:00\",\"breadcrumb\":{\"@id\":\"https:\/\/sbeneditosalto.com.br\/index.php\/2025\/02\/25\/voluntarios-das-pastorais-sociais-e-comunidades-receberam-doacoes-no-espaco-festivo\/#breadcrumb\"},\"inLanguage\":\"en-US\",\"potentialAction\":[{\"@type\":\"ReadAction\",\"target\":[\"https:\/\/sbeneditosalto.com.br\/index.php\/2025\/02\/25\/voluntarios-das-pastorais-sociais-e-comunidades-receberam-doacoes-no-espaco-festivo\/\"]}]},{\"@type\":\"ImageObject\",\"inLanguage\":\"en-US\",\"@id\":\"https:\/\/sbeneditosalto.com.br\/index.php\/2025\/02\/25\/voluntarios-das-pastorais-sociais-e-comunidades-receberam-doacoes-no-espaco-festivo\/#primaryimage\",\"url\":\"https:\/\/sbeneditosalto.com.br\/wp-content\/uploads\/2025\/03\/DIA-DO-DESAPEGO-POS-EVENTO-AVATAR.png\",\"contentUrl\":\"https:\/\/sbeneditosalto.com.br\/wp-content\/uploads\/2025\/03\/DIA-DO-DESAPEGO-POS-EVENTO-AVATAR.png\",\"width\":1000,\"height\":750},{\"@type\":\"BreadcrumbList\",\"@id\":\"https:\/\/sbeneditosalto.com.br\/index.php\/2025\/02\/25\/voluntarios-das-pastorais-sociais-e-comunidades-receberam-doacoes-no-espaco-festivo\/#breadcrumb\",\"itemListElement\":[{\"@type\":\"ListItem\",\"position\":1,\"name\":\"In\u00edcio\",\"item\":\"https:\/\/sbeneditosalto.com.br\/\"},{\"@type\":\"ListItem\",\"position\":2,\"name\":\"VOLUNT\u00c1RIOS DAS PASTORAIS SOCIAIS E COMUNIDADES RECEBERAM DOA\u00c7\u00d5ES NO ESPA\u00c7O FESTIVO\"}]},{\"@type\":\"WebSite\",\"@id\":\"https:\/\/sbeneditosalto.com.br\/#website\",\"url\":\"https:\/\/sbeneditosalto.com.br\/\",\"name\":\"Paroquia Sao Benedito\",\"description\":\"\",\"publisher\":{\"@id\":\"https:\/\/sbeneditosalto.com.br\/#organization\"},\"potentialAction\":[{\"@type\":\"SearchAction\",\"target\":{\"@type\":\"EntryPoint\",\"urlTemplate\":\"https:\/\/sbeneditosalto.com.br\/?s={search_term_string}\"},\"query-input\":\"required name=search_term_string\"}],\"inLanguage\":\"en-US\"},{\"@type\":\"Organization\",\"@id\":\"https:\/\/sbeneditosalto.com.br\/#organization\",\"name\":\"Paroquia Sao Benedito\",\"url\":\"https:\/\/sbeneditosalto.com.br\/\",\"logo\":{\"@type\":\"ImageObject\",\"inLanguage\":\"en-US\",\"@id\":\"https:\/\/sbeneditosalto.com.br\/#\/schema\/logo\/image\/\",\"url\":\"\",\"contentUrl\":\"\",\"caption\":\"Paroquia Sao Benedito\"},\"image\":{\"@id\":\"https:\/\/sbeneditosalto.com.br\/#\/schema\/logo\/image\/\"}},{\"@type\":\"Person\",\"@id\":\"https:\/\/sbeneditosalto.com.br\/#\/schema\/person\/1937db6430bd13d1242baaed97be0781\",\"name\":\"Jos\u00e9 Carlos Pascoal\",\"image\":{\"@type\":\"ImageObject\",\"inLanguage\":\"en-US\",\"@id\":\"https:\/\/sbeneditosalto.com.br\/#\/schema\/person\/image\/\",\"url\":\"https:\/\/secure.gravatar.com\/avatar\/4af6632c766ef45aa6c85f9456f2e79a?s=96&d=mm&r=g\",\"contentUrl\":\"https:\/\/secure.gravatar.com\/avatar\/4af6632c766ef45aa6c85f9456f2e79a?s=96&d=mm&r=g\",\"caption\":\"Jos\u00e9 Carlos Pascoal\"},\"url\":\"https:\/\/sbeneditosalto.com.br\/index.php\/author\/diaconopascoal\/\"}]}<\/script>\n<!-- \/ Yoast SEO plugin. -->","yoast_head_json":{"title":"VOLUNT\u00c1RIOS DAS PASTORAIS SOCIAIS E COMUNIDADES RECEBERAM DOA\u00c7\u00d5ES NO ESPA\u00c7O FESTIVO - Paroquia Sao Benedito","robots":{"index":"index","follow":"follow","max-snippet":"max-snippet:-1","max-image-preview":"max-image-preview:large","max-video-preview":"max-video-preview:-1"},"canonical":"https:\/\/sbeneditosalto.com.br\/index.php\/2025\/02\/25\/voluntarios-das-pastorais-sociais-e-comunidades-receberam-doacoes-no-espaco-festivo\/","og_locale":"en_US","og_type":"article","og_title":"VOLUNT\u00c1RIOS DAS PASTORAIS SOCIAIS E COMUNIDADES RECEBERAM DOA\u00c7\u00d5ES NO ESPA\u00c7O FESTIVO - Paroquia Sao Benedito","og_description":"\u00a0\u00a0\u00a0\u00a0\u00a0\u00a0\u00a0\u00a0\u00a0\u00a0\u00a0 Volunt\u00e1rios da Koinonia e Solidariedade, que participam das Pastorais da Sa\u00fade, Afro-brasileira, F\u00e9 e Pol\u00edtica e Cidadania e Comunica\u00e7\u00e3o Social, das Comunidades Santo In\u00e1cio de Loyola e Santa Ana e S\u00e3o Joaquim, al\u00e9m das Confer\u00eancias Vicentinas que atuam na regi\u00e3o da Par\u00f3quia S\u00e3o Benedito, estiveram na manh\u00e3 de s\u00e1bado, 22 de fevereiro, das 08h [&hellip;]","og_url":"https:\/\/sbeneditosalto.com.br\/index.php\/2025\/02\/25\/voluntarios-das-pastorais-sociais-e-comunidades-receberam-doacoes-no-espaco-festivo\/","og_site_name":"Paroquia Sao Benedito","article_published_time":"2025-02-25T18:09:01+00:00","article_modified_time":"2025-03-04T18:13:25+00:00","og_image":[{"width":1000,"height":750,"url":"https:\/\/sbeneditosalto.com.br\/wp-content\/uploads\/2025\/03\/DIA-DO-DESAPEGO-POS-EVENTO-AVATAR.png","type":"image\/png"}],"author":"Jos\u00e9 Carlos Pascoal","twitter_card":"summary_large_image","twitter_misc":{"Written by":"Jos\u00e9 Carlos Pascoal","Est. reading time":"2 minutes"},"schema":{"@context":"https:\/\/schema.org","@graph":[{"@type":"Article","@id":"https:\/\/sbeneditosalto.com.br\/index.php\/2025\/02\/25\/voluntarios-das-pastorais-sociais-e-comunidades-receberam-doacoes-no-espaco-festivo\/#article","isPartOf":{"@id":"https:\/\/sbeneditosalto.com.br\/index.php\/2025\/02\/25\/voluntarios-das-pastorais-sociais-e-comunidades-receberam-doacoes-no-espaco-festivo\/"},"author":{"name":"Jos\u00e9 Carlos Pascoal","@id":"https:\/\/sbeneditosalto.com.br\/#\/schema\/person\/1937db6430bd13d1242baaed97be0781"},"headline":"VOLUNT\u00c1RIOS DAS PASTORAIS SOCIAIS E COMUNIDADES RECEBERAM DOA\u00c7\u00d5ES NO ESPA\u00c7O FESTIVO","datePublished":"2025-02-25T18:09:01+00:00","dateModified":"2025-03-04T18:13:25+00:00","mainEntityOfPage":{"@id":"https:\/\/sbeneditosalto.com.br\/index.php\/2025\/02\/25\/voluntarios-das-pastorais-sociais-e-comunidades-receberam-doacoes-no-espaco-festivo\/"},"wordCount":167,"commentCount":0,"publisher":{"@id":"https:\/\/sbeneditosalto.com.br\/#organization"},"image":{"@id":"https:\/\/sbeneditosalto.com.br\/index.php\/2025\/02\/25\/voluntarios-das-pastorais-sociais-e-comunidades-receberam-doacoes-no-espaco-festivo\/#primaryimage"},"thumbnailUrl":"https:\/\/sbeneditosalto.com.br\/wp-content\/uploads\/2025\/03\/DIA-DO-DESAPEGO-POS-EVENTO-AVATAR.png","articleSection":["Blog"],"inLanguage":"en-US","potentialAction":[{"@type":"CommentAction","name":"Comment","target":["https:\/\/sbeneditosalto.com.br\/index.php\/2025\/02\/25\/voluntarios-das-pastorais-sociais-e-comunidades-receberam-doacoes-no-espaco-festivo\/#respond"]}]},{"@type":"WebPage","@id":"https:\/\/sbeneditosalto.com.br\/index.php\/2025\/02\/25\/voluntarios-das-pastorais-sociais-e-comunidades-receberam-doacoes-no-espaco-festivo\/","url":"https:\/\/sbeneditosalto.com.br\/index.php\/2025\/02\/25\/voluntarios-das-pastorais-sociais-e-comunidades-receberam-doacoes-no-espaco-festivo\/","name":"VOLUNT\u00c1RIOS DAS PASTORAIS SOCIAIS E COMUNIDADES RECEBERAM DOA\u00c7\u00d5ES NO ESPA\u00c7O FESTIVO - Paroquia Sao Benedito","isPartOf":{"@id":"https:\/\/sbeneditosalto.com.br\/#website"},"primaryImageOfPage":{"@id":"https:\/\/sbeneditosalto.com.br\/index.php\/2025\/02\/25\/voluntarios-das-pastorais-sociais-e-comunidades-receberam-doacoes-no-espaco-festivo\/#primaryimage"},"image":{"@id":"https:\/\/sbeneditosalto.com.br\/index.php\/2025\/02\/25\/voluntarios-das-pastorais-sociais-e-comunidades-receberam-doacoes-no-espaco-festivo\/#primaryimage"},"thumbnailUrl":"https:\/\/sbeneditosalto.com.br\/wp-content\/uploads\/2025\/03\/DIA-DO-DESAPEGO-POS-EVENTO-AVATAR.png","datePublished":"2025-02-25T18:09:01+00:00","dateModified":"2025-03-04T18:13:25+00:00","breadcrumb":{"@id":"https:\/\/sbeneditosalto.com.br\/index.php\/2025\/02\/25\/voluntarios-das-pastorais-sociais-e-comunidades-receberam-doacoes-no-espaco-festivo\/#breadcrumb"},"inLanguage":"en-US","potentialAction":[{"@type":"ReadAction","target":["https:\/\/sbeneditosalto.com.br\/index.php\/2025\/02\/25\/voluntarios-das-pastorais-sociais-e-comunidades-receberam-doacoes-no-espaco-festivo\/"]}]},{"@type":"ImageObject","inLanguage":"en-US","@id":"https:\/\/sbeneditosalto.com.br\/index.php\/2025\/02\/25\/voluntarios-das-pastorais-sociais-e-comunidades-receberam-doacoes-no-espaco-festivo\/#primaryimage","url":"https:\/\/sbeneditosalto.com.br\/wp-content\/uploads\/2025\/03\/DIA-DO-DESAPEGO-POS-EVENTO-AVATAR.png","contentUrl":"https:\/\/sbeneditosalto.com.br\/wp-content\/uploads\/2025\/03\/DIA-DO-DESAPEGO-POS-EVENTO-AVATAR.png","width":1000,"height":750},{"@type":"BreadcrumbList","@id":"https:\/\/sbeneditosalto.com.br\/index.php\/2025\/02\/25\/voluntarios-das-pastorais-sociais-e-comunidades-receberam-doacoes-no-espaco-festivo\/#breadcrumb","itemListElement":[{"@type":"ListItem","position":1,"name":"In\u00edcio","item":"https:\/\/sbeneditosalto.com.br\/"},{"@type":"ListItem","position":2,"name":"VOLUNT\u00c1RIOS DAS PASTORAIS SOCIAIS E COMUNIDADES RECEBERAM DOA\u00c7\u00d5ES NO ESPA\u00c7O FESTIVO"}]},{"@type":"WebSite","@id":"https:\/\/sbeneditosalto.com.br\/#website","url":"https:\/\/sbeneditosalto.com.br\/","name":"Paroquia Sao Benedito","description":"","publisher":{"@id":"https:\/\/sbeneditosalto.com.br\/#organization"},"potentialAction":[{"@type":"SearchAction","target":{"@type":"EntryPoint","urlTemplate":"https:\/\/sbeneditosalto.com.br\/?s={search_term_string}"},"query-input":"required name=search_term_string"}],"inLanguage":"en-US"},{"@type":"Organization","@id":"https:\/\/sbeneditosalto.com.br\/#organization","name":"Paroquia Sao Benedito","url":"https:\/\/sbeneditosalto.com.br\/","logo":{"@type":"ImageObject","inLanguage":"en-US","@id":"https:\/\/sbeneditosalto.com.br\/#\/schema\/logo\/image\/","url":"","contentUrl":"","caption":"Paroquia Sao Benedito"},"image":{"@id":"https:\/\/sbeneditosalto.com.br\/#\/schema\/logo\/image\/"}},{"@type":"Person","@id":"https:\/\/sbeneditosalto.com.br\/#\/schema\/person\/1937db6430bd13d1242baaed97be0781","name":"Jos\u00e9 Carlos Pascoal","image":{"@type":"ImageObject","inLanguage":"en-US","@id":"https:\/\/sbeneditosalto.com.br\/#\/schema\/person\/image\/","url":"https:\/\/secure.gravatar.com\/avatar\/4af6632c766ef45aa6c85f9456f2e79a?s=96&d=mm&r=g","contentUrl":"https:\/\/secure.gravatar.com\/avatar\/4af6632c766ef45aa6c85f9456f2e79a?s=96&d=mm&r=g","caption":"Jos\u00e9 Carlos Pascoal"},"url":"https:\/\/sbeneditosalto.com.br\/index.php\/author\/diaconopascoal\/"}]}},"_links":{"self":[{"href":"https:\/\/sbeneditosalto.com.br\/index.php\/wp-json\/wp\/v2\/posts\/2767"}],"collection":[{"href":"https:\/\/sbeneditosalto.com.br\/index.php\/wp-json\/wp\/v2\/posts"}],"about":[{"href":"https:\/\/sbeneditosalto.com.br\/index.php\/wp-json\/wp\/v2\/types\/post"}],"author":[{"embeddable":true,"href":"https:\/\/sbeneditosalto.com.br\/index.php\/wp-json\/wp\/v2\/users\/2"}],"replies":[{"embeddable":true,"href":"https:\/\/sbeneditosalto.com.br\/index.php\/wp-json\/wp\/v2\/comments?post=2767"}],"version-history":[{"count":2,"href":"https:\/\/sbeneditosalto.com.br\/index.php\/wp-json\/wp\/v2\/posts\/2767\/revisions"}],"predecessor-version":[{"id":2772,"href":"https:\/\/sbeneditosalto.com.br\/index.php\/wp-json\/wp\/v2\/posts\/2767\/revisions\/2772"}],"wp:featuredmedia":[{"embeddable":true,"href":"https:\/\/sbeneditosalto.com.br\/index.php\/wp-json\/wp\/v2\/media\/2770"}],"wp:attachment":[{"href":"https:\/\/sbeneditosalto.com.br\/index.php\/wp-json\/wp\/v2\/media?parent=2767"}],"wp:term":[{"taxonomy":"category","embeddable":true,"href":"https:\/\/sbeneditosalto.com.br\/index.php\/wp-json\/wp\/v2\/categories?post=2767"},{"taxonomy":"post_tag","embeddable":true,"href":"https:\/\/sbeneditosalto.com.br\/index.php\/wp-json\/wp\/v2\/tags?post=2767"}],"curies":[{"name":"wp","href":"https:\/\/api.w.org\/{rel}","templated":true}]}}