{"id":2487,"date":"2024-06-27T14:19:45","date_gmt":"2024-06-27T17:19:45","guid":{"rendered":"https:\/\/sbeneditosalto.com.br\/?p=2487"},"modified":"2024-07-16T08:45:00","modified_gmt":"2024-07-16T11:45:00","slug":"comemorado-o-dia-da-politica-e-do-governante-na-paroquia-sao-benedito","status":"publish","type":"post","link":"https:\/\/sbeneditosalto.com.br\/index.php\/2024\/06\/27\/comemorado-o-dia-da-politica-e-do-governante-na-paroquia-sao-benedito\/","title":{"rendered":"COMEMORADO O &#8220;DIA DA POL\u00cdTICA E DO GOVERNANTE&#8221; NA PAR\u00d3QUIA S\u00c3O BENEDITO"},"content":{"rendered":"\n<p>\u00a0\u00a0\u00a0\u00a0\u00a0\u00a0\u00a0\u00a0\u00a0\u00a0 A Igreja celebra no dia 22 de junho a mem\u00f3ria de S\u00e3o Tom\u00e1s More, fil\u00f3sofo e Chanceler do Reino da Inglaterra, Padroeiro da Pol\u00edtica e dos Governantes.<\/p>\n\n\n\n<p>\u00a0\u00a0\u00a0\u00a0\u00a0\u00a0\u00a0\u00a0\u00a0\u00a0 Para comemorar essa data, a Par\u00f3quia S\u00e3o Benedito, atrav\u00e9s da Pastoral F\u00e9, Pol\u00edtica e Cidadania realizou encontro com autoridades e pol\u00edticos da Est\u00e2ncia Tur\u00edstica de Salto. O evento aconteceu nesta sexta-feira, 21 de junho, \u00e0s 16h, no Sal\u00e3o &#8220;Dom Gabriel&#8221; do Centro de Pastoral S\u00e3o Benedito.<\/p>\n\n\n\n<p>\u00a0\u00a0\u00a0\u00a0\u00a0\u00a0\u00a0\u00a0\u00a0\u00a0 A apresenta\u00e7\u00e3o e acolhida foi feita pelo di\u00e1cono Jos\u00e9 Carlos Pascoal. Padre Carlos Marchesani conduziu um momento de ora\u00e7\u00e3o, seguida de reflex\u00e3o de texto do Livro do Eclesi\u00e1stico sobre a sabedoria dos governantes. Na exorta\u00e7\u00e3o, padre Carlos falou sobre a necessidade do pol\u00edtico visar sempre o que \u00e9 melhor para o povo e para a cidade, considerando que nas diverg\u00eancias no exerc\u00edcio leve em considera\u00e7\u00e3o que o pol\u00edtico divergente n\u00e3o \u00e9 inimigo, mas advers\u00e1rio pol\u00edtico.<\/p>\n\n\n\n<p>\u00a0\u00a0\u00a0\u00a0\u00a0\u00a0\u00a0\u00a0\u00a0\u00a0 O p\u00e1roco leu e refletiu um texto sobre a escolha feita pelo papa Jo\u00e3o Paulo II para que S\u00e3o Tom\u00e1s More fosse o Padroeiro da Pol\u00edtica e dos Governantes.<\/p>\n\n\n\n<p>\u00a0\u00a0\u00a0\u00a0\u00a0\u00a0\u00a0\u00a0\u00a0\u00a0 Fizeram uso da palavra para reflex\u00e3o sobre os textos o Prefeito Municipal Laerte Sonsin J\u00fanior e o Presidente da C\u00e2mara Municipal Edval Pereira Rosa, seguida da apresenta\u00e7\u00e3o dos convidados.<\/p>\n\n\n\n<p>\u00a0\u00a0\u00a0\u00a0\u00a0\u00a0\u00a0\u00a0\u00a0\u00a0 Participaram tamb\u00e9m do evento vereadores, pr\u00e9-candidatos a prefeito de Salto, assessores pol\u00edticos e integrantes da Pastoral F\u00e9, Pol\u00edtica e Cidadania.<\/p>\n\n\n\n<p class=\"has-text-align-left\">\u00a0\u00a0\u00a0\u00a0\u00a0\u00a0\u00a0\u00a0\u00a0\u00a0 O encontro foi encerrado com ora\u00e7\u00e3o e b\u00ean\u00e7\u00e3o pelo padre Carlos Marchesani, seguida de coquetel.<\/p>\n\n\n\n<p class=\"has-text-align-right\">Por Di\u00e1cono Jos\u00e9 Carlos Pascoal <\/p>\n\n\n\n<figure class=\"wp-block-gallery has-nested-images columns-default is-cropped wp-block-gallery-1 is-layout-flex wp-block-gallery-is-layout-flex\">\n<figure class=\"wp-block-image size-large\"><img decoding=\"async\" loading=\"lazy\" width=\"720\" height=\"390\" data-id=\"2490\" src=\"https:\/\/sbeneditosalto.com.br\/wp-content\/uploads\/2024\/06\/001.jpg\" alt=\"\" class=\"wp-image-2490\" srcset=\"https:\/\/sbeneditosalto.com.br\/wp-content\/uploads\/2024\/06\/001.jpg 720w, https:\/\/sbeneditosalto.com.br\/wp-content\/uploads\/2024\/06\/001-300x163.jpg 300w\" sizes=\"(max-width: 720px) 100vw, 720px\" \/><\/figure>\n\n\n\n<figure class=\"wp-block-image size-large\"><img decoding=\"async\" loading=\"lazy\" width=\"720\" height=\"409\" data-id=\"2489\" src=\"https:\/\/sbeneditosalto.com.br\/wp-content\/uploads\/2024\/06\/01.jpg\" alt=\"\" class=\"wp-image-2489\" srcset=\"https:\/\/sbeneditosalto.com.br\/wp-content\/uploads\/2024\/06\/01.jpg 720w, https:\/\/sbeneditosalto.com.br\/wp-content\/uploads\/2024\/06\/01-300x170.jpg 300w\" sizes=\"(max-width: 720px) 100vw, 720px\" \/><\/figure>\n\n\n\n<figure class=\"wp-block-image size-large\"><img decoding=\"async\" loading=\"lazy\" width=\"720\" height=\"421\" data-id=\"2491\" src=\"https:\/\/sbeneditosalto.com.br\/wp-content\/uploads\/2024\/06\/02.jpg\" alt=\"\" class=\"wp-image-2491\" srcset=\"https:\/\/sbeneditosalto.com.br\/wp-content\/uploads\/2024\/06\/02.jpg 720w, https:\/\/sbeneditosalto.com.br\/wp-content\/uploads\/2024\/06\/02-300x175.jpg 300w\" sizes=\"(max-width: 720px) 100vw, 720px\" \/><\/figure>\n<\/figure>\n\n\n\n<p class=\"has-text-align-center\"><a href=\"https:\/\/drive.google.com\/drive\/folders\/1wnfD6j3d26wQVlLL-JTVaNAC3dQB9oQA?usp=sharing\">CLIQUE AQUI<\/a> E VEJA TODAS AS FOTOS<\/p>\n\n\n\n<p>* Fotos: L\u00facia Castro &#8211; PasCom S\u00e3o Benedito<\/p>\n","protected":false},"excerpt":{"rendered":"<p>\u00a0\u00a0\u00a0\u00a0\u00a0\u00a0\u00a0\u00a0\u00a0\u00a0 A Igreja celebra no dia 22 de junho a mem\u00f3ria de S\u00e3o Tom\u00e1s More, fil\u00f3sofo e Chanceler do Reino da Inglaterra, Padroeiro da Pol\u00edtica e dos Governantes. \u00a0\u00a0\u00a0\u00a0\u00a0\u00a0\u00a0\u00a0\u00a0\u00a0 Para comemorar essa data, a Par\u00f3quia S\u00e3o Benedito, atrav\u00e9s da Pastoral F\u00e9, Pol\u00edtica e Cidadania realizou encontro com autoridades e pol\u00edticos da Est\u00e2ncia Tur\u00edstica de Salto. [&hellip;]<\/p>\n","protected":false},"author":2,"featured_media":2488,"comment_status":"open","ping_status":"open","sticky":false,"template":"","format":"standard","meta":{"footnotes":""},"categories":[1],"tags":[],"blocksy_meta":"","yoast_head":"<!-- This site is optimized with the Yoast SEO plugin v22.4 - https:\/\/yoast.com\/wordpress\/plugins\/seo\/ -->\n<title>COMEMORADO O &quot;DIA DA POL\u00cdTICA E DO GOVERNANTE&quot; NA PAR\u00d3QUIA S\u00c3O BENEDITO - Paroquia Sao Benedito<\/title>\n<meta name=\"robots\" content=\"index, follow, max-snippet:-1, max-image-preview:large, max-video-preview:-1\" \/>\n<link rel=\"canonical\" href=\"https:\/\/sbeneditosalto.com.br\/index.php\/2024\/06\/27\/comemorado-o-dia-da-politica-e-do-governante-na-paroquia-sao-benedito\/\" \/>\n<meta property=\"og:locale\" content=\"en_US\" \/>\n<meta property=\"og:type\" content=\"article\" \/>\n<meta property=\"og:title\" content=\"COMEMORADO O &quot;DIA DA POL\u00cdTICA E DO GOVERNANTE&quot; NA PAR\u00d3QUIA S\u00c3O BENEDITO - Paroquia Sao Benedito\" \/>\n<meta property=\"og:description\" content=\"\u00a0\u00a0\u00a0\u00a0\u00a0\u00a0\u00a0\u00a0\u00a0\u00a0 A Igreja celebra no dia 22 de junho a mem\u00f3ria de S\u00e3o Tom\u00e1s More, fil\u00f3sofo e Chanceler do Reino da Inglaterra, Padroeiro da Pol\u00edtica e dos Governantes. \u00a0\u00a0\u00a0\u00a0\u00a0\u00a0\u00a0\u00a0\u00a0\u00a0 Para comemorar essa data, a Par\u00f3quia S\u00e3o Benedito, atrav\u00e9s da Pastoral F\u00e9, Pol\u00edtica e Cidadania realizou encontro com autoridades e pol\u00edticos da Est\u00e2ncia Tur\u00edstica de Salto. [&hellip;]\" \/>\n<meta property=\"og:url\" content=\"https:\/\/sbeneditosalto.com.br\/index.php\/2024\/06\/27\/comemorado-o-dia-da-politica-e-do-governante-na-paroquia-sao-benedito\/\" \/>\n<meta property=\"og:site_name\" content=\"Paroquia Sao Benedito\" \/>\n<meta property=\"article:published_time\" content=\"2024-06-27T17:19:45+00:00\" \/>\n<meta property=\"article:modified_time\" content=\"2024-07-16T11:45:00+00:00\" \/>\n<meta property=\"og:image\" content=\"https:\/\/sbeneditosalto.com.br\/wp-content\/uploads\/2024\/06\/COMEMORADO-O-DIA-DA-POLITICA-E-DO-GOVERNANTE-NA-PAROQUIA-SAO-BENEDITO-AVATAR.png\" \/>\n\t<meta property=\"og:image:width\" content=\"1000\" \/>\n\t<meta property=\"og:image:height\" content=\"750\" \/>\n\t<meta property=\"og:image:type\" content=\"image\/png\" \/>\n<meta name=\"author\" content=\"Jos\u00e9 Carlos Pascoal\" \/>\n<meta name=\"twitter:card\" content=\"summary_large_image\" \/>\n<meta name=\"twitter:label1\" content=\"Written by\" \/>\n\t<meta name=\"twitter:data1\" content=\"Jos\u00e9 Carlos Pascoal\" \/>\n\t<meta name=\"twitter:label2\" content=\"Est. reading time\" \/>\n\t<meta name=\"twitter:data2\" content=\"2 minutes\" \/>\n<script type=\"application\/ld+json\" class=\"yoast-schema-graph\">{\"@context\":\"https:\/\/schema.org\",\"@graph\":[{\"@type\":\"Article\",\"@id\":\"https:\/\/sbeneditosalto.com.br\/index.php\/2024\/06\/27\/comemorado-o-dia-da-politica-e-do-governante-na-paroquia-sao-benedito\/#article\",\"isPartOf\":{\"@id\":\"https:\/\/sbeneditosalto.com.br\/index.php\/2024\/06\/27\/comemorado-o-dia-da-politica-e-do-governante-na-paroquia-sao-benedito\/\"},\"author\":{\"name\":\"Jos\u00e9 Carlos Pascoal\",\"@id\":\"https:\/\/sbeneditosalto.com.br\/#\/schema\/person\/1937db6430bd13d1242baaed97be0781\"},\"headline\":\"COMEMORADO O &#8220;DIA DA POL\u00cdTICA E DO GOVERNANTE&#8221; NA PAR\u00d3QUIA S\u00c3O BENEDITO\",\"datePublished\":\"2024-06-27T17:19:45+00:00\",\"dateModified\":\"2024-07-16T11:45:00+00:00\",\"mainEntityOfPage\":{\"@id\":\"https:\/\/sbeneditosalto.com.br\/index.php\/2024\/06\/27\/comemorado-o-dia-da-politica-e-do-governante-na-paroquia-sao-benedito\/\"},\"wordCount\":318,\"commentCount\":0,\"publisher\":{\"@id\":\"https:\/\/sbeneditosalto.com.br\/#organization\"},\"image\":{\"@id\":\"https:\/\/sbeneditosalto.com.br\/index.php\/2024\/06\/27\/comemorado-o-dia-da-politica-e-do-governante-na-paroquia-sao-benedito\/#primaryimage\"},\"thumbnailUrl\":\"https:\/\/sbeneditosalto.com.br\/wp-content\/uploads\/2024\/06\/COMEMORADO-O-DIA-DA-POLITICA-E-DO-GOVERNANTE-NA-PAROQUIA-SAO-BENEDITO-AVATAR.png\",\"articleSection\":[\"Blog\"],\"inLanguage\":\"en-US\",\"potentialAction\":[{\"@type\":\"CommentAction\",\"name\":\"Comment\",\"target\":[\"https:\/\/sbeneditosalto.com.br\/index.php\/2024\/06\/27\/comemorado-o-dia-da-politica-e-do-governante-na-paroquia-sao-benedito\/#respond\"]}]},{\"@type\":\"WebPage\",\"@id\":\"https:\/\/sbeneditosalto.com.br\/index.php\/2024\/06\/27\/comemorado-o-dia-da-politica-e-do-governante-na-paroquia-sao-benedito\/\",\"url\":\"https:\/\/sbeneditosalto.com.br\/index.php\/2024\/06\/27\/comemorado-o-dia-da-politica-e-do-governante-na-paroquia-sao-benedito\/\",\"name\":\"COMEMORADO O \\\"DIA DA POL\u00cdTICA E DO GOVERNANTE\\\" NA PAR\u00d3QUIA S\u00c3O BENEDITO - Paroquia Sao Benedito\",\"isPartOf\":{\"@id\":\"https:\/\/sbeneditosalto.com.br\/#website\"},\"primaryImageOfPage\":{\"@id\":\"https:\/\/sbeneditosalto.com.br\/index.php\/2024\/06\/27\/comemorado-o-dia-da-politica-e-do-governante-na-paroquia-sao-benedito\/#primaryimage\"},\"image\":{\"@id\":\"https:\/\/sbeneditosalto.com.br\/index.php\/2024\/06\/27\/comemorado-o-dia-da-politica-e-do-governante-na-paroquia-sao-benedito\/#primaryimage\"},\"thumbnailUrl\":\"https:\/\/sbeneditosalto.com.br\/wp-content\/uploads\/2024\/06\/COMEMORADO-O-DIA-DA-POLITICA-E-DO-GOVERNANTE-NA-PAROQUIA-SAO-BENEDITO-AVATAR.png\",\"datePublished\":\"2024-06-27T17:19:45+00:00\",\"dateModified\":\"2024-07-16T11:45:00+00:00\",\"breadcrumb\":{\"@id\":\"https:\/\/sbeneditosalto.com.br\/index.php\/2024\/06\/27\/comemorado-o-dia-da-politica-e-do-governante-na-paroquia-sao-benedito\/#breadcrumb\"},\"inLanguage\":\"en-US\",\"potentialAction\":[{\"@type\":\"ReadAction\",\"target\":[\"https:\/\/sbeneditosalto.com.br\/index.php\/2024\/06\/27\/comemorado-o-dia-da-politica-e-do-governante-na-paroquia-sao-benedito\/\"]}]},{\"@type\":\"ImageObject\",\"inLanguage\":\"en-US\",\"@id\":\"https:\/\/sbeneditosalto.com.br\/index.php\/2024\/06\/27\/comemorado-o-dia-da-politica-e-do-governante-na-paroquia-sao-benedito\/#primaryimage\",\"url\":\"https:\/\/sbeneditosalto.com.br\/wp-content\/uploads\/2024\/06\/COMEMORADO-O-DIA-DA-POLITICA-E-DO-GOVERNANTE-NA-PAROQUIA-SAO-BENEDITO-AVATAR.png\",\"contentUrl\":\"https:\/\/sbeneditosalto.com.br\/wp-content\/uploads\/2024\/06\/COMEMORADO-O-DIA-DA-POLITICA-E-DO-GOVERNANTE-NA-PAROQUIA-SAO-BENEDITO-AVATAR.png\",\"width\":1000,\"height\":750},{\"@type\":\"BreadcrumbList\",\"@id\":\"https:\/\/sbeneditosalto.com.br\/index.php\/2024\/06\/27\/comemorado-o-dia-da-politica-e-do-governante-na-paroquia-sao-benedito\/#breadcrumb\",\"itemListElement\":[{\"@type\":\"ListItem\",\"position\":1,\"name\":\"In\u00edcio\",\"item\":\"https:\/\/sbeneditosalto.com.br\/\"},{\"@type\":\"ListItem\",\"position\":2,\"name\":\"COMEMORADO O &#8220;DIA DA POL\u00cdTICA E DO GOVERNANTE&#8221; NA PAR\u00d3QUIA S\u00c3O BENEDITO\"}]},{\"@type\":\"WebSite\",\"@id\":\"https:\/\/sbeneditosalto.com.br\/#website\",\"url\":\"https:\/\/sbeneditosalto.com.br\/\",\"name\":\"Paroquia Sao Benedito\",\"description\":\"\",\"publisher\":{\"@id\":\"https:\/\/sbeneditosalto.com.br\/#organization\"},\"potentialAction\":[{\"@type\":\"SearchAction\",\"target\":{\"@type\":\"EntryPoint\",\"urlTemplate\":\"https:\/\/sbeneditosalto.com.br\/?s={search_term_string}\"},\"query-input\":\"required name=search_term_string\"}],\"inLanguage\":\"en-US\"},{\"@type\":\"Organization\",\"@id\":\"https:\/\/sbeneditosalto.com.br\/#organization\",\"name\":\"Paroquia Sao Benedito\",\"url\":\"https:\/\/sbeneditosalto.com.br\/\",\"logo\":{\"@type\":\"ImageObject\",\"inLanguage\":\"en-US\",\"@id\":\"https:\/\/sbeneditosalto.com.br\/#\/schema\/logo\/image\/\",\"url\":\"\",\"contentUrl\":\"\",\"caption\":\"Paroquia Sao Benedito\"},\"image\":{\"@id\":\"https:\/\/sbeneditosalto.com.br\/#\/schema\/logo\/image\/\"}},{\"@type\":\"Person\",\"@id\":\"https:\/\/sbeneditosalto.com.br\/#\/schema\/person\/1937db6430bd13d1242baaed97be0781\",\"name\":\"Jos\u00e9 Carlos Pascoal\",\"image\":{\"@type\":\"ImageObject\",\"inLanguage\":\"en-US\",\"@id\":\"https:\/\/sbeneditosalto.com.br\/#\/schema\/person\/image\/\",\"url\":\"https:\/\/secure.gravatar.com\/avatar\/4af6632c766ef45aa6c85f9456f2e79a?s=96&d=mm&r=g\",\"contentUrl\":\"https:\/\/secure.gravatar.com\/avatar\/4af6632c766ef45aa6c85f9456f2e79a?s=96&d=mm&r=g\",\"caption\":\"Jos\u00e9 Carlos Pascoal\"},\"url\":\"https:\/\/sbeneditosalto.com.br\/index.php\/author\/diaconopascoal\/\"}]}<\/script>\n<!-- \/ Yoast SEO plugin. -->","yoast_head_json":{"title":"COMEMORADO O \"DIA DA POL\u00cdTICA E DO GOVERNANTE\" NA PAR\u00d3QUIA S\u00c3O BENEDITO - Paroquia Sao Benedito","robots":{"index":"index","follow":"follow","max-snippet":"max-snippet:-1","max-image-preview":"max-image-preview:large","max-video-preview":"max-video-preview:-1"},"canonical":"https:\/\/sbeneditosalto.com.br\/index.php\/2024\/06\/27\/comemorado-o-dia-da-politica-e-do-governante-na-paroquia-sao-benedito\/","og_locale":"en_US","og_type":"article","og_title":"COMEMORADO O \"DIA DA POL\u00cdTICA E DO GOVERNANTE\" NA PAR\u00d3QUIA S\u00c3O BENEDITO - Paroquia Sao Benedito","og_description":"\u00a0\u00a0\u00a0\u00a0\u00a0\u00a0\u00a0\u00a0\u00a0\u00a0 A Igreja celebra no dia 22 de junho a mem\u00f3ria de S\u00e3o Tom\u00e1s More, fil\u00f3sofo e Chanceler do Reino da Inglaterra, Padroeiro da Pol\u00edtica e dos Governantes. \u00a0\u00a0\u00a0\u00a0\u00a0\u00a0\u00a0\u00a0\u00a0\u00a0 Para comemorar essa data, a Par\u00f3quia S\u00e3o Benedito, atrav\u00e9s da Pastoral F\u00e9, Pol\u00edtica e Cidadania realizou encontro com autoridades e pol\u00edticos da Est\u00e2ncia Tur\u00edstica de Salto. [&hellip;]","og_url":"https:\/\/sbeneditosalto.com.br\/index.php\/2024\/06\/27\/comemorado-o-dia-da-politica-e-do-governante-na-paroquia-sao-benedito\/","og_site_name":"Paroquia Sao Benedito","article_published_time":"2024-06-27T17:19:45+00:00","article_modified_time":"2024-07-16T11:45:00+00:00","og_image":[{"width":1000,"height":750,"url":"https:\/\/sbeneditosalto.com.br\/wp-content\/uploads\/2024\/06\/COMEMORADO-O-DIA-DA-POLITICA-E-DO-GOVERNANTE-NA-PAROQUIA-SAO-BENEDITO-AVATAR.png","type":"image\/png"}],"author":"Jos\u00e9 Carlos Pascoal","twitter_card":"summary_large_image","twitter_misc":{"Written by":"Jos\u00e9 Carlos Pascoal","Est. reading time":"2 minutes"},"schema":{"@context":"https:\/\/schema.org","@graph":[{"@type":"Article","@id":"https:\/\/sbeneditosalto.com.br\/index.php\/2024\/06\/27\/comemorado-o-dia-da-politica-e-do-governante-na-paroquia-sao-benedito\/#article","isPartOf":{"@id":"https:\/\/sbeneditosalto.com.br\/index.php\/2024\/06\/27\/comemorado-o-dia-da-politica-e-do-governante-na-paroquia-sao-benedito\/"},"author":{"name":"Jos\u00e9 Carlos Pascoal","@id":"https:\/\/sbeneditosalto.com.br\/#\/schema\/person\/1937db6430bd13d1242baaed97be0781"},"headline":"COMEMORADO O &#8220;DIA DA POL\u00cdTICA E DO GOVERNANTE&#8221; NA PAR\u00d3QUIA S\u00c3O BENEDITO","datePublished":"2024-06-27T17:19:45+00:00","dateModified":"2024-07-16T11:45:00+00:00","mainEntityOfPage":{"@id":"https:\/\/sbeneditosalto.com.br\/index.php\/2024\/06\/27\/comemorado-o-dia-da-politica-e-do-governante-na-paroquia-sao-benedito\/"},"wordCount":318,"commentCount":0,"publisher":{"@id":"https:\/\/sbeneditosalto.com.br\/#organization"},"image":{"@id":"https:\/\/sbeneditosalto.com.br\/index.php\/2024\/06\/27\/comemorado-o-dia-da-politica-e-do-governante-na-paroquia-sao-benedito\/#primaryimage"},"thumbnailUrl":"https:\/\/sbeneditosalto.com.br\/wp-content\/uploads\/2024\/06\/COMEMORADO-O-DIA-DA-POLITICA-E-DO-GOVERNANTE-NA-PAROQUIA-SAO-BENEDITO-AVATAR.png","articleSection":["Blog"],"inLanguage":"en-US","potentialAction":[{"@type":"CommentAction","name":"Comment","target":["https:\/\/sbeneditosalto.com.br\/index.php\/2024\/06\/27\/comemorado-o-dia-da-politica-e-do-governante-na-paroquia-sao-benedito\/#respond"]}]},{"@type":"WebPage","@id":"https:\/\/sbeneditosalto.com.br\/index.php\/2024\/06\/27\/comemorado-o-dia-da-politica-e-do-governante-na-paroquia-sao-benedito\/","url":"https:\/\/sbeneditosalto.com.br\/index.php\/2024\/06\/27\/comemorado-o-dia-da-politica-e-do-governante-na-paroquia-sao-benedito\/","name":"COMEMORADO O \"DIA DA POL\u00cdTICA E DO GOVERNANTE\" NA PAR\u00d3QUIA S\u00c3O BENEDITO - Paroquia Sao Benedito","isPartOf":{"@id":"https:\/\/sbeneditosalto.com.br\/#website"},"primaryImageOfPage":{"@id":"https:\/\/sbeneditosalto.com.br\/index.php\/2024\/06\/27\/comemorado-o-dia-da-politica-e-do-governante-na-paroquia-sao-benedito\/#primaryimage"},"image":{"@id":"https:\/\/sbeneditosalto.com.br\/index.php\/2024\/06\/27\/comemorado-o-dia-da-politica-e-do-governante-na-paroquia-sao-benedito\/#primaryimage"},"thumbnailUrl":"https:\/\/sbeneditosalto.com.br\/wp-content\/uploads\/2024\/06\/COMEMORADO-O-DIA-DA-POLITICA-E-DO-GOVERNANTE-NA-PAROQUIA-SAO-BENEDITO-AVATAR.png","datePublished":"2024-06-27T17:19:45+00:00","dateModified":"2024-07-16T11:45:00+00:00","breadcrumb":{"@id":"https:\/\/sbeneditosalto.com.br\/index.php\/2024\/06\/27\/comemorado-o-dia-da-politica-e-do-governante-na-paroquia-sao-benedito\/#breadcrumb"},"inLanguage":"en-US","potentialAction":[{"@type":"ReadAction","target":["https:\/\/sbeneditosalto.com.br\/index.php\/2024\/06\/27\/comemorado-o-dia-da-politica-e-do-governante-na-paroquia-sao-benedito\/"]}]},{"@type":"ImageObject","inLanguage":"en-US","@id":"https:\/\/sbeneditosalto.com.br\/index.php\/2024\/06\/27\/comemorado-o-dia-da-politica-e-do-governante-na-paroquia-sao-benedito\/#primaryimage","url":"https:\/\/sbeneditosalto.com.br\/wp-content\/uploads\/2024\/06\/COMEMORADO-O-DIA-DA-POLITICA-E-DO-GOVERNANTE-NA-PAROQUIA-SAO-BENEDITO-AVATAR.png","contentUrl":"https:\/\/sbeneditosalto.com.br\/wp-content\/uploads\/2024\/06\/COMEMORADO-O-DIA-DA-POLITICA-E-DO-GOVERNANTE-NA-PAROQUIA-SAO-BENEDITO-AVATAR.png","width":1000,"height":750},{"@type":"BreadcrumbList","@id":"https:\/\/sbeneditosalto.com.br\/index.php\/2024\/06\/27\/comemorado-o-dia-da-politica-e-do-governante-na-paroquia-sao-benedito\/#breadcrumb","itemListElement":[{"@type":"ListItem","position":1,"name":"In\u00edcio","item":"https:\/\/sbeneditosalto.com.br\/"},{"@type":"ListItem","position":2,"name":"COMEMORADO O &#8220;DIA DA POL\u00cdTICA E DO GOVERNANTE&#8221; NA PAR\u00d3QUIA S\u00c3O BENEDITO"}]},{"@type":"WebSite","@id":"https:\/\/sbeneditosalto.com.br\/#website","url":"https:\/\/sbeneditosalto.com.br\/","name":"Paroquia Sao Benedito","description":"","publisher":{"@id":"https:\/\/sbeneditosalto.com.br\/#organization"},"potentialAction":[{"@type":"SearchAction","target":{"@type":"EntryPoint","urlTemplate":"https:\/\/sbeneditosalto.com.br\/?s={search_term_string}"},"query-input":"required name=search_term_string"}],"inLanguage":"en-US"},{"@type":"Organization","@id":"https:\/\/sbeneditosalto.com.br\/#organization","name":"Paroquia Sao Benedito","url":"https:\/\/sbeneditosalto.com.br\/","logo":{"@type":"ImageObject","inLanguage":"en-US","@id":"https:\/\/sbeneditosalto.com.br\/#\/schema\/logo\/image\/","url":"","contentUrl":"","caption":"Paroquia Sao Benedito"},"image":{"@id":"https:\/\/sbeneditosalto.com.br\/#\/schema\/logo\/image\/"}},{"@type":"Person","@id":"https:\/\/sbeneditosalto.com.br\/#\/schema\/person\/1937db6430bd13d1242baaed97be0781","name":"Jos\u00e9 Carlos Pascoal","image":{"@type":"ImageObject","inLanguage":"en-US","@id":"https:\/\/sbeneditosalto.com.br\/#\/schema\/person\/image\/","url":"https:\/\/secure.gravatar.com\/avatar\/4af6632c766ef45aa6c85f9456f2e79a?s=96&d=mm&r=g","contentUrl":"https:\/\/secure.gravatar.com\/avatar\/4af6632c766ef45aa6c85f9456f2e79a?s=96&d=mm&r=g","caption":"Jos\u00e9 Carlos Pascoal"},"url":"https:\/\/sbeneditosalto.com.br\/index.php\/author\/diaconopascoal\/"}]}},"_links":{"self":[{"href":"https:\/\/sbeneditosalto.com.br\/index.php\/wp-json\/wp\/v2\/posts\/2487"}],"collection":[{"href":"https:\/\/sbeneditosalto.com.br\/index.php\/wp-json\/wp\/v2\/posts"}],"about":[{"href":"https:\/\/sbeneditosalto.com.br\/index.php\/wp-json\/wp\/v2\/types\/post"}],"author":[{"embeddable":true,"href":"https:\/\/sbeneditosalto.com.br\/index.php\/wp-json\/wp\/v2\/users\/2"}],"replies":[{"embeddable":true,"href":"https:\/\/sbeneditosalto.com.br\/index.php\/wp-json\/wp\/v2\/comments?post=2487"}],"version-history":[{"count":1,"href":"https:\/\/sbeneditosalto.com.br\/index.php\/wp-json\/wp\/v2\/posts\/2487\/revisions"}],"predecessor-version":[{"id":2492,"href":"https:\/\/sbeneditosalto.com.br\/index.php\/wp-json\/wp\/v2\/posts\/2487\/revisions\/2492"}],"wp:featuredmedia":[{"embeddable":true,"href":"https:\/\/sbeneditosalto.com.br\/index.php\/wp-json\/wp\/v2\/media\/2488"}],"wp:attachment":[{"href":"https:\/\/sbeneditosalto.com.br\/index.php\/wp-json\/wp\/v2\/media?parent=2487"}],"wp:term":[{"taxonomy":"category","embeddable":true,"href":"https:\/\/sbeneditosalto.com.br\/index.php\/wp-json\/wp\/v2\/categories?post=2487"},{"taxonomy":"post_tag","embeddable":true,"href":"https:\/\/sbeneditosalto.com.br\/index.php\/wp-json\/wp\/v2\/tags?post=2487"}],"curies":[{"name":"wp","href":"https:\/\/api.w.org\/{rel}","templated":true}]}}