{"id":2415,"date":"2024-04-17T12:14:37","date_gmt":"2024-04-17T15:14:37","guid":{"rendered":"https:\/\/sbeneditosalto.com.br\/?p=2415"},"modified":"2024-04-17T12:26:02","modified_gmt":"2024-04-17T15:26:02","slug":"criancas-da-catequese-fizeram-peregrinacao-a-jundiai","status":"publish","type":"post","link":"https:\/\/sbeneditosalto.com.br\/index.php\/2024\/04\/17\/criancas-da-catequese-fizeram-peregrinacao-a-jundiai\/","title":{"rendered":"CRIAN\u00c7AS DA CATEQUESE FIZERAM PEREGRINA\u00c7\u00c3O A JUNDIA\u00cd"},"content":{"rendered":"\n<p>\u00a0\u00a0\u00a0\u00a0\u00a0\u00a0\u00a0\u00a0\u00a0\u00a0\u00a0 Na manh\u00e3 do s\u00e1bado, 06 de abril, aconteceu a Peregrina\u00e7\u00e3o em Jundia\u00ed, com as turmas de n\u00edvel 2 da Catequese de 1\u00aa Comunh\u00e3o Eucar\u00edstica da Par\u00f3quia S\u00e3o Benedito. O grupo de 60 pessoas, entre catequizandos, catequistas e uma m\u00e3e, iniciou a peregrina\u00e7\u00e3o conhecendo a Catedral Nossa Senhora do Desterro, onde foram recebidos pelo Di\u00e1cono Jos\u00e9 Manoel Paes, que trouxe algumas informa\u00e7\u00f5es sobre a Igreja e mostrou algumas particularidades, como a Cadeira exclusiva do Bispo Diocesano. As crian\u00e7as conheceram a Capela do Sant\u00edssimo, os confession\u00e1rios tradicionais, viram o \u00f3rg\u00e3o de tubos rec\u00e9m restaurado e toda a beleza da Igreja erguida no S\u00e9culo XVII.<\/p>\n\n\n\n<p>&nbsp;&nbsp;&nbsp;&nbsp;&nbsp;&nbsp;&nbsp;&nbsp;&nbsp;&nbsp;&nbsp; Ainda na Catedral, as crian\u00e7as visitaram a Cripta dos Bispos, onde est\u00e3o sepultados os 3 primeiros Bispos da Diocese: o Servo de Deus Dom Gabriel Paulino Bueno Couto, cujo processo de beatifica\u00e7\u00e3o est\u00e1 avan\u00e7ando no Vaticano, Dom Roberto Pinarello de Almeida e Dom Amaury Castanho. Foi poss\u00edvel, tamb\u00e9m, conhecer o pequeno museu com objetos, documentos, vestes e toda a hist\u00f3ria do Servo de Deus.<\/p>\n\n\n\n<p>&nbsp;&nbsp;&nbsp;&nbsp;&nbsp;&nbsp;&nbsp;&nbsp;&nbsp;&nbsp;&nbsp; Ap\u00f3s a visita \u00e0 Catedral, foi a vez de visitar o Convento das Mission\u00e1rias de Cristo onde, acompanhados pela Irm\u00e3 Marilena, uma Aspirante e uma Vocacionada, as turmas e seus catequistas conheceram um pouco mais sobre as voca\u00e7\u00f5es e a hist\u00f3ria da Congrega\u00e7\u00e3o, ouviram as experi\u00eancias das jovens e fizeram perguntas. No final, ainda no convento, foi feito o lanche comunit\u00e1rio. Participaram da Peregrina\u00e7\u00e3o as Comunidades Divino, Santa Ana e S\u00e3o Joaquim, S\u00e3o Jos\u00e9 e Matriz.<\/p>\n\n\n\n<p class=\"has-text-align-center\">Participaram da Peregrina\u00e7\u00e3o as Comunidades Divino, Santa Ana e S\u00e3o Joaquim, S\u00e3o Jos\u00e9 e Matriz. <\/p>\n\n\n\n<p class=\"has-text-align-center\">* Colabora\u00e7\u00e3o: Alison e D\u00e9bora Bressiano, Coordenadores Paroquiais da Catequese de 1\u00aa Comunh\u00e3o Eucar\u00edstica.<\/p>\n\n\n\n<figure class=\"wp-block-gallery has-nested-images columns-default is-cropped wp-block-gallery-1 is-layout-flex wp-block-gallery-is-layout-flex\">\n<figure class=\"wp-block-image size-large\"><img decoding=\"async\" loading=\"lazy\" width=\"1024\" height=\"770\" data-id=\"2417\" src=\"https:\/\/sbeneditosalto.com.br\/wp-content\/uploads\/2024\/04\/Peregrinacao-das-criancas-da-Catequese-06-de-abril-2024-2-1024x770.jpg\" alt=\"\" class=\"wp-image-2417\" srcset=\"https:\/\/sbeneditosalto.com.br\/wp-content\/uploads\/2024\/04\/Peregrinacao-das-criancas-da-Catequese-06-de-abril-2024-2-1024x770.jpg 1024w, https:\/\/sbeneditosalto.com.br\/wp-content\/uploads\/2024\/04\/Peregrinacao-das-criancas-da-Catequese-06-de-abril-2024-2-300x226.jpg 300w, https:\/\/sbeneditosalto.com.br\/wp-content\/uploads\/2024\/04\/Peregrinacao-das-criancas-da-Catequese-06-de-abril-2024-2-768x578.jpg 768w, https:\/\/sbeneditosalto.com.br\/wp-content\/uploads\/2024\/04\/Peregrinacao-das-criancas-da-Catequese-06-de-abril-2024-2.jpg 1280w\" sizes=\"(max-width: 1024px) 100vw, 1024px\" \/><\/figure>\n\n\n\n<figure class=\"wp-block-image size-large\"><img decoding=\"async\" loading=\"lazy\" width=\"1024\" height=\"768\" data-id=\"2418\" src=\"https:\/\/sbeneditosalto.com.br\/wp-content\/uploads\/2024\/04\/Peregrinacao-das-criancas-da-Catequese-06-de-abril-2024-1-1024x768.jpg\" alt=\"\" class=\"wp-image-2418\" srcset=\"https:\/\/sbeneditosalto.com.br\/wp-content\/uploads\/2024\/04\/Peregrinacao-das-criancas-da-Catequese-06-de-abril-2024-1-1024x768.jpg 1024w, https:\/\/sbeneditosalto.com.br\/wp-content\/uploads\/2024\/04\/Peregrinacao-das-criancas-da-Catequese-06-de-abril-2024-1-300x225.jpg 300w, https:\/\/sbeneditosalto.com.br\/wp-content\/uploads\/2024\/04\/Peregrinacao-das-criancas-da-Catequese-06-de-abril-2024-1-768x576.jpg 768w, https:\/\/sbeneditosalto.com.br\/wp-content\/uploads\/2024\/04\/Peregrinacao-das-criancas-da-Catequese-06-de-abril-2024-1-1536x1152.jpg 1536w, https:\/\/sbeneditosalto.com.br\/wp-content\/uploads\/2024\/04\/Peregrinacao-das-criancas-da-Catequese-06-de-abril-2024-1.jpg 1600w\" sizes=\"(max-width: 1024px) 100vw, 1024px\" \/><\/figure>\n<\/figure>\n","protected":false},"excerpt":{"rendered":"<p>\u00a0\u00a0\u00a0\u00a0\u00a0\u00a0\u00a0\u00a0\u00a0\u00a0\u00a0 Na manh\u00e3 do s\u00e1bado, 06 de abril, aconteceu a Peregrina\u00e7\u00e3o em Jundia\u00ed, com as turmas de n\u00edvel 2 da Catequese de 1\u00aa Comunh\u00e3o Eucar\u00edstica da Par\u00f3quia S\u00e3o Benedito. O grupo de 60 pessoas, entre catequizandos, catequistas e uma m\u00e3e, iniciou a peregrina\u00e7\u00e3o conhecendo a Catedral Nossa Senhora do Desterro, onde foram recebidos pelo Di\u00e1cono [&hellip;]<\/p>\n","protected":false},"author":2,"featured_media":2418,"comment_status":"open","ping_status":"open","sticky":false,"template":"","format":"standard","meta":{"footnotes":""},"categories":[1],"tags":[],"blocksy_meta":"","yoast_head":"<!-- This site is optimized with the Yoast SEO plugin v22.4 - https:\/\/yoast.com\/wordpress\/plugins\/seo\/ -->\n<title>CRIAN\u00c7AS DA CATEQUESE FIZERAM PEREGRINA\u00c7\u00c3O A JUNDIA\u00cd - Paroquia Sao Benedito<\/title>\n<meta name=\"robots\" content=\"index, follow, max-snippet:-1, max-image-preview:large, max-video-preview:-1\" \/>\n<link rel=\"canonical\" href=\"https:\/\/sbeneditosalto.com.br\/index.php\/2024\/04\/17\/criancas-da-catequese-fizeram-peregrinacao-a-jundiai\/\" \/>\n<meta property=\"og:locale\" content=\"en_US\" \/>\n<meta property=\"og:type\" content=\"article\" \/>\n<meta property=\"og:title\" content=\"CRIAN\u00c7AS DA CATEQUESE FIZERAM PEREGRINA\u00c7\u00c3O A JUNDIA\u00cd - Paroquia Sao Benedito\" \/>\n<meta property=\"og:description\" content=\"\u00a0\u00a0\u00a0\u00a0\u00a0\u00a0\u00a0\u00a0\u00a0\u00a0\u00a0 Na manh\u00e3 do s\u00e1bado, 06 de abril, aconteceu a Peregrina\u00e7\u00e3o em Jundia\u00ed, com as turmas de n\u00edvel 2 da Catequese de 1\u00aa Comunh\u00e3o Eucar\u00edstica da Par\u00f3quia S\u00e3o Benedito. O grupo de 60 pessoas, entre catequizandos, catequistas e uma m\u00e3e, iniciou a peregrina\u00e7\u00e3o conhecendo a Catedral Nossa Senhora do Desterro, onde foram recebidos pelo Di\u00e1cono [&hellip;]\" \/>\n<meta property=\"og:url\" content=\"https:\/\/sbeneditosalto.com.br\/index.php\/2024\/04\/17\/criancas-da-catequese-fizeram-peregrinacao-a-jundiai\/\" \/>\n<meta property=\"og:site_name\" content=\"Paroquia Sao Benedito\" \/>\n<meta property=\"article:published_time\" content=\"2024-04-17T15:14:37+00:00\" \/>\n<meta property=\"article:modified_time\" content=\"2024-04-17T15:26:02+00:00\" \/>\n<meta property=\"og:image\" content=\"https:\/\/sbeneditosalto.com.br\/wp-content\/uploads\/2024\/04\/Peregrinacao-das-criancas-da-Catequese-06-de-abril-2024-1.jpg\" \/>\n\t<meta property=\"og:image:width\" content=\"1600\" \/>\n\t<meta property=\"og:image:height\" content=\"1200\" \/>\n\t<meta property=\"og:image:type\" content=\"image\/jpeg\" \/>\n<meta name=\"author\" content=\"Jos\u00e9 Carlos Pascoal\" \/>\n<meta name=\"twitter:card\" content=\"summary_large_image\" \/>\n<meta name=\"twitter:label1\" content=\"Written by\" \/>\n\t<meta name=\"twitter:data1\" content=\"Jos\u00e9 Carlos Pascoal\" \/>\n\t<meta name=\"twitter:label2\" content=\"Est. reading time\" \/>\n\t<meta name=\"twitter:data2\" content=\"3 minutes\" \/>\n<script type=\"application\/ld+json\" class=\"yoast-schema-graph\">{\"@context\":\"https:\/\/schema.org\",\"@graph\":[{\"@type\":\"Article\",\"@id\":\"https:\/\/sbeneditosalto.com.br\/index.php\/2024\/04\/17\/criancas-da-catequese-fizeram-peregrinacao-a-jundiai\/#article\",\"isPartOf\":{\"@id\":\"https:\/\/sbeneditosalto.com.br\/index.php\/2024\/04\/17\/criancas-da-catequese-fizeram-peregrinacao-a-jundiai\/\"},\"author\":{\"name\":\"Jos\u00e9 Carlos Pascoal\",\"@id\":\"https:\/\/sbeneditosalto.com.br\/#\/schema\/person\/1937db6430bd13d1242baaed97be0781\"},\"headline\":\"CRIAN\u00c7AS DA CATEQUESE FIZERAM PEREGRINA\u00c7\u00c3O A JUNDIA\u00cd\",\"datePublished\":\"2024-04-17T15:14:37+00:00\",\"dateModified\":\"2024-04-17T15:26:02+00:00\",\"mainEntityOfPage\":{\"@id\":\"https:\/\/sbeneditosalto.com.br\/index.php\/2024\/04\/17\/criancas-da-catequese-fizeram-peregrinacao-a-jundiai\/\"},\"wordCount\":335,\"commentCount\":0,\"publisher\":{\"@id\":\"https:\/\/sbeneditosalto.com.br\/#organization\"},\"image\":{\"@id\":\"https:\/\/sbeneditosalto.com.br\/index.php\/2024\/04\/17\/criancas-da-catequese-fizeram-peregrinacao-a-jundiai\/#primaryimage\"},\"thumbnailUrl\":\"https:\/\/sbeneditosalto.com.br\/wp-content\/uploads\/2024\/04\/Peregrinacao-das-criancas-da-Catequese-06-de-abril-2024-1.jpg\",\"articleSection\":[\"Blog\"],\"inLanguage\":\"en-US\",\"potentialAction\":[{\"@type\":\"CommentAction\",\"name\":\"Comment\",\"target\":[\"https:\/\/sbeneditosalto.com.br\/index.php\/2024\/04\/17\/criancas-da-catequese-fizeram-peregrinacao-a-jundiai\/#respond\"]}]},{\"@type\":\"WebPage\",\"@id\":\"https:\/\/sbeneditosalto.com.br\/index.php\/2024\/04\/17\/criancas-da-catequese-fizeram-peregrinacao-a-jundiai\/\",\"url\":\"https:\/\/sbeneditosalto.com.br\/index.php\/2024\/04\/17\/criancas-da-catequese-fizeram-peregrinacao-a-jundiai\/\",\"name\":\"CRIAN\u00c7AS DA CATEQUESE FIZERAM PEREGRINA\u00c7\u00c3O A JUNDIA\u00cd - Paroquia Sao Benedito\",\"isPartOf\":{\"@id\":\"https:\/\/sbeneditosalto.com.br\/#website\"},\"primaryImageOfPage\":{\"@id\":\"https:\/\/sbeneditosalto.com.br\/index.php\/2024\/04\/17\/criancas-da-catequese-fizeram-peregrinacao-a-jundiai\/#primaryimage\"},\"image\":{\"@id\":\"https:\/\/sbeneditosalto.com.br\/index.php\/2024\/04\/17\/criancas-da-catequese-fizeram-peregrinacao-a-jundiai\/#primaryimage\"},\"thumbnailUrl\":\"https:\/\/sbeneditosalto.com.br\/wp-content\/uploads\/2024\/04\/Peregrinacao-das-criancas-da-Catequese-06-de-abril-2024-1.jpg\",\"datePublished\":\"2024-04-17T15:14:37+00:00\",\"dateModified\":\"2024-04-17T15:26:02+00:00\",\"breadcrumb\":{\"@id\":\"https:\/\/sbeneditosalto.com.br\/index.php\/2024\/04\/17\/criancas-da-catequese-fizeram-peregrinacao-a-jundiai\/#breadcrumb\"},\"inLanguage\":\"en-US\",\"potentialAction\":[{\"@type\":\"ReadAction\",\"target\":[\"https:\/\/sbeneditosalto.com.br\/index.php\/2024\/04\/17\/criancas-da-catequese-fizeram-peregrinacao-a-jundiai\/\"]}]},{\"@type\":\"ImageObject\",\"inLanguage\":\"en-US\",\"@id\":\"https:\/\/sbeneditosalto.com.br\/index.php\/2024\/04\/17\/criancas-da-catequese-fizeram-peregrinacao-a-jundiai\/#primaryimage\",\"url\":\"https:\/\/sbeneditosalto.com.br\/wp-content\/uploads\/2024\/04\/Peregrinacao-das-criancas-da-Catequese-06-de-abril-2024-1.jpg\",\"contentUrl\":\"https:\/\/sbeneditosalto.com.br\/wp-content\/uploads\/2024\/04\/Peregrinacao-das-criancas-da-Catequese-06-de-abril-2024-1.jpg\",\"width\":1600,\"height\":1200},{\"@type\":\"BreadcrumbList\",\"@id\":\"https:\/\/sbeneditosalto.com.br\/index.php\/2024\/04\/17\/criancas-da-catequese-fizeram-peregrinacao-a-jundiai\/#breadcrumb\",\"itemListElement\":[{\"@type\":\"ListItem\",\"position\":1,\"name\":\"In\u00edcio\",\"item\":\"https:\/\/sbeneditosalto.com.br\/\"},{\"@type\":\"ListItem\",\"position\":2,\"name\":\"CRIAN\u00c7AS DA CATEQUESE FIZERAM PEREGRINA\u00c7\u00c3O A JUNDIA\u00cd\"}]},{\"@type\":\"WebSite\",\"@id\":\"https:\/\/sbeneditosalto.com.br\/#website\",\"url\":\"https:\/\/sbeneditosalto.com.br\/\",\"name\":\"Paroquia Sao Benedito\",\"description\":\"\",\"publisher\":{\"@id\":\"https:\/\/sbeneditosalto.com.br\/#organization\"},\"potentialAction\":[{\"@type\":\"SearchAction\",\"target\":{\"@type\":\"EntryPoint\",\"urlTemplate\":\"https:\/\/sbeneditosalto.com.br\/?s={search_term_string}\"},\"query-input\":\"required name=search_term_string\"}],\"inLanguage\":\"en-US\"},{\"@type\":\"Organization\",\"@id\":\"https:\/\/sbeneditosalto.com.br\/#organization\",\"name\":\"Paroquia Sao Benedito\",\"url\":\"https:\/\/sbeneditosalto.com.br\/\",\"logo\":{\"@type\":\"ImageObject\",\"inLanguage\":\"en-US\",\"@id\":\"https:\/\/sbeneditosalto.com.br\/#\/schema\/logo\/image\/\",\"url\":\"\",\"contentUrl\":\"\",\"caption\":\"Paroquia Sao Benedito\"},\"image\":{\"@id\":\"https:\/\/sbeneditosalto.com.br\/#\/schema\/logo\/image\/\"}},{\"@type\":\"Person\",\"@id\":\"https:\/\/sbeneditosalto.com.br\/#\/schema\/person\/1937db6430bd13d1242baaed97be0781\",\"name\":\"Jos\u00e9 Carlos Pascoal\",\"image\":{\"@type\":\"ImageObject\",\"inLanguage\":\"en-US\",\"@id\":\"https:\/\/sbeneditosalto.com.br\/#\/schema\/person\/image\/\",\"url\":\"https:\/\/secure.gravatar.com\/avatar\/4af6632c766ef45aa6c85f9456f2e79a?s=96&d=mm&r=g\",\"contentUrl\":\"https:\/\/secure.gravatar.com\/avatar\/4af6632c766ef45aa6c85f9456f2e79a?s=96&d=mm&r=g\",\"caption\":\"Jos\u00e9 Carlos Pascoal\"},\"url\":\"https:\/\/sbeneditosalto.com.br\/index.php\/author\/diaconopascoal\/\"}]}<\/script>\n<!-- \/ Yoast SEO plugin. -->","yoast_head_json":{"title":"CRIAN\u00c7AS DA CATEQUESE FIZERAM PEREGRINA\u00c7\u00c3O A JUNDIA\u00cd - Paroquia Sao Benedito","robots":{"index":"index","follow":"follow","max-snippet":"max-snippet:-1","max-image-preview":"max-image-preview:large","max-video-preview":"max-video-preview:-1"},"canonical":"https:\/\/sbeneditosalto.com.br\/index.php\/2024\/04\/17\/criancas-da-catequese-fizeram-peregrinacao-a-jundiai\/","og_locale":"en_US","og_type":"article","og_title":"CRIAN\u00c7AS DA CATEQUESE FIZERAM PEREGRINA\u00c7\u00c3O A JUNDIA\u00cd - Paroquia Sao Benedito","og_description":"\u00a0\u00a0\u00a0\u00a0\u00a0\u00a0\u00a0\u00a0\u00a0\u00a0\u00a0 Na manh\u00e3 do s\u00e1bado, 06 de abril, aconteceu a Peregrina\u00e7\u00e3o em Jundia\u00ed, com as turmas de n\u00edvel 2 da Catequese de 1\u00aa Comunh\u00e3o Eucar\u00edstica da Par\u00f3quia S\u00e3o Benedito. O grupo de 60 pessoas, entre catequizandos, catequistas e uma m\u00e3e, iniciou a peregrina\u00e7\u00e3o conhecendo a Catedral Nossa Senhora do Desterro, onde foram recebidos pelo Di\u00e1cono [&hellip;]","og_url":"https:\/\/sbeneditosalto.com.br\/index.php\/2024\/04\/17\/criancas-da-catequese-fizeram-peregrinacao-a-jundiai\/","og_site_name":"Paroquia Sao Benedito","article_published_time":"2024-04-17T15:14:37+00:00","article_modified_time":"2024-04-17T15:26:02+00:00","og_image":[{"width":1600,"height":1200,"url":"https:\/\/sbeneditosalto.com.br\/wp-content\/uploads\/2024\/04\/Peregrinacao-das-criancas-da-Catequese-06-de-abril-2024-1.jpg","type":"image\/jpeg"}],"author":"Jos\u00e9 Carlos Pascoal","twitter_card":"summary_large_image","twitter_misc":{"Written by":"Jos\u00e9 Carlos Pascoal","Est. reading time":"3 minutes"},"schema":{"@context":"https:\/\/schema.org","@graph":[{"@type":"Article","@id":"https:\/\/sbeneditosalto.com.br\/index.php\/2024\/04\/17\/criancas-da-catequese-fizeram-peregrinacao-a-jundiai\/#article","isPartOf":{"@id":"https:\/\/sbeneditosalto.com.br\/index.php\/2024\/04\/17\/criancas-da-catequese-fizeram-peregrinacao-a-jundiai\/"},"author":{"name":"Jos\u00e9 Carlos Pascoal","@id":"https:\/\/sbeneditosalto.com.br\/#\/schema\/person\/1937db6430bd13d1242baaed97be0781"},"headline":"CRIAN\u00c7AS DA CATEQUESE FIZERAM PEREGRINA\u00c7\u00c3O A JUNDIA\u00cd","datePublished":"2024-04-17T15:14:37+00:00","dateModified":"2024-04-17T15:26:02+00:00","mainEntityOfPage":{"@id":"https:\/\/sbeneditosalto.com.br\/index.php\/2024\/04\/17\/criancas-da-catequese-fizeram-peregrinacao-a-jundiai\/"},"wordCount":335,"commentCount":0,"publisher":{"@id":"https:\/\/sbeneditosalto.com.br\/#organization"},"image":{"@id":"https:\/\/sbeneditosalto.com.br\/index.php\/2024\/04\/17\/criancas-da-catequese-fizeram-peregrinacao-a-jundiai\/#primaryimage"},"thumbnailUrl":"https:\/\/sbeneditosalto.com.br\/wp-content\/uploads\/2024\/04\/Peregrinacao-das-criancas-da-Catequese-06-de-abril-2024-1.jpg","articleSection":["Blog"],"inLanguage":"en-US","potentialAction":[{"@type":"CommentAction","name":"Comment","target":["https:\/\/sbeneditosalto.com.br\/index.php\/2024\/04\/17\/criancas-da-catequese-fizeram-peregrinacao-a-jundiai\/#respond"]}]},{"@type":"WebPage","@id":"https:\/\/sbeneditosalto.com.br\/index.php\/2024\/04\/17\/criancas-da-catequese-fizeram-peregrinacao-a-jundiai\/","url":"https:\/\/sbeneditosalto.com.br\/index.php\/2024\/04\/17\/criancas-da-catequese-fizeram-peregrinacao-a-jundiai\/","name":"CRIAN\u00c7AS DA CATEQUESE FIZERAM PEREGRINA\u00c7\u00c3O A JUNDIA\u00cd - Paroquia Sao Benedito","isPartOf":{"@id":"https:\/\/sbeneditosalto.com.br\/#website"},"primaryImageOfPage":{"@id":"https:\/\/sbeneditosalto.com.br\/index.php\/2024\/04\/17\/criancas-da-catequese-fizeram-peregrinacao-a-jundiai\/#primaryimage"},"image":{"@id":"https:\/\/sbeneditosalto.com.br\/index.php\/2024\/04\/17\/criancas-da-catequese-fizeram-peregrinacao-a-jundiai\/#primaryimage"},"thumbnailUrl":"https:\/\/sbeneditosalto.com.br\/wp-content\/uploads\/2024\/04\/Peregrinacao-das-criancas-da-Catequese-06-de-abril-2024-1.jpg","datePublished":"2024-04-17T15:14:37+00:00","dateModified":"2024-04-17T15:26:02+00:00","breadcrumb":{"@id":"https:\/\/sbeneditosalto.com.br\/index.php\/2024\/04\/17\/criancas-da-catequese-fizeram-peregrinacao-a-jundiai\/#breadcrumb"},"inLanguage":"en-US","potentialAction":[{"@type":"ReadAction","target":["https:\/\/sbeneditosalto.com.br\/index.php\/2024\/04\/17\/criancas-da-catequese-fizeram-peregrinacao-a-jundiai\/"]}]},{"@type":"ImageObject","inLanguage":"en-US","@id":"https:\/\/sbeneditosalto.com.br\/index.php\/2024\/04\/17\/criancas-da-catequese-fizeram-peregrinacao-a-jundiai\/#primaryimage","url":"https:\/\/sbeneditosalto.com.br\/wp-content\/uploads\/2024\/04\/Peregrinacao-das-criancas-da-Catequese-06-de-abril-2024-1.jpg","contentUrl":"https:\/\/sbeneditosalto.com.br\/wp-content\/uploads\/2024\/04\/Peregrinacao-das-criancas-da-Catequese-06-de-abril-2024-1.jpg","width":1600,"height":1200},{"@type":"BreadcrumbList","@id":"https:\/\/sbeneditosalto.com.br\/index.php\/2024\/04\/17\/criancas-da-catequese-fizeram-peregrinacao-a-jundiai\/#breadcrumb","itemListElement":[{"@type":"ListItem","position":1,"name":"In\u00edcio","item":"https:\/\/sbeneditosalto.com.br\/"},{"@type":"ListItem","position":2,"name":"CRIAN\u00c7AS DA CATEQUESE FIZERAM PEREGRINA\u00c7\u00c3O A JUNDIA\u00cd"}]},{"@type":"WebSite","@id":"https:\/\/sbeneditosalto.com.br\/#website","url":"https:\/\/sbeneditosalto.com.br\/","name":"Paroquia Sao Benedito","description":"","publisher":{"@id":"https:\/\/sbeneditosalto.com.br\/#organization"},"potentialAction":[{"@type":"SearchAction","target":{"@type":"EntryPoint","urlTemplate":"https:\/\/sbeneditosalto.com.br\/?s={search_term_string}"},"query-input":"required name=search_term_string"}],"inLanguage":"en-US"},{"@type":"Organization","@id":"https:\/\/sbeneditosalto.com.br\/#organization","name":"Paroquia Sao Benedito","url":"https:\/\/sbeneditosalto.com.br\/","logo":{"@type":"ImageObject","inLanguage":"en-US","@id":"https:\/\/sbeneditosalto.com.br\/#\/schema\/logo\/image\/","url":"","contentUrl":"","caption":"Paroquia Sao Benedito"},"image":{"@id":"https:\/\/sbeneditosalto.com.br\/#\/schema\/logo\/image\/"}},{"@type":"Person","@id":"https:\/\/sbeneditosalto.com.br\/#\/schema\/person\/1937db6430bd13d1242baaed97be0781","name":"Jos\u00e9 Carlos Pascoal","image":{"@type":"ImageObject","inLanguage":"en-US","@id":"https:\/\/sbeneditosalto.com.br\/#\/schema\/person\/image\/","url":"https:\/\/secure.gravatar.com\/avatar\/4af6632c766ef45aa6c85f9456f2e79a?s=96&d=mm&r=g","contentUrl":"https:\/\/secure.gravatar.com\/avatar\/4af6632c766ef45aa6c85f9456f2e79a?s=96&d=mm&r=g","caption":"Jos\u00e9 Carlos Pascoal"},"url":"https:\/\/sbeneditosalto.com.br\/index.php\/author\/diaconopascoal\/"}]}},"_links":{"self":[{"href":"https:\/\/sbeneditosalto.com.br\/index.php\/wp-json\/wp\/v2\/posts\/2415"}],"collection":[{"href":"https:\/\/sbeneditosalto.com.br\/index.php\/wp-json\/wp\/v2\/posts"}],"about":[{"href":"https:\/\/sbeneditosalto.com.br\/index.php\/wp-json\/wp\/v2\/types\/post"}],"author":[{"embeddable":true,"href":"https:\/\/sbeneditosalto.com.br\/index.php\/wp-json\/wp\/v2\/users\/2"}],"replies":[{"embeddable":true,"href":"https:\/\/sbeneditosalto.com.br\/index.php\/wp-json\/wp\/v2\/comments?post=2415"}],"version-history":[{"count":7,"href":"https:\/\/sbeneditosalto.com.br\/index.php\/wp-json\/wp\/v2\/posts\/2415\/revisions"}],"predecessor-version":[{"id":2426,"href":"https:\/\/sbeneditosalto.com.br\/index.php\/wp-json\/wp\/v2\/posts\/2415\/revisions\/2426"}],"wp:featuredmedia":[{"embeddable":true,"href":"https:\/\/sbeneditosalto.com.br\/index.php\/wp-json\/wp\/v2\/media\/2418"}],"wp:attachment":[{"href":"https:\/\/sbeneditosalto.com.br\/index.php\/wp-json\/wp\/v2\/media?parent=2415"}],"wp:term":[{"taxonomy":"category","embeddable":true,"href":"https:\/\/sbeneditosalto.com.br\/index.php\/wp-json\/wp\/v2\/categories?post=2415"},{"taxonomy":"post_tag","embeddable":true,"href":"https:\/\/sbeneditosalto.com.br\/index.php\/wp-json\/wp\/v2\/tags?post=2415"}],"curies":[{"name":"wp","href":"https:\/\/api.w.org\/{rel}","templated":true}]}}