{"id":2370,"date":"2024-03-21T14:53:18","date_gmt":"2024-03-21T17:53:18","guid":{"rendered":"https:\/\/sbeneditosalto.com.br\/?p=2370"},"modified":"2024-04-24T16:08:46","modified_gmt":"2024-04-24T19:08:46","slug":"padre-carlos-marchesani-apresentou-a-cf-2024-na-camara-municipal-de-salto","status":"publish","type":"post","link":"https:\/\/sbeneditosalto.com.br\/index.php\/2024\/03\/21\/padre-carlos-marchesani-apresentou-a-cf-2024-na-camara-municipal-de-salto\/","title":{"rendered":"PADRE CARLOS MARCHESANI APRESENTOU A CF 2024 NA C\u00c2MARA MUNICIPAL DE SALTO"},"content":{"rendered":"\n<p>&nbsp;&nbsp;&nbsp;&nbsp;&nbsp;&nbsp;&nbsp;&nbsp;&nbsp;&nbsp;&nbsp; O p\u00e1roco da Par\u00f3quia S\u00e3o Benedito, padre Carlos Marchesani, acompanhado do di\u00e1cono Jos\u00e9 Carlos Pascoal, fez uso da Tribuna Livre na sess\u00e3o da C\u00e2mara Municipal de Salto desta ter\u00e7a-feira, 5 de mar\u00e7o, \u00e0s 14h. O objetivo foi apresentar a Campanha da Fraternidade de 2024, que tem como tema \u201cfraternidade e Amizade Social\u201d e como lema: \u201cV\u00f3s sois todos irm\u00e3os e irm\u00e3s\u201d (cf. Mt 23,8). V\u00e1rios agentes de Pastorais da Par\u00f3quia S\u00e3o Benedito prestigiaram esse importante momento.<\/p>\n\n\n\n<p>&nbsp;&nbsp;&nbsp;&nbsp;&nbsp;&nbsp;&nbsp;&nbsp;&nbsp;&nbsp;&nbsp; Padre Carlos falou dos objetivos da Campanha da Fraternidade e da necessidade em recuperarmos o carisma da amizade social, da fraternidade universal, da luta contra o preconceito e abra\u00e7armos a causa da Paz. \u201cAl\u00e9m da guerra entre R\u00fassia e Ucr\u00e2nia e Israel e Hamas, h\u00e1 mais 30 guerras no mundo. No nosso pa\u00eds e em nossa cidade, vivemos a guerra da desinforma\u00e7\u00e3o, da polariza\u00e7\u00e3o pol\u00edtica, da viol\u00eancia contra a mulher e as \u201cguerras\u201d morais das redes sociais. Esta \u00e9 uma oportunidade para que esta Casa Legislativa seja mais importante na amizade social, trazendo melhores condi\u00e7\u00f5es para a popula\u00e7\u00e3o\u201d, disse.<\/p>\n\n\n\n<p>\u00a0\u00a0\u00a0\u00a0\u00a0\u00a0\u00a0\u00a0\u00a0\u00a0\u00a0 Ap\u00f3s a fala do padre, alguns vereadores parabenizaram a Igreja atrav\u00e9s da CNBB pelo tema t\u00e3o necess\u00e1rio proposto para este ano e o empenho da Par\u00f3quia S\u00e3o Benedito em apresentar, desde 2001, a Campanha da Fraternidade para a cidade de Salto atrav\u00e9s da C\u00e2mara Municipal. O di\u00e1cono Pascoal entregou ao presidente da Casa, vereador Edval Pereira Rosa (Preto) o Texto-Base da CF 2024. <\/p>\n\n\n\n<figure class=\"wp-block-gallery has-nested-images columns-default is-cropped wp-block-gallery-1 is-layout-flex wp-block-gallery-is-layout-flex\">\n<figure class=\"wp-block-image size-large\"><img decoding=\"async\" loading=\"lazy\" width=\"1024\" height=\"768\" data-id=\"2375\" src=\"https:\/\/sbeneditosalto.com.br\/wp-content\/uploads\/2024\/03\/CF_APRESENTACAO_01-1-1024x768.jpg\" alt=\"\" class=\"wp-image-2375\" srcset=\"https:\/\/sbeneditosalto.com.br\/wp-content\/uploads\/2024\/03\/CF_APRESENTACAO_01-1-1024x768.jpg 1024w, https:\/\/sbeneditosalto.com.br\/wp-content\/uploads\/2024\/03\/CF_APRESENTACAO_01-1-300x225.jpg 300w, https:\/\/sbeneditosalto.com.br\/wp-content\/uploads\/2024\/03\/CF_APRESENTACAO_01-1-768x576.jpg 768w, https:\/\/sbeneditosalto.com.br\/wp-content\/uploads\/2024\/03\/CF_APRESENTACAO_01-1.jpg 1280w\" sizes=\"(max-width: 1024px) 100vw, 1024px\" \/><\/figure>\n\n\n\n<figure class=\"wp-block-image size-large\"><img decoding=\"async\" loading=\"lazy\" width=\"1024\" height=\"768\" data-id=\"2374\" src=\"https:\/\/sbeneditosalto.com.br\/wp-content\/uploads\/2024\/03\/CF_APRESENTACAO_02-1024x768.jpg\" alt=\"\" class=\"wp-image-2374\" srcset=\"https:\/\/sbeneditosalto.com.br\/wp-content\/uploads\/2024\/03\/CF_APRESENTACAO_02-1024x768.jpg 1024w, https:\/\/sbeneditosalto.com.br\/wp-content\/uploads\/2024\/03\/CF_APRESENTACAO_02-300x225.jpg 300w, https:\/\/sbeneditosalto.com.br\/wp-content\/uploads\/2024\/03\/CF_APRESENTACAO_02-768x576.jpg 768w, https:\/\/sbeneditosalto.com.br\/wp-content\/uploads\/2024\/03\/CF_APRESENTACAO_02.jpg 1280w\" sizes=\"(max-width: 1024px) 100vw, 1024px\" \/><\/figure>\n<\/figure>\n\n\n\n<p class=\"has-text-align-center\"><a href=\"https:\/\/drive.google.com\/drive\/folders\/1Cw58BHA3QpezzErr_152kgzkX2kTIzDT?usp=sharing\">Clique aqui<\/a> para ver todas as fotos.<\/p>\n\n\n\n<p class=\"has-text-align-center\">* Fotos: Wellington Gessoli, coordenador da paroquial da CF e F\u00e9, Pol\u00edtica e Cidadania.<\/p>\n","protected":false},"excerpt":{"rendered":"<p>&nbsp;&nbsp;&nbsp;&nbsp;&nbsp;&nbsp;&nbsp;&nbsp;&nbsp;&nbsp;&nbsp; O p\u00e1roco da Par\u00f3quia S\u00e3o Benedito, padre Carlos Marchesani, acompanhado do di\u00e1cono Jos\u00e9 Carlos Pascoal, fez uso da Tribuna Livre na sess\u00e3o da C\u00e2mara Municipal de Salto desta ter\u00e7a-feira, 5 de mar\u00e7o, \u00e0s 14h. O objetivo foi apresentar a Campanha da Fraternidade de 2024, que tem como tema \u201cfraternidade e Amizade Social\u201d e como [&hellip;]<\/p>\n","protected":false},"author":2,"featured_media":2371,"comment_status":"open","ping_status":"open","sticky":false,"template":"","format":"standard","meta":{"footnotes":""},"categories":[1],"tags":[],"blocksy_meta":"","yoast_head":"<!-- This site is optimized with the Yoast SEO plugin v22.4 - https:\/\/yoast.com\/wordpress\/plugins\/seo\/ -->\n<title>PADRE CARLOS MARCHESANI APRESENTOU A CF 2024 NA C\u00c2MARA MUNICIPAL DE SALTO - Paroquia Sao Benedito<\/title>\n<meta name=\"robots\" content=\"index, follow, max-snippet:-1, max-image-preview:large, max-video-preview:-1\" \/>\n<link rel=\"canonical\" href=\"https:\/\/sbeneditosalto.com.br\/index.php\/2024\/03\/21\/padre-carlos-marchesani-apresentou-a-cf-2024-na-camara-municipal-de-salto\/\" \/>\n<meta property=\"og:locale\" content=\"en_US\" \/>\n<meta property=\"og:type\" content=\"article\" \/>\n<meta property=\"og:title\" content=\"PADRE CARLOS MARCHESANI APRESENTOU A CF 2024 NA C\u00c2MARA MUNICIPAL DE SALTO - Paroquia Sao Benedito\" \/>\n<meta property=\"og:description\" content=\"&nbsp;&nbsp;&nbsp;&nbsp;&nbsp;&nbsp;&nbsp;&nbsp;&nbsp;&nbsp;&nbsp; O p\u00e1roco da Par\u00f3quia S\u00e3o Benedito, padre Carlos Marchesani, acompanhado do di\u00e1cono Jos\u00e9 Carlos Pascoal, fez uso da Tribuna Livre na sess\u00e3o da C\u00e2mara Municipal de Salto desta ter\u00e7a-feira, 5 de mar\u00e7o, \u00e0s 14h. O objetivo foi apresentar a Campanha da Fraternidade de 2024, que tem como tema \u201cfraternidade e Amizade Social\u201d e como [&hellip;]\" \/>\n<meta property=\"og:url\" content=\"https:\/\/sbeneditosalto.com.br\/index.php\/2024\/03\/21\/padre-carlos-marchesani-apresentou-a-cf-2024-na-camara-municipal-de-salto\/\" \/>\n<meta property=\"og:site_name\" content=\"Paroquia Sao Benedito\" \/>\n<meta property=\"article:published_time\" content=\"2024-03-21T17:53:18+00:00\" \/>\n<meta property=\"article:modified_time\" content=\"2024-04-24T19:08:46+00:00\" \/>\n<meta property=\"og:image\" content=\"https:\/\/sbeneditosalto.com.br\/wp-content\/uploads\/2024\/03\/PADRE-CARLOS-MARCHESANI-APRESENTOU-A-CF-2024-AVATAR.png\" \/>\n\t<meta property=\"og:image:width\" content=\"1000\" \/>\n\t<meta property=\"og:image:height\" content=\"750\" \/>\n\t<meta property=\"og:image:type\" content=\"image\/png\" \/>\n<meta name=\"author\" content=\"Jos\u00e9 Carlos Pascoal\" \/>\n<meta name=\"twitter:card\" content=\"summary_large_image\" \/>\n<meta name=\"twitter:label1\" content=\"Written by\" \/>\n\t<meta name=\"twitter:data1\" content=\"Jos\u00e9 Carlos Pascoal\" \/>\n\t<meta name=\"twitter:label2\" content=\"Est. reading time\" \/>\n\t<meta name=\"twitter:data2\" content=\"2 minutes\" \/>\n<script type=\"application\/ld+json\" class=\"yoast-schema-graph\">{\"@context\":\"https:\/\/schema.org\",\"@graph\":[{\"@type\":\"Article\",\"@id\":\"https:\/\/sbeneditosalto.com.br\/index.php\/2024\/03\/21\/padre-carlos-marchesani-apresentou-a-cf-2024-na-camara-municipal-de-salto\/#article\",\"isPartOf\":{\"@id\":\"https:\/\/sbeneditosalto.com.br\/index.php\/2024\/03\/21\/padre-carlos-marchesani-apresentou-a-cf-2024-na-camara-municipal-de-salto\/\"},\"author\":{\"name\":\"Jos\u00e9 Carlos Pascoal\",\"@id\":\"https:\/\/sbeneditosalto.com.br\/#\/schema\/person\/1937db6430bd13d1242baaed97be0781\"},\"headline\":\"PADRE CARLOS MARCHESANI APRESENTOU A CF 2024 NA C\u00c2MARA MUNICIPAL DE SALTO\",\"datePublished\":\"2024-03-21T17:53:18+00:00\",\"dateModified\":\"2024-04-24T19:08:46+00:00\",\"mainEntityOfPage\":{\"@id\":\"https:\/\/sbeneditosalto.com.br\/index.php\/2024\/03\/21\/padre-carlos-marchesani-apresentou-a-cf-2024-na-camara-municipal-de-salto\/\"},\"wordCount\":320,\"commentCount\":0,\"publisher\":{\"@id\":\"https:\/\/sbeneditosalto.com.br\/#organization\"},\"image\":{\"@id\":\"https:\/\/sbeneditosalto.com.br\/index.php\/2024\/03\/21\/padre-carlos-marchesani-apresentou-a-cf-2024-na-camara-municipal-de-salto\/#primaryimage\"},\"thumbnailUrl\":\"https:\/\/sbeneditosalto.com.br\/wp-content\/uploads\/2024\/03\/PADRE-CARLOS-MARCHESANI-APRESENTOU-A-CF-2024-AVATAR.png\",\"articleSection\":[\"Blog\"],\"inLanguage\":\"en-US\",\"potentialAction\":[{\"@type\":\"CommentAction\",\"name\":\"Comment\",\"target\":[\"https:\/\/sbeneditosalto.com.br\/index.php\/2024\/03\/21\/padre-carlos-marchesani-apresentou-a-cf-2024-na-camara-municipal-de-salto\/#respond\"]}]},{\"@type\":\"WebPage\",\"@id\":\"https:\/\/sbeneditosalto.com.br\/index.php\/2024\/03\/21\/padre-carlos-marchesani-apresentou-a-cf-2024-na-camara-municipal-de-salto\/\",\"url\":\"https:\/\/sbeneditosalto.com.br\/index.php\/2024\/03\/21\/padre-carlos-marchesani-apresentou-a-cf-2024-na-camara-municipal-de-salto\/\",\"name\":\"PADRE CARLOS MARCHESANI APRESENTOU A CF 2024 NA C\u00c2MARA MUNICIPAL DE SALTO - Paroquia Sao Benedito\",\"isPartOf\":{\"@id\":\"https:\/\/sbeneditosalto.com.br\/#website\"},\"primaryImageOfPage\":{\"@id\":\"https:\/\/sbeneditosalto.com.br\/index.php\/2024\/03\/21\/padre-carlos-marchesani-apresentou-a-cf-2024-na-camara-municipal-de-salto\/#primaryimage\"},\"image\":{\"@id\":\"https:\/\/sbeneditosalto.com.br\/index.php\/2024\/03\/21\/padre-carlos-marchesani-apresentou-a-cf-2024-na-camara-municipal-de-salto\/#primaryimage\"},\"thumbnailUrl\":\"https:\/\/sbeneditosalto.com.br\/wp-content\/uploads\/2024\/03\/PADRE-CARLOS-MARCHESANI-APRESENTOU-A-CF-2024-AVATAR.png\",\"datePublished\":\"2024-03-21T17:53:18+00:00\",\"dateModified\":\"2024-04-24T19:08:46+00:00\",\"breadcrumb\":{\"@id\":\"https:\/\/sbeneditosalto.com.br\/index.php\/2024\/03\/21\/padre-carlos-marchesani-apresentou-a-cf-2024-na-camara-municipal-de-salto\/#breadcrumb\"},\"inLanguage\":\"en-US\",\"potentialAction\":[{\"@type\":\"ReadAction\",\"target\":[\"https:\/\/sbeneditosalto.com.br\/index.php\/2024\/03\/21\/padre-carlos-marchesani-apresentou-a-cf-2024-na-camara-municipal-de-salto\/\"]}]},{\"@type\":\"ImageObject\",\"inLanguage\":\"en-US\",\"@id\":\"https:\/\/sbeneditosalto.com.br\/index.php\/2024\/03\/21\/padre-carlos-marchesani-apresentou-a-cf-2024-na-camara-municipal-de-salto\/#primaryimage\",\"url\":\"https:\/\/sbeneditosalto.com.br\/wp-content\/uploads\/2024\/03\/PADRE-CARLOS-MARCHESANI-APRESENTOU-A-CF-2024-AVATAR.png\",\"contentUrl\":\"https:\/\/sbeneditosalto.com.br\/wp-content\/uploads\/2024\/03\/PADRE-CARLOS-MARCHESANI-APRESENTOU-A-CF-2024-AVATAR.png\",\"width\":1000,\"height\":750},{\"@type\":\"BreadcrumbList\",\"@id\":\"https:\/\/sbeneditosalto.com.br\/index.php\/2024\/03\/21\/padre-carlos-marchesani-apresentou-a-cf-2024-na-camara-municipal-de-salto\/#breadcrumb\",\"itemListElement\":[{\"@type\":\"ListItem\",\"position\":1,\"name\":\"In\u00edcio\",\"item\":\"https:\/\/sbeneditosalto.com.br\/\"},{\"@type\":\"ListItem\",\"position\":2,\"name\":\"PADRE CARLOS MARCHESANI APRESENTOU A CF 2024 NA C\u00c2MARA MUNICIPAL DE SALTO\"}]},{\"@type\":\"WebSite\",\"@id\":\"https:\/\/sbeneditosalto.com.br\/#website\",\"url\":\"https:\/\/sbeneditosalto.com.br\/\",\"name\":\"Paroquia Sao Benedito\",\"description\":\"\",\"publisher\":{\"@id\":\"https:\/\/sbeneditosalto.com.br\/#organization\"},\"potentialAction\":[{\"@type\":\"SearchAction\",\"target\":{\"@type\":\"EntryPoint\",\"urlTemplate\":\"https:\/\/sbeneditosalto.com.br\/?s={search_term_string}\"},\"query-input\":\"required name=search_term_string\"}],\"inLanguage\":\"en-US\"},{\"@type\":\"Organization\",\"@id\":\"https:\/\/sbeneditosalto.com.br\/#organization\",\"name\":\"Paroquia Sao Benedito\",\"url\":\"https:\/\/sbeneditosalto.com.br\/\",\"logo\":{\"@type\":\"ImageObject\",\"inLanguage\":\"en-US\",\"@id\":\"https:\/\/sbeneditosalto.com.br\/#\/schema\/logo\/image\/\",\"url\":\"\",\"contentUrl\":\"\",\"caption\":\"Paroquia Sao Benedito\"},\"image\":{\"@id\":\"https:\/\/sbeneditosalto.com.br\/#\/schema\/logo\/image\/\"}},{\"@type\":\"Person\",\"@id\":\"https:\/\/sbeneditosalto.com.br\/#\/schema\/person\/1937db6430bd13d1242baaed97be0781\",\"name\":\"Jos\u00e9 Carlos Pascoal\",\"image\":{\"@type\":\"ImageObject\",\"inLanguage\":\"en-US\",\"@id\":\"https:\/\/sbeneditosalto.com.br\/#\/schema\/person\/image\/\",\"url\":\"https:\/\/secure.gravatar.com\/avatar\/4af6632c766ef45aa6c85f9456f2e79a?s=96&d=mm&r=g\",\"contentUrl\":\"https:\/\/secure.gravatar.com\/avatar\/4af6632c766ef45aa6c85f9456f2e79a?s=96&d=mm&r=g\",\"caption\":\"Jos\u00e9 Carlos Pascoal\"},\"url\":\"https:\/\/sbeneditosalto.com.br\/index.php\/author\/diaconopascoal\/\"}]}<\/script>\n<!-- \/ Yoast SEO plugin. -->","yoast_head_json":{"title":"PADRE CARLOS MARCHESANI APRESENTOU A CF 2024 NA C\u00c2MARA MUNICIPAL DE SALTO - Paroquia Sao Benedito","robots":{"index":"index","follow":"follow","max-snippet":"max-snippet:-1","max-image-preview":"max-image-preview:large","max-video-preview":"max-video-preview:-1"},"canonical":"https:\/\/sbeneditosalto.com.br\/index.php\/2024\/03\/21\/padre-carlos-marchesani-apresentou-a-cf-2024-na-camara-municipal-de-salto\/","og_locale":"en_US","og_type":"article","og_title":"PADRE CARLOS MARCHESANI APRESENTOU A CF 2024 NA C\u00c2MARA MUNICIPAL DE SALTO - Paroquia Sao Benedito","og_description":"&nbsp;&nbsp;&nbsp;&nbsp;&nbsp;&nbsp;&nbsp;&nbsp;&nbsp;&nbsp;&nbsp; O p\u00e1roco da Par\u00f3quia S\u00e3o Benedito, padre Carlos Marchesani, acompanhado do di\u00e1cono Jos\u00e9 Carlos Pascoal, fez uso da Tribuna Livre na sess\u00e3o da C\u00e2mara Municipal de Salto desta ter\u00e7a-feira, 5 de mar\u00e7o, \u00e0s 14h. O objetivo foi apresentar a Campanha da Fraternidade de 2024, que tem como tema \u201cfraternidade e Amizade Social\u201d e como [&hellip;]","og_url":"https:\/\/sbeneditosalto.com.br\/index.php\/2024\/03\/21\/padre-carlos-marchesani-apresentou-a-cf-2024-na-camara-municipal-de-salto\/","og_site_name":"Paroquia Sao Benedito","article_published_time":"2024-03-21T17:53:18+00:00","article_modified_time":"2024-04-24T19:08:46+00:00","og_image":[{"width":1000,"height":750,"url":"https:\/\/sbeneditosalto.com.br\/wp-content\/uploads\/2024\/03\/PADRE-CARLOS-MARCHESANI-APRESENTOU-A-CF-2024-AVATAR.png","type":"image\/png"}],"author":"Jos\u00e9 Carlos Pascoal","twitter_card":"summary_large_image","twitter_misc":{"Written by":"Jos\u00e9 Carlos Pascoal","Est. reading time":"2 minutes"},"schema":{"@context":"https:\/\/schema.org","@graph":[{"@type":"Article","@id":"https:\/\/sbeneditosalto.com.br\/index.php\/2024\/03\/21\/padre-carlos-marchesani-apresentou-a-cf-2024-na-camara-municipal-de-salto\/#article","isPartOf":{"@id":"https:\/\/sbeneditosalto.com.br\/index.php\/2024\/03\/21\/padre-carlos-marchesani-apresentou-a-cf-2024-na-camara-municipal-de-salto\/"},"author":{"name":"Jos\u00e9 Carlos Pascoal","@id":"https:\/\/sbeneditosalto.com.br\/#\/schema\/person\/1937db6430bd13d1242baaed97be0781"},"headline":"PADRE CARLOS MARCHESANI APRESENTOU A CF 2024 NA C\u00c2MARA MUNICIPAL DE SALTO","datePublished":"2024-03-21T17:53:18+00:00","dateModified":"2024-04-24T19:08:46+00:00","mainEntityOfPage":{"@id":"https:\/\/sbeneditosalto.com.br\/index.php\/2024\/03\/21\/padre-carlos-marchesani-apresentou-a-cf-2024-na-camara-municipal-de-salto\/"},"wordCount":320,"commentCount":0,"publisher":{"@id":"https:\/\/sbeneditosalto.com.br\/#organization"},"image":{"@id":"https:\/\/sbeneditosalto.com.br\/index.php\/2024\/03\/21\/padre-carlos-marchesani-apresentou-a-cf-2024-na-camara-municipal-de-salto\/#primaryimage"},"thumbnailUrl":"https:\/\/sbeneditosalto.com.br\/wp-content\/uploads\/2024\/03\/PADRE-CARLOS-MARCHESANI-APRESENTOU-A-CF-2024-AVATAR.png","articleSection":["Blog"],"inLanguage":"en-US","potentialAction":[{"@type":"CommentAction","name":"Comment","target":["https:\/\/sbeneditosalto.com.br\/index.php\/2024\/03\/21\/padre-carlos-marchesani-apresentou-a-cf-2024-na-camara-municipal-de-salto\/#respond"]}]},{"@type":"WebPage","@id":"https:\/\/sbeneditosalto.com.br\/index.php\/2024\/03\/21\/padre-carlos-marchesani-apresentou-a-cf-2024-na-camara-municipal-de-salto\/","url":"https:\/\/sbeneditosalto.com.br\/index.php\/2024\/03\/21\/padre-carlos-marchesani-apresentou-a-cf-2024-na-camara-municipal-de-salto\/","name":"PADRE CARLOS MARCHESANI APRESENTOU A CF 2024 NA C\u00c2MARA MUNICIPAL DE SALTO - Paroquia Sao Benedito","isPartOf":{"@id":"https:\/\/sbeneditosalto.com.br\/#website"},"primaryImageOfPage":{"@id":"https:\/\/sbeneditosalto.com.br\/index.php\/2024\/03\/21\/padre-carlos-marchesani-apresentou-a-cf-2024-na-camara-municipal-de-salto\/#primaryimage"},"image":{"@id":"https:\/\/sbeneditosalto.com.br\/index.php\/2024\/03\/21\/padre-carlos-marchesani-apresentou-a-cf-2024-na-camara-municipal-de-salto\/#primaryimage"},"thumbnailUrl":"https:\/\/sbeneditosalto.com.br\/wp-content\/uploads\/2024\/03\/PADRE-CARLOS-MARCHESANI-APRESENTOU-A-CF-2024-AVATAR.png","datePublished":"2024-03-21T17:53:18+00:00","dateModified":"2024-04-24T19:08:46+00:00","breadcrumb":{"@id":"https:\/\/sbeneditosalto.com.br\/index.php\/2024\/03\/21\/padre-carlos-marchesani-apresentou-a-cf-2024-na-camara-municipal-de-salto\/#breadcrumb"},"inLanguage":"en-US","potentialAction":[{"@type":"ReadAction","target":["https:\/\/sbeneditosalto.com.br\/index.php\/2024\/03\/21\/padre-carlos-marchesani-apresentou-a-cf-2024-na-camara-municipal-de-salto\/"]}]},{"@type":"ImageObject","inLanguage":"en-US","@id":"https:\/\/sbeneditosalto.com.br\/index.php\/2024\/03\/21\/padre-carlos-marchesani-apresentou-a-cf-2024-na-camara-municipal-de-salto\/#primaryimage","url":"https:\/\/sbeneditosalto.com.br\/wp-content\/uploads\/2024\/03\/PADRE-CARLOS-MARCHESANI-APRESENTOU-A-CF-2024-AVATAR.png","contentUrl":"https:\/\/sbeneditosalto.com.br\/wp-content\/uploads\/2024\/03\/PADRE-CARLOS-MARCHESANI-APRESENTOU-A-CF-2024-AVATAR.png","width":1000,"height":750},{"@type":"BreadcrumbList","@id":"https:\/\/sbeneditosalto.com.br\/index.php\/2024\/03\/21\/padre-carlos-marchesani-apresentou-a-cf-2024-na-camara-municipal-de-salto\/#breadcrumb","itemListElement":[{"@type":"ListItem","position":1,"name":"In\u00edcio","item":"https:\/\/sbeneditosalto.com.br\/"},{"@type":"ListItem","position":2,"name":"PADRE CARLOS MARCHESANI APRESENTOU A CF 2024 NA C\u00c2MARA MUNICIPAL DE SALTO"}]},{"@type":"WebSite","@id":"https:\/\/sbeneditosalto.com.br\/#website","url":"https:\/\/sbeneditosalto.com.br\/","name":"Paroquia Sao Benedito","description":"","publisher":{"@id":"https:\/\/sbeneditosalto.com.br\/#organization"},"potentialAction":[{"@type":"SearchAction","target":{"@type":"EntryPoint","urlTemplate":"https:\/\/sbeneditosalto.com.br\/?s={search_term_string}"},"query-input":"required name=search_term_string"}],"inLanguage":"en-US"},{"@type":"Organization","@id":"https:\/\/sbeneditosalto.com.br\/#organization","name":"Paroquia Sao Benedito","url":"https:\/\/sbeneditosalto.com.br\/","logo":{"@type":"ImageObject","inLanguage":"en-US","@id":"https:\/\/sbeneditosalto.com.br\/#\/schema\/logo\/image\/","url":"","contentUrl":"","caption":"Paroquia Sao Benedito"},"image":{"@id":"https:\/\/sbeneditosalto.com.br\/#\/schema\/logo\/image\/"}},{"@type":"Person","@id":"https:\/\/sbeneditosalto.com.br\/#\/schema\/person\/1937db6430bd13d1242baaed97be0781","name":"Jos\u00e9 Carlos Pascoal","image":{"@type":"ImageObject","inLanguage":"en-US","@id":"https:\/\/sbeneditosalto.com.br\/#\/schema\/person\/image\/","url":"https:\/\/secure.gravatar.com\/avatar\/4af6632c766ef45aa6c85f9456f2e79a?s=96&d=mm&r=g","contentUrl":"https:\/\/secure.gravatar.com\/avatar\/4af6632c766ef45aa6c85f9456f2e79a?s=96&d=mm&r=g","caption":"Jos\u00e9 Carlos Pascoal"},"url":"https:\/\/sbeneditosalto.com.br\/index.php\/author\/diaconopascoal\/"}]}},"_links":{"self":[{"href":"https:\/\/sbeneditosalto.com.br\/index.php\/wp-json\/wp\/v2\/posts\/2370"}],"collection":[{"href":"https:\/\/sbeneditosalto.com.br\/index.php\/wp-json\/wp\/v2\/posts"}],"about":[{"href":"https:\/\/sbeneditosalto.com.br\/index.php\/wp-json\/wp\/v2\/types\/post"}],"author":[{"embeddable":true,"href":"https:\/\/sbeneditosalto.com.br\/index.php\/wp-json\/wp\/v2\/users\/2"}],"replies":[{"embeddable":true,"href":"https:\/\/sbeneditosalto.com.br\/index.php\/wp-json\/wp\/v2\/comments?post=2370"}],"version-history":[{"count":3,"href":"https:\/\/sbeneditosalto.com.br\/index.php\/wp-json\/wp\/v2\/posts\/2370\/revisions"}],"predecessor-version":[{"id":2377,"href":"https:\/\/sbeneditosalto.com.br\/index.php\/wp-json\/wp\/v2\/posts\/2370\/revisions\/2377"}],"wp:featuredmedia":[{"embeddable":true,"href":"https:\/\/sbeneditosalto.com.br\/index.php\/wp-json\/wp\/v2\/media\/2371"}],"wp:attachment":[{"href":"https:\/\/sbeneditosalto.com.br\/index.php\/wp-json\/wp\/v2\/media?parent=2370"}],"wp:term":[{"taxonomy":"category","embeddable":true,"href":"https:\/\/sbeneditosalto.com.br\/index.php\/wp-json\/wp\/v2\/categories?post=2370"},{"taxonomy":"post_tag","embeddable":true,"href":"https:\/\/sbeneditosalto.com.br\/index.php\/wp-json\/wp\/v2\/tags?post=2370"}],"curies":[{"name":"wp","href":"https:\/\/api.w.org\/{rel}","templated":true}]}}