{"id":2174,"date":"2024-01-31T09:49:20","date_gmt":"2024-01-31T12:49:20","guid":{"rendered":"https:\/\/sbeneditosalto.com.br\/?p=2174"},"modified":"2024-02-13T17:46:11","modified_gmt":"2024-02-13T20:46:11","slug":"dia-do-despojamento-agradecimento","status":"publish","type":"post","link":"https:\/\/sbeneditosalto.com.br\/index.php\/2024\/01\/31\/dia-do-despojamento-agradecimento\/","title":{"rendered":"DIA DO DESPOJAMENTO (Agradecimento)"},"content":{"rendered":"\n<p>\u00a0\u00a0\u00a0\u00a0\u00a0\u00a0\u00a0\u00a0\u00a0\u00a0\u00a0Padre Carlos Aparecido Marchesani, p\u00e1roco da Par\u00f3quia S\u00e3o Benedito, agradece sensibilizado, pelas doa\u00e7\u00f5es dos fi\u00e9is paroquianos e de outras par\u00f3quias da cidade para o DIA DO DESPOJAMENTO ou DESAPEGO, realizado no dia 27 de janeiro, das 08h \u00e0s 12h, no Espa\u00e7o Festivo S\u00e3o Benedito.<\/p>\n\n\n\n<p>\u00a0\u00a0\u00a0\u00a0\u00a0\u00a0\u00a0\u00a0\u00a0\u00a0\u00a0As doa\u00e7\u00f5es superaram as expectativas e poder\u00e1 atender o trabalho social da Pastoral da Sa\u00fade, Pastoral da Crian\u00e7a, Pastoral da Moradia, Confer\u00eancias Vicentinas, Pastoral do Quilo (Par\u00f3quia Santa Cruz), Casa Naim, Centro POP e Fundo Social de Solidariedade de Sorocaba, que socorre as fam\u00edlias v\u00edtimas das enchentes e o GPACI &#8211; Grupo de Pesquisa e Assist\u00eancia ao C\u00e2ncer Infantil, cujas depend\u00eancias foram prejudicadas pelas enchentes.<\/p>\n\n\n\n<p>\u00a0\u00a0\u00a0\u00a0\u00a0\u00a0\u00a0\u00a0\u00a0\u00a0\u00a0Deus continue aben\u00e7oando suas vidas e fam\u00edlias.<br>\u00a0\u00a0\u00a0\u00a0\u00a0\u00a0\u00a0\u00a0\u00a0\u00a0\u00a0Os que ainda desejarem fazer o despojamento, entrem em contato com a Secretaria Paroquial S\u00e3o Benedito. Ainda h\u00e1 necessidade de material escolar, enxoval de beb\u00ea e fraldas infantis e geri\u00e1tricas.<\/p>\n\n\n\n<figure class=\"wp-block-gallery has-nested-images columns-default is-cropped wp-block-gallery-1 is-layout-flex wp-block-gallery-is-layout-flex\">\n<figure class=\"wp-block-image size-large\"><img decoding=\"async\" loading=\"lazy\" width=\"708\" height=\"408\" data-id=\"2175\" src=\"https:\/\/sbeneditosalto.com.br\/wp-content\/uploads\/2024\/01\/Para-o-site-1.jpg\" alt=\"\" class=\"wp-image-2175\" srcset=\"https:\/\/sbeneditosalto.com.br\/wp-content\/uploads\/2024\/01\/Para-o-site-1.jpg 708w, https:\/\/sbeneditosalto.com.br\/wp-content\/uploads\/2024\/01\/Para-o-site-1-300x173.jpg 300w\" sizes=\"(max-width: 708px) 100vw, 708px\" \/><\/figure>\n\n\n\n<figure class=\"wp-block-image size-large\"><img decoding=\"async\" loading=\"lazy\" width=\"1024\" height=\"576\" data-id=\"2176\" src=\"https:\/\/sbeneditosalto.com.br\/wp-content\/uploads\/2024\/01\/Para-o-site-2-1024x576.jpg\" alt=\"\" class=\"wp-image-2176\" srcset=\"https:\/\/sbeneditosalto.com.br\/wp-content\/uploads\/2024\/01\/Para-o-site-2-1024x576.jpg 1024w, https:\/\/sbeneditosalto.com.br\/wp-content\/uploads\/2024\/01\/Para-o-site-2-300x169.jpg 300w, https:\/\/sbeneditosalto.com.br\/wp-content\/uploads\/2024\/01\/Para-o-site-2-768x432.jpg 768w, https:\/\/sbeneditosalto.com.br\/wp-content\/uploads\/2024\/01\/Para-o-site-2.jpg 1102w\" sizes=\"(max-width: 1024px) 100vw, 1024px\" \/><\/figure>\n<\/figure>\n","protected":false},"excerpt":{"rendered":"<p>\u00a0\u00a0\u00a0\u00a0\u00a0\u00a0\u00a0\u00a0\u00a0\u00a0\u00a0Padre Carlos Aparecido Marchesani, p\u00e1roco da Par\u00f3quia S\u00e3o Benedito, agradece sensibilizado, pelas doa\u00e7\u00f5es dos fi\u00e9is paroquianos e de outras par\u00f3quias da cidade para o DIA DO DESPOJAMENTO ou DESAPEGO, realizado no dia 27 de janeiro, das 08h \u00e0s 12h, no Espa\u00e7o Festivo S\u00e3o Benedito. \u00a0\u00a0\u00a0\u00a0\u00a0\u00a0\u00a0\u00a0\u00a0\u00a0\u00a0As doa\u00e7\u00f5es superaram as expectativas e poder\u00e1 atender o trabalho social [&hellip;]<\/p>\n","protected":false},"author":3,"featured_media":2177,"comment_status":"open","ping_status":"open","sticky":false,"template":"","format":"standard","meta":{"footnotes":""},"categories":[1],"tags":[],"blocksy_meta":"","yoast_head":"<!-- This site is optimized with the Yoast SEO plugin v22.4 - https:\/\/yoast.com\/wordpress\/plugins\/seo\/ -->\n<title>DIA DO DESPOJAMENTO (Agradecimento) - Paroquia Sao Benedito<\/title>\n<meta name=\"robots\" content=\"index, follow, max-snippet:-1, max-image-preview:large, max-video-preview:-1\" \/>\n<link rel=\"canonical\" href=\"https:\/\/sbeneditosalto.com.br\/index.php\/2024\/01\/31\/dia-do-despojamento-agradecimento\/\" \/>\n<meta property=\"og:locale\" content=\"en_US\" \/>\n<meta property=\"og:type\" content=\"article\" \/>\n<meta property=\"og:title\" content=\"DIA DO DESPOJAMENTO (Agradecimento) - Paroquia Sao Benedito\" \/>\n<meta property=\"og:description\" content=\"\u00a0\u00a0\u00a0\u00a0\u00a0\u00a0\u00a0\u00a0\u00a0\u00a0\u00a0Padre Carlos Aparecido Marchesani, p\u00e1roco da Par\u00f3quia S\u00e3o Benedito, agradece sensibilizado, pelas doa\u00e7\u00f5es dos fi\u00e9is paroquianos e de outras par\u00f3quias da cidade para o DIA DO DESPOJAMENTO ou DESAPEGO, realizado no dia 27 de janeiro, das 08h \u00e0s 12h, no Espa\u00e7o Festivo S\u00e3o Benedito. \u00a0\u00a0\u00a0\u00a0\u00a0\u00a0\u00a0\u00a0\u00a0\u00a0\u00a0As doa\u00e7\u00f5es superaram as expectativas e poder\u00e1 atender o trabalho social [&hellip;]\" \/>\n<meta property=\"og:url\" content=\"https:\/\/sbeneditosalto.com.br\/index.php\/2024\/01\/31\/dia-do-despojamento-agradecimento\/\" \/>\n<meta property=\"og:site_name\" content=\"Paroquia Sao Benedito\" \/>\n<meta property=\"article:published_time\" content=\"2024-01-31T12:49:20+00:00\" \/>\n<meta property=\"article:modified_time\" content=\"2024-02-13T20:46:11+00:00\" \/>\n<meta property=\"og:image\" content=\"https:\/\/sbeneditosalto.com.br\/wp-content\/uploads\/2024\/01\/AVATAR-IGREJAS-NOTICIA.png\" \/>\n\t<meta property=\"og:image:width\" content=\"1000\" \/>\n\t<meta property=\"og:image:height\" content=\"750\" \/>\n\t<meta property=\"og:image:type\" content=\"image\/png\" \/>\n<meta name=\"author\" content=\"PE. CARLOS APARECIDO MARCHESANI\" \/>\n<meta name=\"twitter:card\" content=\"summary_large_image\" \/>\n<meta name=\"twitter:label1\" content=\"Written by\" \/>\n\t<meta name=\"twitter:data1\" content=\"PE. CARLOS APARECIDO MARCHESANI\" \/>\n\t<meta name=\"twitter:label2\" content=\"Est. reading time\" \/>\n\t<meta name=\"twitter:data2\" content=\"1 minute\" \/>\n<script type=\"application\/ld+json\" class=\"yoast-schema-graph\">{\"@context\":\"https:\/\/schema.org\",\"@graph\":[{\"@type\":\"Article\",\"@id\":\"https:\/\/sbeneditosalto.com.br\/index.php\/2024\/01\/31\/dia-do-despojamento-agradecimento\/#article\",\"isPartOf\":{\"@id\":\"https:\/\/sbeneditosalto.com.br\/index.php\/2024\/01\/31\/dia-do-despojamento-agradecimento\/\"},\"author\":{\"name\":\"PE. CARLOS APARECIDO MARCHESANI\",\"@id\":\"https:\/\/sbeneditosalto.com.br\/#\/schema\/person\/f532af984122ed64d3aee41b9bde29f6\"},\"headline\":\"DIA DO DESPOJAMENTO (Agradecimento)\",\"datePublished\":\"2024-01-31T12:49:20+00:00\",\"dateModified\":\"2024-02-13T20:46:11+00:00\",\"mainEntityOfPage\":{\"@id\":\"https:\/\/sbeneditosalto.com.br\/index.php\/2024\/01\/31\/dia-do-despojamento-agradecimento\/\"},\"wordCount\":171,\"commentCount\":0,\"publisher\":{\"@id\":\"https:\/\/sbeneditosalto.com.br\/#organization\"},\"image\":{\"@id\":\"https:\/\/sbeneditosalto.com.br\/index.php\/2024\/01\/31\/dia-do-despojamento-agradecimento\/#primaryimage\"},\"thumbnailUrl\":\"https:\/\/sbeneditosalto.com.br\/wp-content\/uploads\/2024\/01\/AVATAR-IGREJAS-NOTICIA.png\",\"articleSection\":[\"Blog\"],\"inLanguage\":\"en-US\",\"potentialAction\":[{\"@type\":\"CommentAction\",\"name\":\"Comment\",\"target\":[\"https:\/\/sbeneditosalto.com.br\/index.php\/2024\/01\/31\/dia-do-despojamento-agradecimento\/#respond\"]}]},{\"@type\":\"WebPage\",\"@id\":\"https:\/\/sbeneditosalto.com.br\/index.php\/2024\/01\/31\/dia-do-despojamento-agradecimento\/\",\"url\":\"https:\/\/sbeneditosalto.com.br\/index.php\/2024\/01\/31\/dia-do-despojamento-agradecimento\/\",\"name\":\"DIA DO DESPOJAMENTO (Agradecimento) - Paroquia Sao Benedito\",\"isPartOf\":{\"@id\":\"https:\/\/sbeneditosalto.com.br\/#website\"},\"primaryImageOfPage\":{\"@id\":\"https:\/\/sbeneditosalto.com.br\/index.php\/2024\/01\/31\/dia-do-despojamento-agradecimento\/#primaryimage\"},\"image\":{\"@id\":\"https:\/\/sbeneditosalto.com.br\/index.php\/2024\/01\/31\/dia-do-despojamento-agradecimento\/#primaryimage\"},\"thumbnailUrl\":\"https:\/\/sbeneditosalto.com.br\/wp-content\/uploads\/2024\/01\/AVATAR-IGREJAS-NOTICIA.png\",\"datePublished\":\"2024-01-31T12:49:20+00:00\",\"dateModified\":\"2024-02-13T20:46:11+00:00\",\"breadcrumb\":{\"@id\":\"https:\/\/sbeneditosalto.com.br\/index.php\/2024\/01\/31\/dia-do-despojamento-agradecimento\/#breadcrumb\"},\"inLanguage\":\"en-US\",\"potentialAction\":[{\"@type\":\"ReadAction\",\"target\":[\"https:\/\/sbeneditosalto.com.br\/index.php\/2024\/01\/31\/dia-do-despojamento-agradecimento\/\"]}]},{\"@type\":\"ImageObject\",\"inLanguage\":\"en-US\",\"@id\":\"https:\/\/sbeneditosalto.com.br\/index.php\/2024\/01\/31\/dia-do-despojamento-agradecimento\/#primaryimage\",\"url\":\"https:\/\/sbeneditosalto.com.br\/wp-content\/uploads\/2024\/01\/AVATAR-IGREJAS-NOTICIA.png\",\"contentUrl\":\"https:\/\/sbeneditosalto.com.br\/wp-content\/uploads\/2024\/01\/AVATAR-IGREJAS-NOTICIA.png\",\"width\":1000,\"height\":750},{\"@type\":\"BreadcrumbList\",\"@id\":\"https:\/\/sbeneditosalto.com.br\/index.php\/2024\/01\/31\/dia-do-despojamento-agradecimento\/#breadcrumb\",\"itemListElement\":[{\"@type\":\"ListItem\",\"position\":1,\"name\":\"In\u00edcio\",\"item\":\"https:\/\/sbeneditosalto.com.br\/\"},{\"@type\":\"ListItem\",\"position\":2,\"name\":\"DIA DO DESPOJAMENTO (Agradecimento)\"}]},{\"@type\":\"WebSite\",\"@id\":\"https:\/\/sbeneditosalto.com.br\/#website\",\"url\":\"https:\/\/sbeneditosalto.com.br\/\",\"name\":\"Paroquia Sao Benedito\",\"description\":\"\",\"publisher\":{\"@id\":\"https:\/\/sbeneditosalto.com.br\/#organization\"},\"potentialAction\":[{\"@type\":\"SearchAction\",\"target\":{\"@type\":\"EntryPoint\",\"urlTemplate\":\"https:\/\/sbeneditosalto.com.br\/?s={search_term_string}\"},\"query-input\":\"required name=search_term_string\"}],\"inLanguage\":\"en-US\"},{\"@type\":\"Organization\",\"@id\":\"https:\/\/sbeneditosalto.com.br\/#organization\",\"name\":\"Paroquia Sao Benedito\",\"url\":\"https:\/\/sbeneditosalto.com.br\/\",\"logo\":{\"@type\":\"ImageObject\",\"inLanguage\":\"en-US\",\"@id\":\"https:\/\/sbeneditosalto.com.br\/#\/schema\/logo\/image\/\",\"url\":\"\",\"contentUrl\":\"\",\"caption\":\"Paroquia Sao Benedito\"},\"image\":{\"@id\":\"https:\/\/sbeneditosalto.com.br\/#\/schema\/logo\/image\/\"}},{\"@type\":\"Person\",\"@id\":\"https:\/\/sbeneditosalto.com.br\/#\/schema\/person\/f532af984122ed64d3aee41b9bde29f6\",\"name\":\"PE. CARLOS APARECIDO MARCHESANI\",\"image\":{\"@type\":\"ImageObject\",\"inLanguage\":\"en-US\",\"@id\":\"https:\/\/sbeneditosalto.com.br\/#\/schema\/person\/image\/\",\"url\":\"https:\/\/secure.gravatar.com\/avatar\/4d55680d96ecc9d9646f970e102a4b0b?s=96&d=mm&r=g\",\"contentUrl\":\"https:\/\/secure.gravatar.com\/avatar\/4d55680d96ecc9d9646f970e102a4b0b?s=96&d=mm&r=g\",\"caption\":\"PE. CARLOS APARECIDO MARCHESANI\"},\"url\":\"https:\/\/sbeneditosalto.com.br\/index.php\/author\/pe-carlos-marchesani\/\"}]}<\/script>\n<!-- \/ Yoast SEO plugin. -->","yoast_head_json":{"title":"DIA DO DESPOJAMENTO (Agradecimento) - Paroquia Sao Benedito","robots":{"index":"index","follow":"follow","max-snippet":"max-snippet:-1","max-image-preview":"max-image-preview:large","max-video-preview":"max-video-preview:-1"},"canonical":"https:\/\/sbeneditosalto.com.br\/index.php\/2024\/01\/31\/dia-do-despojamento-agradecimento\/","og_locale":"en_US","og_type":"article","og_title":"DIA DO DESPOJAMENTO (Agradecimento) - Paroquia Sao Benedito","og_description":"\u00a0\u00a0\u00a0\u00a0\u00a0\u00a0\u00a0\u00a0\u00a0\u00a0\u00a0Padre Carlos Aparecido Marchesani, p\u00e1roco da Par\u00f3quia S\u00e3o Benedito, agradece sensibilizado, pelas doa\u00e7\u00f5es dos fi\u00e9is paroquianos e de outras par\u00f3quias da cidade para o DIA DO DESPOJAMENTO ou DESAPEGO, realizado no dia 27 de janeiro, das 08h \u00e0s 12h, no Espa\u00e7o Festivo S\u00e3o Benedito. \u00a0\u00a0\u00a0\u00a0\u00a0\u00a0\u00a0\u00a0\u00a0\u00a0\u00a0As doa\u00e7\u00f5es superaram as expectativas e poder\u00e1 atender o trabalho social [&hellip;]","og_url":"https:\/\/sbeneditosalto.com.br\/index.php\/2024\/01\/31\/dia-do-despojamento-agradecimento\/","og_site_name":"Paroquia Sao Benedito","article_published_time":"2024-01-31T12:49:20+00:00","article_modified_time":"2024-02-13T20:46:11+00:00","og_image":[{"width":1000,"height":750,"url":"https:\/\/sbeneditosalto.com.br\/wp-content\/uploads\/2024\/01\/AVATAR-IGREJAS-NOTICIA.png","type":"image\/png"}],"author":"PE. CARLOS APARECIDO MARCHESANI","twitter_card":"summary_large_image","twitter_misc":{"Written by":"PE. CARLOS APARECIDO MARCHESANI","Est. reading time":"1 minute"},"schema":{"@context":"https:\/\/schema.org","@graph":[{"@type":"Article","@id":"https:\/\/sbeneditosalto.com.br\/index.php\/2024\/01\/31\/dia-do-despojamento-agradecimento\/#article","isPartOf":{"@id":"https:\/\/sbeneditosalto.com.br\/index.php\/2024\/01\/31\/dia-do-despojamento-agradecimento\/"},"author":{"name":"PE. CARLOS APARECIDO MARCHESANI","@id":"https:\/\/sbeneditosalto.com.br\/#\/schema\/person\/f532af984122ed64d3aee41b9bde29f6"},"headline":"DIA DO DESPOJAMENTO (Agradecimento)","datePublished":"2024-01-31T12:49:20+00:00","dateModified":"2024-02-13T20:46:11+00:00","mainEntityOfPage":{"@id":"https:\/\/sbeneditosalto.com.br\/index.php\/2024\/01\/31\/dia-do-despojamento-agradecimento\/"},"wordCount":171,"commentCount":0,"publisher":{"@id":"https:\/\/sbeneditosalto.com.br\/#organization"},"image":{"@id":"https:\/\/sbeneditosalto.com.br\/index.php\/2024\/01\/31\/dia-do-despojamento-agradecimento\/#primaryimage"},"thumbnailUrl":"https:\/\/sbeneditosalto.com.br\/wp-content\/uploads\/2024\/01\/AVATAR-IGREJAS-NOTICIA.png","articleSection":["Blog"],"inLanguage":"en-US","potentialAction":[{"@type":"CommentAction","name":"Comment","target":["https:\/\/sbeneditosalto.com.br\/index.php\/2024\/01\/31\/dia-do-despojamento-agradecimento\/#respond"]}]},{"@type":"WebPage","@id":"https:\/\/sbeneditosalto.com.br\/index.php\/2024\/01\/31\/dia-do-despojamento-agradecimento\/","url":"https:\/\/sbeneditosalto.com.br\/index.php\/2024\/01\/31\/dia-do-despojamento-agradecimento\/","name":"DIA DO DESPOJAMENTO (Agradecimento) - Paroquia Sao Benedito","isPartOf":{"@id":"https:\/\/sbeneditosalto.com.br\/#website"},"primaryImageOfPage":{"@id":"https:\/\/sbeneditosalto.com.br\/index.php\/2024\/01\/31\/dia-do-despojamento-agradecimento\/#primaryimage"},"image":{"@id":"https:\/\/sbeneditosalto.com.br\/index.php\/2024\/01\/31\/dia-do-despojamento-agradecimento\/#primaryimage"},"thumbnailUrl":"https:\/\/sbeneditosalto.com.br\/wp-content\/uploads\/2024\/01\/AVATAR-IGREJAS-NOTICIA.png","datePublished":"2024-01-31T12:49:20+00:00","dateModified":"2024-02-13T20:46:11+00:00","breadcrumb":{"@id":"https:\/\/sbeneditosalto.com.br\/index.php\/2024\/01\/31\/dia-do-despojamento-agradecimento\/#breadcrumb"},"inLanguage":"en-US","potentialAction":[{"@type":"ReadAction","target":["https:\/\/sbeneditosalto.com.br\/index.php\/2024\/01\/31\/dia-do-despojamento-agradecimento\/"]}]},{"@type":"ImageObject","inLanguage":"en-US","@id":"https:\/\/sbeneditosalto.com.br\/index.php\/2024\/01\/31\/dia-do-despojamento-agradecimento\/#primaryimage","url":"https:\/\/sbeneditosalto.com.br\/wp-content\/uploads\/2024\/01\/AVATAR-IGREJAS-NOTICIA.png","contentUrl":"https:\/\/sbeneditosalto.com.br\/wp-content\/uploads\/2024\/01\/AVATAR-IGREJAS-NOTICIA.png","width":1000,"height":750},{"@type":"BreadcrumbList","@id":"https:\/\/sbeneditosalto.com.br\/index.php\/2024\/01\/31\/dia-do-despojamento-agradecimento\/#breadcrumb","itemListElement":[{"@type":"ListItem","position":1,"name":"In\u00edcio","item":"https:\/\/sbeneditosalto.com.br\/"},{"@type":"ListItem","position":2,"name":"DIA DO DESPOJAMENTO (Agradecimento)"}]},{"@type":"WebSite","@id":"https:\/\/sbeneditosalto.com.br\/#website","url":"https:\/\/sbeneditosalto.com.br\/","name":"Paroquia Sao Benedito","description":"","publisher":{"@id":"https:\/\/sbeneditosalto.com.br\/#organization"},"potentialAction":[{"@type":"SearchAction","target":{"@type":"EntryPoint","urlTemplate":"https:\/\/sbeneditosalto.com.br\/?s={search_term_string}"},"query-input":"required name=search_term_string"}],"inLanguage":"en-US"},{"@type":"Organization","@id":"https:\/\/sbeneditosalto.com.br\/#organization","name":"Paroquia Sao Benedito","url":"https:\/\/sbeneditosalto.com.br\/","logo":{"@type":"ImageObject","inLanguage":"en-US","@id":"https:\/\/sbeneditosalto.com.br\/#\/schema\/logo\/image\/","url":"","contentUrl":"","caption":"Paroquia Sao Benedito"},"image":{"@id":"https:\/\/sbeneditosalto.com.br\/#\/schema\/logo\/image\/"}},{"@type":"Person","@id":"https:\/\/sbeneditosalto.com.br\/#\/schema\/person\/f532af984122ed64d3aee41b9bde29f6","name":"PE. CARLOS APARECIDO MARCHESANI","image":{"@type":"ImageObject","inLanguage":"en-US","@id":"https:\/\/sbeneditosalto.com.br\/#\/schema\/person\/image\/","url":"https:\/\/secure.gravatar.com\/avatar\/4d55680d96ecc9d9646f970e102a4b0b?s=96&d=mm&r=g","contentUrl":"https:\/\/secure.gravatar.com\/avatar\/4d55680d96ecc9d9646f970e102a4b0b?s=96&d=mm&r=g","caption":"PE. CARLOS APARECIDO MARCHESANI"},"url":"https:\/\/sbeneditosalto.com.br\/index.php\/author\/pe-carlos-marchesani\/"}]}},"_links":{"self":[{"href":"https:\/\/sbeneditosalto.com.br\/index.php\/wp-json\/wp\/v2\/posts\/2174"}],"collection":[{"href":"https:\/\/sbeneditosalto.com.br\/index.php\/wp-json\/wp\/v2\/posts"}],"about":[{"href":"https:\/\/sbeneditosalto.com.br\/index.php\/wp-json\/wp\/v2\/types\/post"}],"author":[{"embeddable":true,"href":"https:\/\/sbeneditosalto.com.br\/index.php\/wp-json\/wp\/v2\/users\/3"}],"replies":[{"embeddable":true,"href":"https:\/\/sbeneditosalto.com.br\/index.php\/wp-json\/wp\/v2\/comments?post=2174"}],"version-history":[{"count":3,"href":"https:\/\/sbeneditosalto.com.br\/index.php\/wp-json\/wp\/v2\/posts\/2174\/revisions"}],"predecessor-version":[{"id":2223,"href":"https:\/\/sbeneditosalto.com.br\/index.php\/wp-json\/wp\/v2\/posts\/2174\/revisions\/2223"}],"wp:featuredmedia":[{"embeddable":true,"href":"https:\/\/sbeneditosalto.com.br\/index.php\/wp-json\/wp\/v2\/media\/2177"}],"wp:attachment":[{"href":"https:\/\/sbeneditosalto.com.br\/index.php\/wp-json\/wp\/v2\/media?parent=2174"}],"wp:term":[{"taxonomy":"category","embeddable":true,"href":"https:\/\/sbeneditosalto.com.br\/index.php\/wp-json\/wp\/v2\/categories?post=2174"},{"taxonomy":"post_tag","embeddable":true,"href":"https:\/\/sbeneditosalto.com.br\/index.php\/wp-json\/wp\/v2\/tags?post=2174"}],"curies":[{"name":"wp","href":"https:\/\/api.w.org\/{rel}","templated":true}]}}