{"id":2153,"date":"2024-01-25T12:33:30","date_gmt":"2024-01-25T15:33:30","guid":{"rendered":"https:\/\/sbeneditosalto.com.br\/?p=2153"},"modified":"2024-02-13T17:48:06","modified_gmt":"2024-02-13T20:48:06","slug":"coordenadores-receberam-calendario-paroquial-em-reuniao-do-cpae","status":"publish","type":"post","link":"https:\/\/sbeneditosalto.com.br\/index.php\/2024\/01\/25\/coordenadores-receberam-calendario-paroquial-em-reuniao-do-cpae\/","title":{"rendered":"COORDENADORES RECEBERAM CALEND\u00c1RIO PAROQUIAL EM REUNI\u00c3O DO CPAE"},"content":{"rendered":"\n<p class=\"has-text-align-left\">\u00a0\u00a0\u00a0\u00a0\u00a0\u00a0\u00a0\u00a0\u00a0\u00a0\u00a0Foi realizada nesta segunda-feira, 22 de janeiro, \u00e0s 20h, no Sal\u00e3o &#8220;Dom Gabriel&#8221; do Centro de Pastoral S\u00e3o Benedito, a reuni\u00e3o do Conselho Paroquial da A\u00e7\u00e3o Evangelizadora, reunindo coordenadores ou representantes paroquiais e comunit\u00e1rios de Pastorais, Movimentos, Catequeses e Comunidades.<\/p>\n\n\n\n<p><br>\u00a0\u00a0\u00a0\u00a0\u00a0\u00a0\u00a0\u00a0\u00a0\u00a0\u00a0A reuni\u00e3o foi dirigida pelo padre Carlos Marchesani, com participa\u00e7\u00e3o dos di\u00e1conos Edison da Silva Palagi e Jos\u00e9 Carlos Pascoal. O p\u00e1roco explicou detalhes sobre os eventos religiosos e festivos da Par\u00f3quia, exortando a todos \u00e0 participarem ativamente e animarem os fi\u00e9is das respectivas comunidades, pastorais, catequeses e movimentos.\u00a0<br>\u00a0\u00a0\u00a0\u00a0\u00a0\u00a0\u00a0\u00a0\u00a0\u00a0\u00a0&#8220;Lutemos para n\u00e3o termos uma par\u00f3quia dividida, mas em comunh\u00e3o. Como diz o papa Francisco: devemos viver como uma rede de comunidades, todos se ajudando e sendo ajudados. Incentivemos principalmente aos agentes das Pastorais, a participarem dos momentos de espiritualidade, pois isso nos animar\u00e1 na miss\u00e3o&#8221;, disse o padre Carlos.<br>\u00a0\u00a0\u00a0\u00a0\u00a0\u00a0\u00a0\u00a0\u00a0\u00a0\u00a0Falou tamb\u00e9m da necessidade de todos se empenharem na Campanha do Carn\u00ea &#8220;Juntos como um&#8221;, que \u00e9 uma a\u00e7\u00e3o solid\u00e1ria em favor de todas as Comunidades da Par\u00f3quia.<\/p>\n\n\n\n<figure class=\"wp-block-gallery has-nested-images columns-default is-cropped wp-block-gallery-1 is-layout-flex wp-block-gallery-is-layout-flex\">\n<figure class=\"wp-block-image size-large\"><a href=\"https:\/\/sbeneditosalto.com.br\/wp-content\/uploads\/2024\/01\/01.jpg\"><img decoding=\"async\" loading=\"lazy\" width=\"637\" height=\"1024\" data-id=\"2154\" src=\"https:\/\/sbeneditosalto.com.br\/wp-content\/uploads\/2024\/01\/01-637x1024.jpg\" alt=\"\" class=\"wp-image-2154\" srcset=\"https:\/\/sbeneditosalto.com.br\/wp-content\/uploads\/2024\/01\/01-637x1024.jpg 637w, https:\/\/sbeneditosalto.com.br\/wp-content\/uploads\/2024\/01\/01-187x300.jpg 187w, https:\/\/sbeneditosalto.com.br\/wp-content\/uploads\/2024\/01\/01.jpg 759w\" sizes=\"(max-width: 637px) 100vw, 637px\" \/><\/a><\/figure>\n\n\n\n<figure class=\"wp-block-image size-large\"><a href=\"https:\/\/sbeneditosalto.com.br\/wp-content\/uploads\/2024\/01\/02-1.jpg\"><img decoding=\"async\" loading=\"lazy\" width=\"1024\" height=\"975\" data-id=\"2162\" src=\"https:\/\/sbeneditosalto.com.br\/wp-content\/uploads\/2024\/01\/02-1-1024x975.jpg\" alt=\"\" class=\"wp-image-2162\" srcset=\"https:\/\/sbeneditosalto.com.br\/wp-content\/uploads\/2024\/01\/02-1-1024x975.jpg 1024w, https:\/\/sbeneditosalto.com.br\/wp-content\/uploads\/2024\/01\/02-1-300x286.jpg 300w, https:\/\/sbeneditosalto.com.br\/wp-content\/uploads\/2024\/01\/02-1-768x731.jpg 768w, https:\/\/sbeneditosalto.com.br\/wp-content\/uploads\/2024\/01\/02-1.jpg 1080w\" sizes=\"(max-width: 1024px) 100vw, 1024px\" \/><\/a><\/figure>\n\n\n\n<figure class=\"wp-block-image size-large\"><a href=\"https:\/\/sbeneditosalto.com.br\/wp-content\/uploads\/2024\/01\/03.jpg\"><img decoding=\"async\" loading=\"lazy\" width=\"632\" height=\"1024\" data-id=\"2157\" src=\"https:\/\/sbeneditosalto.com.br\/wp-content\/uploads\/2024\/01\/03-632x1024.jpg\" alt=\"\" class=\"wp-image-2157\" srcset=\"https:\/\/sbeneditosalto.com.br\/wp-content\/uploads\/2024\/01\/03-632x1024.jpg 632w, https:\/\/sbeneditosalto.com.br\/wp-content\/uploads\/2024\/01\/03-185x300.jpg 185w, https:\/\/sbeneditosalto.com.br\/wp-content\/uploads\/2024\/01\/03.jpg 737w\" sizes=\"(max-width: 632px) 100vw, 632px\" \/><\/a><\/figure>\n\n\n\n<figure class=\"wp-block-image size-large\"><a href=\"https:\/\/sbeneditosalto.com.br\/wp-content\/uploads\/2024\/01\/04.jpg\"><img decoding=\"async\" loading=\"lazy\" width=\"1024\" height=\"539\" data-id=\"2155\" src=\"https:\/\/sbeneditosalto.com.br\/wp-content\/uploads\/2024\/01\/04-1024x539.jpg\" alt=\"\" class=\"wp-image-2155\" srcset=\"https:\/\/sbeneditosalto.com.br\/wp-content\/uploads\/2024\/01\/04-1024x539.jpg 1024w, https:\/\/sbeneditosalto.com.br\/wp-content\/uploads\/2024\/01\/04-300x158.jpg 300w, https:\/\/sbeneditosalto.com.br\/wp-content\/uploads\/2024\/01\/04-768x405.jpg 768w, https:\/\/sbeneditosalto.com.br\/wp-content\/uploads\/2024\/01\/04.jpg 1080w\" sizes=\"(max-width: 1024px) 100vw, 1024px\" \/><\/a><\/figure>\n\n\n\n<figure class=\"wp-block-image size-large\"><a href=\"https:\/\/sbeneditosalto.com.br\/wp-content\/uploads\/2024\/01\/05.jpg\"><img decoding=\"async\" loading=\"lazy\" width=\"1024\" height=\"610\" data-id=\"2166\" src=\"https:\/\/sbeneditosalto.com.br\/wp-content\/uploads\/2024\/01\/05-1024x610.jpg\" alt=\"\" class=\"wp-image-2166\" srcset=\"https:\/\/sbeneditosalto.com.br\/wp-content\/uploads\/2024\/01\/05-1024x610.jpg 1024w, https:\/\/sbeneditosalto.com.br\/wp-content\/uploads\/2024\/01\/05-300x179.jpg 300w, https:\/\/sbeneditosalto.com.br\/wp-content\/uploads\/2024\/01\/05-768x457.jpg 768w, https:\/\/sbeneditosalto.com.br\/wp-content\/uploads\/2024\/01\/05.jpg 1075w\" sizes=\"(max-width: 1024px) 100vw, 1024px\" \/><\/a><\/figure>\n\n\n\n<figure class=\"wp-block-image size-large\"><a href=\"https:\/\/sbeneditosalto.com.br\/wp-content\/uploads\/2024\/01\/06.jpg\"><img decoding=\"async\" loading=\"lazy\" width=\"831\" height=\"1024\" data-id=\"2167\" src=\"https:\/\/sbeneditosalto.com.br\/wp-content\/uploads\/2024\/01\/06-831x1024.jpg\" alt=\"\" class=\"wp-image-2167\" srcset=\"https:\/\/sbeneditosalto.com.br\/wp-content\/uploads\/2024\/01\/06-831x1024.jpg 831w, https:\/\/sbeneditosalto.com.br\/wp-content\/uploads\/2024\/01\/06-243x300.jpg 243w, https:\/\/sbeneditosalto.com.br\/wp-content\/uploads\/2024\/01\/06-768x947.jpg 768w, https:\/\/sbeneditosalto.com.br\/wp-content\/uploads\/2024\/01\/06.jpg 945w\" sizes=\"(max-width: 831px) 100vw, 831px\" \/><\/a><\/figure>\n\n\n\n<figure class=\"wp-block-image size-large\"><a href=\"https:\/\/sbeneditosalto.com.br\/wp-content\/uploads\/2024\/01\/07-1.jpg\"><img decoding=\"async\" loading=\"lazy\" width=\"1024\" height=\"567\" data-id=\"2156\" src=\"https:\/\/sbeneditosalto.com.br\/wp-content\/uploads\/2024\/01\/07-1-1024x567.jpg\" alt=\"\" class=\"wp-image-2156\" srcset=\"https:\/\/sbeneditosalto.com.br\/wp-content\/uploads\/2024\/01\/07-1-1024x567.jpg 1024w, https:\/\/sbeneditosalto.com.br\/wp-content\/uploads\/2024\/01\/07-1-300x166.jpg 300w, https:\/\/sbeneditosalto.com.br\/wp-content\/uploads\/2024\/01\/07-1-768x425.jpg 768w, https:\/\/sbeneditosalto.com.br\/wp-content\/uploads\/2024\/01\/07-1.jpg 1080w\" sizes=\"(max-width: 1024px) 100vw, 1024px\" \/><\/a><\/figure>\n\n\n\n<figure class=\"wp-block-image size-large\"><a href=\"https:\/\/sbeneditosalto.com.br\/wp-content\/uploads\/2024\/01\/08.jpg\"><img decoding=\"async\" loading=\"lazy\" width=\"1024\" height=\"571\" data-id=\"2158\" src=\"https:\/\/sbeneditosalto.com.br\/wp-content\/uploads\/2024\/01\/08-1024x571.jpg\" alt=\"\" class=\"wp-image-2158\" srcset=\"https:\/\/sbeneditosalto.com.br\/wp-content\/uploads\/2024\/01\/08-1024x571.jpg 1024w, https:\/\/sbeneditosalto.com.br\/wp-content\/uploads\/2024\/01\/08-300x167.jpg 300w, https:\/\/sbeneditosalto.com.br\/wp-content\/uploads\/2024\/01\/08-768x428.jpg 768w, https:\/\/sbeneditosalto.com.br\/wp-content\/uploads\/2024\/01\/08.jpg 1080w\" sizes=\"(max-width: 1024px) 100vw, 1024px\" \/><\/a><\/figure>\n\n\n\n<figure class=\"wp-block-image size-large\"><a href=\"https:\/\/sbeneditosalto.com.br\/wp-content\/uploads\/2024\/01\/09.jpg\"><img decoding=\"async\" loading=\"lazy\" width=\"1024\" height=\"580\" data-id=\"2160\" src=\"https:\/\/sbeneditosalto.com.br\/wp-content\/uploads\/2024\/01\/09-1024x580.jpg\" alt=\"\" class=\"wp-image-2160\" srcset=\"https:\/\/sbeneditosalto.com.br\/wp-content\/uploads\/2024\/01\/09-1024x580.jpg 1024w, https:\/\/sbeneditosalto.com.br\/wp-content\/uploads\/2024\/01\/09-300x170.jpg 300w, https:\/\/sbeneditosalto.com.br\/wp-content\/uploads\/2024\/01\/09-768x435.jpg 768w, https:\/\/sbeneditosalto.com.br\/wp-content\/uploads\/2024\/01\/09.jpg 1080w\" sizes=\"(max-width: 1024px) 100vw, 1024px\" \/><\/a><\/figure>\n\n\n\n<figure class=\"wp-block-image size-large\"><a href=\"https:\/\/sbeneditosalto.com.br\/wp-content\/uploads\/2024\/01\/10.jpg\"><img decoding=\"async\" loading=\"lazy\" width=\"1024\" height=\"567\" data-id=\"2161\" src=\"https:\/\/sbeneditosalto.com.br\/wp-content\/uploads\/2024\/01\/10-1024x567.jpg\" alt=\"\" class=\"wp-image-2161\" srcset=\"https:\/\/sbeneditosalto.com.br\/wp-content\/uploads\/2024\/01\/10-1024x567.jpg 1024w, https:\/\/sbeneditosalto.com.br\/wp-content\/uploads\/2024\/01\/10-300x166.jpg 300w, https:\/\/sbeneditosalto.com.br\/wp-content\/uploads\/2024\/01\/10-768x425.jpg 768w, https:\/\/sbeneditosalto.com.br\/wp-content\/uploads\/2024\/01\/10.jpg 1080w\" sizes=\"(max-width: 1024px) 100vw, 1024px\" \/><\/a><\/figure>\n\n\n\n<figure class=\"wp-block-image size-large\"><a href=\"https:\/\/sbeneditosalto.com.br\/wp-content\/uploads\/2024\/01\/11.jpg\"><img decoding=\"async\" loading=\"lazy\" width=\"1055\" height=\"629\" data-id=\"2159\" src=\"https:\/\/sbeneditosalto.com.br\/wp-content\/uploads\/2024\/01\/11-1024x611.jpg\" alt=\"\" class=\"wp-image-2159\" srcset=\"https:\/\/sbeneditosalto.com.br\/wp-content\/uploads\/2024\/01\/11-1024x611.jpg 1024w, https:\/\/sbeneditosalto.com.br\/wp-content\/uploads\/2024\/01\/11-300x179.jpg 300w, https:\/\/sbeneditosalto.com.br\/wp-content\/uploads\/2024\/01\/11-768x458.jpg 768w, https:\/\/sbeneditosalto.com.br\/wp-content\/uploads\/2024\/01\/11.jpg 1055w\" sizes=\"(max-width: 1055px) 100vw, 1055px\" \/><\/a><\/figure>\n\n\n\n<figure class=\"wp-block-image size-large\"><a href=\"https:\/\/sbeneditosalto.com.br\/wp-content\/uploads\/2024\/01\/12.jpg\"><img decoding=\"async\" loading=\"lazy\" width=\"1024\" height=\"727\" data-id=\"2165\" src=\"https:\/\/sbeneditosalto.com.br\/wp-content\/uploads\/2024\/01\/12-1024x727.jpg\" alt=\"\" class=\"wp-image-2165\" srcset=\"https:\/\/sbeneditosalto.com.br\/wp-content\/uploads\/2024\/01\/12-1024x727.jpg 1024w, https:\/\/sbeneditosalto.com.br\/wp-content\/uploads\/2024\/01\/12-300x213.jpg 300w, https:\/\/sbeneditosalto.com.br\/wp-content\/uploads\/2024\/01\/12-768x545.jpg 768w, https:\/\/sbeneditosalto.com.br\/wp-content\/uploads\/2024\/01\/12.jpg 1065w\" sizes=\"(max-width: 1024px) 100vw, 1024px\" \/><\/a><\/figure>\n\n\n\n<figure class=\"wp-block-image size-large\"><a href=\"https:\/\/sbeneditosalto.com.br\/wp-content\/uploads\/2024\/01\/13.jpg\"><img decoding=\"async\" loading=\"lazy\" width=\"836\" height=\"1024\" data-id=\"2164\" src=\"https:\/\/sbeneditosalto.com.br\/wp-content\/uploads\/2024\/01\/13-836x1024.jpg\" alt=\"\" class=\"wp-image-2164\" srcset=\"https:\/\/sbeneditosalto.com.br\/wp-content\/uploads\/2024\/01\/13-836x1024.jpg 836w, https:\/\/sbeneditosalto.com.br\/wp-content\/uploads\/2024\/01\/13-245x300.jpg 245w, https:\/\/sbeneditosalto.com.br\/wp-content\/uploads\/2024\/01\/13-768x940.jpg 768w, https:\/\/sbeneditosalto.com.br\/wp-content\/uploads\/2024\/01\/13.jpg 972w\" sizes=\"(max-width: 836px) 100vw, 836px\" \/><\/a><\/figure>\n\n\n\n<figure class=\"wp-block-image size-large\"><a href=\"https:\/\/sbeneditosalto.com.br\/wp-content\/uploads\/2024\/01\/14.jpg\"><img decoding=\"async\" loading=\"lazy\" width=\"1024\" height=\"659\" data-id=\"2163\" src=\"https:\/\/sbeneditosalto.com.br\/wp-content\/uploads\/2024\/01\/14-1024x659.jpg\" alt=\"\" class=\"wp-image-2163\" srcset=\"https:\/\/sbeneditosalto.com.br\/wp-content\/uploads\/2024\/01\/14-1024x659.jpg 1024w, https:\/\/sbeneditosalto.com.br\/wp-content\/uploads\/2024\/01\/14-300x193.jpg 300w, https:\/\/sbeneditosalto.com.br\/wp-content\/uploads\/2024\/01\/14-768x494.jpg 768w, https:\/\/sbeneditosalto.com.br\/wp-content\/uploads\/2024\/01\/14.jpg 1080w\" sizes=\"(max-width: 1024px) 100vw, 1024px\" \/><\/a><\/figure>\n<\/figure>\n\n\n\n<p class=\"has-text-align-right\">* Fotos: L\u00facia Castro &#8211; PasCom\u00a0S\u00e3o\u00a0Benedito<\/p>\n","protected":false},"excerpt":{"rendered":"<p>\u00a0\u00a0\u00a0\u00a0\u00a0\u00a0\u00a0\u00a0\u00a0\u00a0\u00a0Foi realizada nesta segunda-feira, 22 de janeiro, \u00e0s 20h, no Sal\u00e3o &#8220;Dom Gabriel&#8221; do Centro de Pastoral S\u00e3o Benedito, a reuni\u00e3o do Conselho Paroquial da A\u00e7\u00e3o Evangelizadora, reunindo coordenadores ou representantes paroquiais e comunit\u00e1rios de Pastorais, Movimentos, Catequeses e Comunidades. \u00a0\u00a0\u00a0\u00a0\u00a0\u00a0\u00a0\u00a0\u00a0\u00a0\u00a0A reuni\u00e3o foi dirigida pelo padre Carlos Marchesani, com participa\u00e7\u00e3o dos di\u00e1conos Edison da Silva [&hellip;]<\/p>\n","protected":false},"author":2,"featured_media":2158,"comment_status":"open","ping_status":"open","sticky":false,"template":"","format":"standard","meta":{"footnotes":""},"categories":[1],"tags":[],"blocksy_meta":"","yoast_head":"<!-- This site is optimized with the Yoast SEO plugin v22.4 - https:\/\/yoast.com\/wordpress\/plugins\/seo\/ -->\n<title>COORDENADORES RECEBERAM CALEND\u00c1RIO PAROQUIAL EM REUNI\u00c3O DO CPAE - Paroquia Sao Benedito<\/title>\n<meta name=\"robots\" content=\"index, follow, max-snippet:-1, max-image-preview:large, max-video-preview:-1\" \/>\n<link rel=\"canonical\" href=\"https:\/\/sbeneditosalto.com.br\/index.php\/2024\/01\/25\/coordenadores-receberam-calendario-paroquial-em-reuniao-do-cpae\/\" \/>\n<meta property=\"og:locale\" content=\"en_US\" \/>\n<meta property=\"og:type\" content=\"article\" \/>\n<meta property=\"og:title\" content=\"COORDENADORES RECEBERAM CALEND\u00c1RIO PAROQUIAL EM REUNI\u00c3O DO CPAE - Paroquia Sao Benedito\" \/>\n<meta property=\"og:description\" content=\"\u00a0\u00a0\u00a0\u00a0\u00a0\u00a0\u00a0\u00a0\u00a0\u00a0\u00a0Foi realizada nesta segunda-feira, 22 de janeiro, \u00e0s 20h, no Sal\u00e3o &#8220;Dom Gabriel&#8221; do Centro de Pastoral S\u00e3o Benedito, a reuni\u00e3o do Conselho Paroquial da A\u00e7\u00e3o Evangelizadora, reunindo coordenadores ou representantes paroquiais e comunit\u00e1rios de Pastorais, Movimentos, Catequeses e Comunidades. \u00a0\u00a0\u00a0\u00a0\u00a0\u00a0\u00a0\u00a0\u00a0\u00a0\u00a0A reuni\u00e3o foi dirigida pelo padre Carlos Marchesani, com participa\u00e7\u00e3o dos di\u00e1conos Edison da Silva [&hellip;]\" \/>\n<meta property=\"og:url\" content=\"https:\/\/sbeneditosalto.com.br\/index.php\/2024\/01\/25\/coordenadores-receberam-calendario-paroquial-em-reuniao-do-cpae\/\" \/>\n<meta property=\"og:site_name\" content=\"Paroquia Sao Benedito\" \/>\n<meta property=\"article:published_time\" content=\"2024-01-25T15:33:30+00:00\" \/>\n<meta property=\"article:modified_time\" content=\"2024-02-13T20:48:06+00:00\" \/>\n<meta property=\"og:image\" content=\"https:\/\/sbeneditosalto.com.br\/wp-content\/uploads\/2024\/01\/08.jpg\" \/>\n\t<meta property=\"og:image:width\" content=\"1080\" \/>\n\t<meta property=\"og:image:height\" content=\"602\" \/>\n\t<meta property=\"og:image:type\" content=\"image\/jpeg\" \/>\n<meta name=\"author\" content=\"Jos\u00e9 Carlos Pascoal\" \/>\n<meta name=\"twitter:card\" content=\"summary_large_image\" \/>\n<meta name=\"twitter:label1\" content=\"Written by\" \/>\n\t<meta name=\"twitter:data1\" content=\"Jos\u00e9 Carlos Pascoal\" \/>\n\t<meta name=\"twitter:label2\" content=\"Est. reading time\" \/>\n\t<meta name=\"twitter:data2\" content=\"1 minute\" \/>\n<script type=\"application\/ld+json\" class=\"yoast-schema-graph\">{\"@context\":\"https:\/\/schema.org\",\"@graph\":[{\"@type\":\"Article\",\"@id\":\"https:\/\/sbeneditosalto.com.br\/index.php\/2024\/01\/25\/coordenadores-receberam-calendario-paroquial-em-reuniao-do-cpae\/#article\",\"isPartOf\":{\"@id\":\"https:\/\/sbeneditosalto.com.br\/index.php\/2024\/01\/25\/coordenadores-receberam-calendario-paroquial-em-reuniao-do-cpae\/\"},\"author\":{\"name\":\"Jos\u00e9 Carlos Pascoal\",\"@id\":\"https:\/\/sbeneditosalto.com.br\/#\/schema\/person\/1937db6430bd13d1242baaed97be0781\"},\"headline\":\"COORDENADORES RECEBERAM CALEND\u00c1RIO PAROQUIAL EM REUNI\u00c3O DO CPAE\",\"datePublished\":\"2024-01-25T15:33:30+00:00\",\"dateModified\":\"2024-02-13T20:48:06+00:00\",\"mainEntityOfPage\":{\"@id\":\"https:\/\/sbeneditosalto.com.br\/index.php\/2024\/01\/25\/coordenadores-receberam-calendario-paroquial-em-reuniao-do-cpae\/\"},\"wordCount\":202,\"commentCount\":0,\"publisher\":{\"@id\":\"https:\/\/sbeneditosalto.com.br\/#organization\"},\"image\":{\"@id\":\"https:\/\/sbeneditosalto.com.br\/index.php\/2024\/01\/25\/coordenadores-receberam-calendario-paroquial-em-reuniao-do-cpae\/#primaryimage\"},\"thumbnailUrl\":\"https:\/\/sbeneditosalto.com.br\/wp-content\/uploads\/2024\/01\/08.jpg\",\"articleSection\":[\"Blog\"],\"inLanguage\":\"en-US\",\"potentialAction\":[{\"@type\":\"CommentAction\",\"name\":\"Comment\",\"target\":[\"https:\/\/sbeneditosalto.com.br\/index.php\/2024\/01\/25\/coordenadores-receberam-calendario-paroquial-em-reuniao-do-cpae\/#respond\"]}]},{\"@type\":\"WebPage\",\"@id\":\"https:\/\/sbeneditosalto.com.br\/index.php\/2024\/01\/25\/coordenadores-receberam-calendario-paroquial-em-reuniao-do-cpae\/\",\"url\":\"https:\/\/sbeneditosalto.com.br\/index.php\/2024\/01\/25\/coordenadores-receberam-calendario-paroquial-em-reuniao-do-cpae\/\",\"name\":\"COORDENADORES RECEBERAM CALEND\u00c1RIO PAROQUIAL EM REUNI\u00c3O DO CPAE - Paroquia Sao Benedito\",\"isPartOf\":{\"@id\":\"https:\/\/sbeneditosalto.com.br\/#website\"},\"primaryImageOfPage\":{\"@id\":\"https:\/\/sbeneditosalto.com.br\/index.php\/2024\/01\/25\/coordenadores-receberam-calendario-paroquial-em-reuniao-do-cpae\/#primaryimage\"},\"image\":{\"@id\":\"https:\/\/sbeneditosalto.com.br\/index.php\/2024\/01\/25\/coordenadores-receberam-calendario-paroquial-em-reuniao-do-cpae\/#primaryimage\"},\"thumbnailUrl\":\"https:\/\/sbeneditosalto.com.br\/wp-content\/uploads\/2024\/01\/08.jpg\",\"datePublished\":\"2024-01-25T15:33:30+00:00\",\"dateModified\":\"2024-02-13T20:48:06+00:00\",\"breadcrumb\":{\"@id\":\"https:\/\/sbeneditosalto.com.br\/index.php\/2024\/01\/25\/coordenadores-receberam-calendario-paroquial-em-reuniao-do-cpae\/#breadcrumb\"},\"inLanguage\":\"en-US\",\"potentialAction\":[{\"@type\":\"ReadAction\",\"target\":[\"https:\/\/sbeneditosalto.com.br\/index.php\/2024\/01\/25\/coordenadores-receberam-calendario-paroquial-em-reuniao-do-cpae\/\"]}]},{\"@type\":\"ImageObject\",\"inLanguage\":\"en-US\",\"@id\":\"https:\/\/sbeneditosalto.com.br\/index.php\/2024\/01\/25\/coordenadores-receberam-calendario-paroquial-em-reuniao-do-cpae\/#primaryimage\",\"url\":\"https:\/\/sbeneditosalto.com.br\/wp-content\/uploads\/2024\/01\/08.jpg\",\"contentUrl\":\"https:\/\/sbeneditosalto.com.br\/wp-content\/uploads\/2024\/01\/08.jpg\",\"width\":1080,\"height\":602},{\"@type\":\"BreadcrumbList\",\"@id\":\"https:\/\/sbeneditosalto.com.br\/index.php\/2024\/01\/25\/coordenadores-receberam-calendario-paroquial-em-reuniao-do-cpae\/#breadcrumb\",\"itemListElement\":[{\"@type\":\"ListItem\",\"position\":1,\"name\":\"In\u00edcio\",\"item\":\"https:\/\/sbeneditosalto.com.br\/\"},{\"@type\":\"ListItem\",\"position\":2,\"name\":\"COORDENADORES RECEBERAM CALEND\u00c1RIO PAROQUIAL EM REUNI\u00c3O DO CPAE\"}]},{\"@type\":\"WebSite\",\"@id\":\"https:\/\/sbeneditosalto.com.br\/#website\",\"url\":\"https:\/\/sbeneditosalto.com.br\/\",\"name\":\"Paroquia Sao Benedito\",\"description\":\"\",\"publisher\":{\"@id\":\"https:\/\/sbeneditosalto.com.br\/#organization\"},\"potentialAction\":[{\"@type\":\"SearchAction\",\"target\":{\"@type\":\"EntryPoint\",\"urlTemplate\":\"https:\/\/sbeneditosalto.com.br\/?s={search_term_string}\"},\"query-input\":\"required name=search_term_string\"}],\"inLanguage\":\"en-US\"},{\"@type\":\"Organization\",\"@id\":\"https:\/\/sbeneditosalto.com.br\/#organization\",\"name\":\"Paroquia Sao Benedito\",\"url\":\"https:\/\/sbeneditosalto.com.br\/\",\"logo\":{\"@type\":\"ImageObject\",\"inLanguage\":\"en-US\",\"@id\":\"https:\/\/sbeneditosalto.com.br\/#\/schema\/logo\/image\/\",\"url\":\"\",\"contentUrl\":\"\",\"caption\":\"Paroquia Sao Benedito\"},\"image\":{\"@id\":\"https:\/\/sbeneditosalto.com.br\/#\/schema\/logo\/image\/\"}},{\"@type\":\"Person\",\"@id\":\"https:\/\/sbeneditosalto.com.br\/#\/schema\/person\/1937db6430bd13d1242baaed97be0781\",\"name\":\"Jos\u00e9 Carlos Pascoal\",\"image\":{\"@type\":\"ImageObject\",\"inLanguage\":\"en-US\",\"@id\":\"https:\/\/sbeneditosalto.com.br\/#\/schema\/person\/image\/\",\"url\":\"https:\/\/secure.gravatar.com\/avatar\/4af6632c766ef45aa6c85f9456f2e79a?s=96&d=mm&r=g\",\"contentUrl\":\"https:\/\/secure.gravatar.com\/avatar\/4af6632c766ef45aa6c85f9456f2e79a?s=96&d=mm&r=g\",\"caption\":\"Jos\u00e9 Carlos Pascoal\"},\"url\":\"https:\/\/sbeneditosalto.com.br\/index.php\/author\/diaconopascoal\/\"}]}<\/script>\n<!-- \/ Yoast SEO plugin. -->","yoast_head_json":{"title":"COORDENADORES RECEBERAM CALEND\u00c1RIO PAROQUIAL EM REUNI\u00c3O DO CPAE - Paroquia Sao Benedito","robots":{"index":"index","follow":"follow","max-snippet":"max-snippet:-1","max-image-preview":"max-image-preview:large","max-video-preview":"max-video-preview:-1"},"canonical":"https:\/\/sbeneditosalto.com.br\/index.php\/2024\/01\/25\/coordenadores-receberam-calendario-paroquial-em-reuniao-do-cpae\/","og_locale":"en_US","og_type":"article","og_title":"COORDENADORES RECEBERAM CALEND\u00c1RIO PAROQUIAL EM REUNI\u00c3O DO CPAE - Paroquia Sao Benedito","og_description":"\u00a0\u00a0\u00a0\u00a0\u00a0\u00a0\u00a0\u00a0\u00a0\u00a0\u00a0Foi realizada nesta segunda-feira, 22 de janeiro, \u00e0s 20h, no Sal\u00e3o &#8220;Dom Gabriel&#8221; do Centro de Pastoral S\u00e3o Benedito, a reuni\u00e3o do Conselho Paroquial da A\u00e7\u00e3o Evangelizadora, reunindo coordenadores ou representantes paroquiais e comunit\u00e1rios de Pastorais, Movimentos, Catequeses e Comunidades. \u00a0\u00a0\u00a0\u00a0\u00a0\u00a0\u00a0\u00a0\u00a0\u00a0\u00a0A reuni\u00e3o foi dirigida pelo padre Carlos Marchesani, com participa\u00e7\u00e3o dos di\u00e1conos Edison da Silva [&hellip;]","og_url":"https:\/\/sbeneditosalto.com.br\/index.php\/2024\/01\/25\/coordenadores-receberam-calendario-paroquial-em-reuniao-do-cpae\/","og_site_name":"Paroquia Sao Benedito","article_published_time":"2024-01-25T15:33:30+00:00","article_modified_time":"2024-02-13T20:48:06+00:00","og_image":[{"width":1080,"height":602,"url":"https:\/\/sbeneditosalto.com.br\/wp-content\/uploads\/2024\/01\/08.jpg","type":"image\/jpeg"}],"author":"Jos\u00e9 Carlos Pascoal","twitter_card":"summary_large_image","twitter_misc":{"Written by":"Jos\u00e9 Carlos Pascoal","Est. reading time":"1 minute"},"schema":{"@context":"https:\/\/schema.org","@graph":[{"@type":"Article","@id":"https:\/\/sbeneditosalto.com.br\/index.php\/2024\/01\/25\/coordenadores-receberam-calendario-paroquial-em-reuniao-do-cpae\/#article","isPartOf":{"@id":"https:\/\/sbeneditosalto.com.br\/index.php\/2024\/01\/25\/coordenadores-receberam-calendario-paroquial-em-reuniao-do-cpae\/"},"author":{"name":"Jos\u00e9 Carlos Pascoal","@id":"https:\/\/sbeneditosalto.com.br\/#\/schema\/person\/1937db6430bd13d1242baaed97be0781"},"headline":"COORDENADORES RECEBERAM CALEND\u00c1RIO PAROQUIAL EM REUNI\u00c3O DO CPAE","datePublished":"2024-01-25T15:33:30+00:00","dateModified":"2024-02-13T20:48:06+00:00","mainEntityOfPage":{"@id":"https:\/\/sbeneditosalto.com.br\/index.php\/2024\/01\/25\/coordenadores-receberam-calendario-paroquial-em-reuniao-do-cpae\/"},"wordCount":202,"commentCount":0,"publisher":{"@id":"https:\/\/sbeneditosalto.com.br\/#organization"},"image":{"@id":"https:\/\/sbeneditosalto.com.br\/index.php\/2024\/01\/25\/coordenadores-receberam-calendario-paroquial-em-reuniao-do-cpae\/#primaryimage"},"thumbnailUrl":"https:\/\/sbeneditosalto.com.br\/wp-content\/uploads\/2024\/01\/08.jpg","articleSection":["Blog"],"inLanguage":"en-US","potentialAction":[{"@type":"CommentAction","name":"Comment","target":["https:\/\/sbeneditosalto.com.br\/index.php\/2024\/01\/25\/coordenadores-receberam-calendario-paroquial-em-reuniao-do-cpae\/#respond"]}]},{"@type":"WebPage","@id":"https:\/\/sbeneditosalto.com.br\/index.php\/2024\/01\/25\/coordenadores-receberam-calendario-paroquial-em-reuniao-do-cpae\/","url":"https:\/\/sbeneditosalto.com.br\/index.php\/2024\/01\/25\/coordenadores-receberam-calendario-paroquial-em-reuniao-do-cpae\/","name":"COORDENADORES RECEBERAM CALEND\u00c1RIO PAROQUIAL EM REUNI\u00c3O DO CPAE - Paroquia Sao Benedito","isPartOf":{"@id":"https:\/\/sbeneditosalto.com.br\/#website"},"primaryImageOfPage":{"@id":"https:\/\/sbeneditosalto.com.br\/index.php\/2024\/01\/25\/coordenadores-receberam-calendario-paroquial-em-reuniao-do-cpae\/#primaryimage"},"image":{"@id":"https:\/\/sbeneditosalto.com.br\/index.php\/2024\/01\/25\/coordenadores-receberam-calendario-paroquial-em-reuniao-do-cpae\/#primaryimage"},"thumbnailUrl":"https:\/\/sbeneditosalto.com.br\/wp-content\/uploads\/2024\/01\/08.jpg","datePublished":"2024-01-25T15:33:30+00:00","dateModified":"2024-02-13T20:48:06+00:00","breadcrumb":{"@id":"https:\/\/sbeneditosalto.com.br\/index.php\/2024\/01\/25\/coordenadores-receberam-calendario-paroquial-em-reuniao-do-cpae\/#breadcrumb"},"inLanguage":"en-US","potentialAction":[{"@type":"ReadAction","target":["https:\/\/sbeneditosalto.com.br\/index.php\/2024\/01\/25\/coordenadores-receberam-calendario-paroquial-em-reuniao-do-cpae\/"]}]},{"@type":"ImageObject","inLanguage":"en-US","@id":"https:\/\/sbeneditosalto.com.br\/index.php\/2024\/01\/25\/coordenadores-receberam-calendario-paroquial-em-reuniao-do-cpae\/#primaryimage","url":"https:\/\/sbeneditosalto.com.br\/wp-content\/uploads\/2024\/01\/08.jpg","contentUrl":"https:\/\/sbeneditosalto.com.br\/wp-content\/uploads\/2024\/01\/08.jpg","width":1080,"height":602},{"@type":"BreadcrumbList","@id":"https:\/\/sbeneditosalto.com.br\/index.php\/2024\/01\/25\/coordenadores-receberam-calendario-paroquial-em-reuniao-do-cpae\/#breadcrumb","itemListElement":[{"@type":"ListItem","position":1,"name":"In\u00edcio","item":"https:\/\/sbeneditosalto.com.br\/"},{"@type":"ListItem","position":2,"name":"COORDENADORES RECEBERAM CALEND\u00c1RIO PAROQUIAL EM REUNI\u00c3O DO CPAE"}]},{"@type":"WebSite","@id":"https:\/\/sbeneditosalto.com.br\/#website","url":"https:\/\/sbeneditosalto.com.br\/","name":"Paroquia Sao Benedito","description":"","publisher":{"@id":"https:\/\/sbeneditosalto.com.br\/#organization"},"potentialAction":[{"@type":"SearchAction","target":{"@type":"EntryPoint","urlTemplate":"https:\/\/sbeneditosalto.com.br\/?s={search_term_string}"},"query-input":"required name=search_term_string"}],"inLanguage":"en-US"},{"@type":"Organization","@id":"https:\/\/sbeneditosalto.com.br\/#organization","name":"Paroquia Sao Benedito","url":"https:\/\/sbeneditosalto.com.br\/","logo":{"@type":"ImageObject","inLanguage":"en-US","@id":"https:\/\/sbeneditosalto.com.br\/#\/schema\/logo\/image\/","url":"","contentUrl":"","caption":"Paroquia Sao Benedito"},"image":{"@id":"https:\/\/sbeneditosalto.com.br\/#\/schema\/logo\/image\/"}},{"@type":"Person","@id":"https:\/\/sbeneditosalto.com.br\/#\/schema\/person\/1937db6430bd13d1242baaed97be0781","name":"Jos\u00e9 Carlos Pascoal","image":{"@type":"ImageObject","inLanguage":"en-US","@id":"https:\/\/sbeneditosalto.com.br\/#\/schema\/person\/image\/","url":"https:\/\/secure.gravatar.com\/avatar\/4af6632c766ef45aa6c85f9456f2e79a?s=96&d=mm&r=g","contentUrl":"https:\/\/secure.gravatar.com\/avatar\/4af6632c766ef45aa6c85f9456f2e79a?s=96&d=mm&r=g","caption":"Jos\u00e9 Carlos Pascoal"},"url":"https:\/\/sbeneditosalto.com.br\/index.php\/author\/diaconopascoal\/"}]}},"_links":{"self":[{"href":"https:\/\/sbeneditosalto.com.br\/index.php\/wp-json\/wp\/v2\/posts\/2153"}],"collection":[{"href":"https:\/\/sbeneditosalto.com.br\/index.php\/wp-json\/wp\/v2\/posts"}],"about":[{"href":"https:\/\/sbeneditosalto.com.br\/index.php\/wp-json\/wp\/v2\/types\/post"}],"author":[{"embeddable":true,"href":"https:\/\/sbeneditosalto.com.br\/index.php\/wp-json\/wp\/v2\/users\/2"}],"replies":[{"embeddable":true,"href":"https:\/\/sbeneditosalto.com.br\/index.php\/wp-json\/wp\/v2\/comments?post=2153"}],"version-history":[{"count":5,"href":"https:\/\/sbeneditosalto.com.br\/index.php\/wp-json\/wp\/v2\/posts\/2153\/revisions"}],"predecessor-version":[{"id":2225,"href":"https:\/\/sbeneditosalto.com.br\/index.php\/wp-json\/wp\/v2\/posts\/2153\/revisions\/2225"}],"wp:featuredmedia":[{"embeddable":true,"href":"https:\/\/sbeneditosalto.com.br\/index.php\/wp-json\/wp\/v2\/media\/2158"}],"wp:attachment":[{"href":"https:\/\/sbeneditosalto.com.br\/index.php\/wp-json\/wp\/v2\/media?parent=2153"}],"wp:term":[{"taxonomy":"category","embeddable":true,"href":"https:\/\/sbeneditosalto.com.br\/index.php\/wp-json\/wp\/v2\/categories?post=2153"},{"taxonomy":"post_tag","embeddable":true,"href":"https:\/\/sbeneditosalto.com.br\/index.php\/wp-json\/wp\/v2\/tags?post=2153"}],"curies":[{"name":"wp","href":"https:\/\/api.w.org\/{rel}","templated":true}]}}