{"id":1609,"date":"2023-12-05T12:01:32","date_gmt":"2023-12-05T15:01:32","guid":{"rendered":"https:\/\/sbeneditosalto.com.br\/?p=1609"},"modified":"2024-02-13T17:51:33","modified_gmt":"2024-02-13T20:51:33","slug":"a-menina-que-nao-queria-crescer","status":"publish","type":"post","link":"https:\/\/sbeneditosalto.com.br\/index.php\/2023\/12\/05\/a-menina-que-nao-queria-crescer\/","title":{"rendered":"A MENINA QUE N\u00c3O QUERIA CRESCER"},"content":{"rendered":"\n<p>Jos\u00e9 Carlos Pascoal \u2013 Di\u00e1cono da Igreja Cat\u00f3lica<\/p>\n\n\n\n<p>\u00a0\u00a0\u00a0\u00a0\u00a0\u00a0\u00a0\u00a0\u00a0\u00a0\u00a0Aguardava no port\u00e3o do grande sal\u00e3o da comunidade perif\u00e9rica da cidade, no intervalo de minha palestra sobre \u201cFraternidade e Pol\u00edticas P\u00fablicas\u201d (2019), quando se aproximaram duas meninas. A que aparentava ser a mais jovem (creio que 10 anos de idade) se aproximou e perguntou: &#8211; \u201cquantos anos voc\u00ea tem\u201d? Imediatamente respondi: &#8211; 68 anos. Olhou-me fixamente e disse: &#8211; \u201cEu n\u00e3o quero crescer\u201d!<\/p>\n\n\n\n<p>\u00a0\u00a0\u00a0\u00a0\u00a0\u00a0\u00a0\u00a0\u00a0\u00a0\u00a0Surpreso, resolvi brincar: &#8211; Voc\u00ea tem a s\u00edndrome de Peter Pan. Ela, candidamente respondeu: Sei que ele n\u00e3o queria crescer. Eu tamb\u00e9m. Mas o meu motivo \u00e9 de preocupa\u00e7\u00e3o: ter que procurar trabalho, buscar espa\u00e7os na escola, tanta coisa que terei de comprar, medo de sair \u00e0s ruas\u2026 \u00e9 isso!<\/p>\n\n\n\n<p>\u00a0\u00a0\u00a0\u00a0\u00a0\u00a0\u00a0\u00a0\u00a0\u00a0\u00a0Imediatamente pensei que poderia ter influenciado essa garotinha com minha fala sobre Pol\u00edticas P\u00fablicas. Mas, tamb\u00e9m pensei naquilo que ela poderia ter visto no notici\u00e1rio, ouvido na Escola, numa poss\u00edvel rigidez na educa\u00e7\u00e3o no lar. Pena que n\u00e3o deu para esticar mais a conversa com ela, pois j\u00e1 havia o chamado para a segunda parte da nossa reflex\u00e3o.<\/p>\n\n\n\n<p>\u00a0\u00a0\u00a0\u00a0\u00a0\u00a0\u00a0\u00a0\u00a0\u00a0\u00a0Vendo aquele grande n\u00famero de crian\u00e7as da Catequese, motivadas pelo seu catequista \u00e0 ouvir sobre Pol\u00edticas P\u00fablicas e, desde o in\u00edcio preocupado com as diferen\u00e7as et\u00e1rias da assembleia e como atingir a todos objetivamente, passei a me preocupar em especial com poss\u00edveis motivos para o medo de crescer daquela garotinha.<\/p>\n\n\n\n<p>\u00a0\u00a0\u00a0\u00a0\u00a0\u00a0\u00a0\u00a0\u00a0\u00a0\u00a0Refletindo a Campanha da Fraternidade de 2019 e seu relevante tema \u201cFraternidade e Pol\u00edticas P\u00fablicas\u201d, passei a interagir com a assembleia, em especial com as crian\u00e7as, naquilo que mais prejudica o desenvolvimento f\u00edsico e intelectual delas. Foi gratificante ouvir delas as preocupa\u00e7\u00f5es que levam para seus lares, escolas, ambiente da Igreja, lazer, porque trazem para pais, professores, catequistas uma vis\u00e3o que \u00e0s vezes, como adultos, n\u00e3o queremos enxergar, at\u00e9 por omiss\u00e3o, porque as for\u00e7amos a ver e ter as mesmas perspectivas que vemos e temos.<\/p>\n\n\n\n<p>Essa mesma garotinha puxou o coro contra o \u201cbulling\u201d, de que s\u00e3o v\u00edtimas. A discrimina\u00e7\u00e3o por causa da cor da pele, do tipo f\u00edsico, se obesa ou magra, por causa da religi\u00e3o. Disseram que n\u00e3o s\u00e3o ouvidas quando reclamam, porque os adultos, incluindo pais, professores e funcion\u00e1rios de escolas, membros da Igreja dizem que \u201cisso \u00e9 coisa de crian\u00e7a, logo passa\u201d. N\u00f3s, os adultos, que j\u00e1 fomos crian\u00e7as e passamos por situa\u00e7\u00f5es desagrad\u00e1veis, ainda n\u00e3o sabemos defender nossas crian\u00e7as das mazelas da sociedade.<\/p>\n\n\n\n<p>\u00a0\u00a0\u00a0\u00a0\u00a0\u00a0\u00a0\u00a0\u00a0\u00a0\u00a0\u00c9 triste ver a situa\u00e7\u00e3o da sa\u00fade p\u00fablica, que n\u00e3o consegue cumprir com as necessidades do povo; a situa\u00e7\u00e3o da educa\u00e7\u00e3o, cuja preocupa\u00e7\u00e3o atual \u00e9 se devemos ou n\u00e3o ter \u201cescolas sem partido\u201d, se devemos obrigatoriamente cantar o hino p\u00e1trio e filmados, nos obrigar a uma ideologia de direita, militarizada, como se viv\u00eassemos uma desordem moral em todos os ambientes. O medo dos pais na quest\u00e3o da seguran\u00e7a dos filhos, da viol\u00eancia que nos ronda a cada momento, inclusive em nossos lares.<\/p>\n\n\n\n<p>\u00a0\u00a0\u00a0\u00a0\u00a0\u00a0\u00a0\u00a0\u00a0\u00a0\u00a0Que esta Campanha da Fraternidade nos tenha levado a refletir seriamente sobre a nossa participa\u00e7\u00e3o na sociedade como cidad\u00e3os crist\u00e3os e como crist\u00e3os cidad\u00e3os. Que fa\u00e7amos a nossa parte, agindo e apresentando propostas em vez de s\u00f3 ficar reclamando. Que n\u00e3o tenhamos medo de crescer como sociedade do bem comum.<\/p>\n","protected":false},"excerpt":{"rendered":"<p>Jos\u00e9 Carlos Pascoal \u2013 Di\u00e1cono da Igreja Cat\u00f3lica \u00a0\u00a0\u00a0\u00a0\u00a0\u00a0\u00a0\u00a0\u00a0\u00a0\u00a0Aguardava no port\u00e3o do grande sal\u00e3o da comunidade perif\u00e9rica da cidade, no intervalo de minha palestra sobre \u201cFraternidade e Pol\u00edticas P\u00fablicas\u201d (2019), quando se aproximaram duas meninas. A que aparentava ser a mais jovem (creio que 10 anos de idade) se aproximou e perguntou: &#8211; \u201cquantos anos [&hellip;]<\/p>\n","protected":false},"author":2,"featured_media":1610,"comment_status":"open","ping_status":"open","sticky":false,"template":"","format":"standard","meta":{"footnotes":""},"categories":[1],"tags":[],"blocksy_meta":"","yoast_head":"<!-- This site is optimized with the Yoast SEO plugin v22.4 - https:\/\/yoast.com\/wordpress\/plugins\/seo\/ -->\n<title>A MENINA QUE N\u00c3O QUERIA CRESCER - Paroquia Sao Benedito<\/title>\n<meta name=\"robots\" content=\"index, follow, max-snippet:-1, max-image-preview:large, max-video-preview:-1\" \/>\n<link rel=\"canonical\" href=\"https:\/\/sbeneditosalto.com.br\/index.php\/2023\/12\/05\/a-menina-que-nao-queria-crescer\/\" \/>\n<meta property=\"og:locale\" content=\"en_US\" \/>\n<meta property=\"og:type\" content=\"article\" \/>\n<meta property=\"og:title\" content=\"A MENINA QUE N\u00c3O QUERIA CRESCER - Paroquia Sao Benedito\" \/>\n<meta property=\"og:description\" content=\"Jos\u00e9 Carlos Pascoal \u2013 Di\u00e1cono da Igreja Cat\u00f3lica \u00a0\u00a0\u00a0\u00a0\u00a0\u00a0\u00a0\u00a0\u00a0\u00a0\u00a0Aguardava no port\u00e3o do grande sal\u00e3o da comunidade perif\u00e9rica da cidade, no intervalo de minha palestra sobre \u201cFraternidade e Pol\u00edticas P\u00fablicas\u201d (2019), quando se aproximaram duas meninas. A que aparentava ser a mais jovem (creio que 10 anos de idade) se aproximou e perguntou: &#8211; \u201cquantos anos [&hellip;]\" \/>\n<meta property=\"og:url\" content=\"https:\/\/sbeneditosalto.com.br\/index.php\/2023\/12\/05\/a-menina-que-nao-queria-crescer\/\" \/>\n<meta property=\"og:site_name\" content=\"Paroquia Sao Benedito\" \/>\n<meta property=\"article:published_time\" content=\"2023-12-05T15:01:32+00:00\" \/>\n<meta property=\"article:modified_time\" content=\"2024-02-13T20:51:33+00:00\" \/>\n<meta property=\"og:image\" content=\"https:\/\/sbeneditosalto.com.br\/wp-content\/uploads\/2021\/05\/AVATAR-menina.png\" \/>\n\t<meta property=\"og:image:width\" content=\"1000\" \/>\n\t<meta property=\"og:image:height\" content=\"750\" \/>\n\t<meta property=\"og:image:type\" content=\"image\/png\" \/>\n<meta name=\"author\" content=\"Jos\u00e9 Carlos Pascoal\" \/>\n<meta name=\"twitter:card\" content=\"summary_large_image\" \/>\n<meta name=\"twitter:label1\" content=\"Written by\" \/>\n\t<meta name=\"twitter:data1\" content=\"Jos\u00e9 Carlos Pascoal\" \/>\n\t<meta name=\"twitter:label2\" content=\"Est. reading time\" \/>\n\t<meta name=\"twitter:data2\" content=\"3 minutes\" \/>\n<script type=\"application\/ld+json\" class=\"yoast-schema-graph\">{\"@context\":\"https:\/\/schema.org\",\"@graph\":[{\"@type\":\"Article\",\"@id\":\"https:\/\/sbeneditosalto.com.br\/index.php\/2023\/12\/05\/a-menina-que-nao-queria-crescer\/#article\",\"isPartOf\":{\"@id\":\"https:\/\/sbeneditosalto.com.br\/index.php\/2023\/12\/05\/a-menina-que-nao-queria-crescer\/\"},\"author\":{\"name\":\"Jos\u00e9 Carlos Pascoal\",\"@id\":\"https:\/\/sbeneditosalto.com.br\/#\/schema\/person\/1937db6430bd13d1242baaed97be0781\"},\"headline\":\"A MENINA QUE N\u00c3O QUERIA CRESCER\",\"datePublished\":\"2023-12-05T15:01:32+00:00\",\"dateModified\":\"2024-02-13T20:51:33+00:00\",\"mainEntityOfPage\":{\"@id\":\"https:\/\/sbeneditosalto.com.br\/index.php\/2023\/12\/05\/a-menina-que-nao-queria-crescer\/\"},\"wordCount\":598,\"commentCount\":0,\"publisher\":{\"@id\":\"https:\/\/sbeneditosalto.com.br\/#organization\"},\"image\":{\"@id\":\"https:\/\/sbeneditosalto.com.br\/index.php\/2023\/12\/05\/a-menina-que-nao-queria-crescer\/#primaryimage\"},\"thumbnailUrl\":\"https:\/\/sbeneditosalto.com.br\/wp-content\/uploads\/2021\/05\/AVATAR-menina.png\",\"articleSection\":[\"Blog\"],\"inLanguage\":\"en-US\",\"potentialAction\":[{\"@type\":\"CommentAction\",\"name\":\"Comment\",\"target\":[\"https:\/\/sbeneditosalto.com.br\/index.php\/2023\/12\/05\/a-menina-que-nao-queria-crescer\/#respond\"]}]},{\"@type\":\"WebPage\",\"@id\":\"https:\/\/sbeneditosalto.com.br\/index.php\/2023\/12\/05\/a-menina-que-nao-queria-crescer\/\",\"url\":\"https:\/\/sbeneditosalto.com.br\/index.php\/2023\/12\/05\/a-menina-que-nao-queria-crescer\/\",\"name\":\"A MENINA QUE N\u00c3O QUERIA CRESCER - Paroquia Sao Benedito\",\"isPartOf\":{\"@id\":\"https:\/\/sbeneditosalto.com.br\/#website\"},\"primaryImageOfPage\":{\"@id\":\"https:\/\/sbeneditosalto.com.br\/index.php\/2023\/12\/05\/a-menina-que-nao-queria-crescer\/#primaryimage\"},\"image\":{\"@id\":\"https:\/\/sbeneditosalto.com.br\/index.php\/2023\/12\/05\/a-menina-que-nao-queria-crescer\/#primaryimage\"},\"thumbnailUrl\":\"https:\/\/sbeneditosalto.com.br\/wp-content\/uploads\/2021\/05\/AVATAR-menina.png\",\"datePublished\":\"2023-12-05T15:01:32+00:00\",\"dateModified\":\"2024-02-13T20:51:33+00:00\",\"breadcrumb\":{\"@id\":\"https:\/\/sbeneditosalto.com.br\/index.php\/2023\/12\/05\/a-menina-que-nao-queria-crescer\/#breadcrumb\"},\"inLanguage\":\"en-US\",\"potentialAction\":[{\"@type\":\"ReadAction\",\"target\":[\"https:\/\/sbeneditosalto.com.br\/index.php\/2023\/12\/05\/a-menina-que-nao-queria-crescer\/\"]}]},{\"@type\":\"ImageObject\",\"inLanguage\":\"en-US\",\"@id\":\"https:\/\/sbeneditosalto.com.br\/index.php\/2023\/12\/05\/a-menina-que-nao-queria-crescer\/#primaryimage\",\"url\":\"https:\/\/sbeneditosalto.com.br\/wp-content\/uploads\/2021\/05\/AVATAR-menina.png\",\"contentUrl\":\"https:\/\/sbeneditosalto.com.br\/wp-content\/uploads\/2021\/05\/AVATAR-menina.png\",\"width\":1000,\"height\":750},{\"@type\":\"BreadcrumbList\",\"@id\":\"https:\/\/sbeneditosalto.com.br\/index.php\/2023\/12\/05\/a-menina-que-nao-queria-crescer\/#breadcrumb\",\"itemListElement\":[{\"@type\":\"ListItem\",\"position\":1,\"name\":\"In\u00edcio\",\"item\":\"https:\/\/sbeneditosalto.com.br\/\"},{\"@type\":\"ListItem\",\"position\":2,\"name\":\"A MENINA QUE N\u00c3O QUERIA CRESCER\"}]},{\"@type\":\"WebSite\",\"@id\":\"https:\/\/sbeneditosalto.com.br\/#website\",\"url\":\"https:\/\/sbeneditosalto.com.br\/\",\"name\":\"Paroquia Sao Benedito\",\"description\":\"\",\"publisher\":{\"@id\":\"https:\/\/sbeneditosalto.com.br\/#organization\"},\"potentialAction\":[{\"@type\":\"SearchAction\",\"target\":{\"@type\":\"EntryPoint\",\"urlTemplate\":\"https:\/\/sbeneditosalto.com.br\/?s={search_term_string}\"},\"query-input\":\"required name=search_term_string\"}],\"inLanguage\":\"en-US\"},{\"@type\":\"Organization\",\"@id\":\"https:\/\/sbeneditosalto.com.br\/#organization\",\"name\":\"Paroquia Sao Benedito\",\"url\":\"https:\/\/sbeneditosalto.com.br\/\",\"logo\":{\"@type\":\"ImageObject\",\"inLanguage\":\"en-US\",\"@id\":\"https:\/\/sbeneditosalto.com.br\/#\/schema\/logo\/image\/\",\"url\":\"\",\"contentUrl\":\"\",\"caption\":\"Paroquia Sao Benedito\"},\"image\":{\"@id\":\"https:\/\/sbeneditosalto.com.br\/#\/schema\/logo\/image\/\"}},{\"@type\":\"Person\",\"@id\":\"https:\/\/sbeneditosalto.com.br\/#\/schema\/person\/1937db6430bd13d1242baaed97be0781\",\"name\":\"Jos\u00e9 Carlos Pascoal\",\"image\":{\"@type\":\"ImageObject\",\"inLanguage\":\"en-US\",\"@id\":\"https:\/\/sbeneditosalto.com.br\/#\/schema\/person\/image\/\",\"url\":\"https:\/\/secure.gravatar.com\/avatar\/4af6632c766ef45aa6c85f9456f2e79a?s=96&d=mm&r=g\",\"contentUrl\":\"https:\/\/secure.gravatar.com\/avatar\/4af6632c766ef45aa6c85f9456f2e79a?s=96&d=mm&r=g\",\"caption\":\"Jos\u00e9 Carlos Pascoal\"},\"url\":\"https:\/\/sbeneditosalto.com.br\/index.php\/author\/diaconopascoal\/\"}]}<\/script>\n<!-- \/ Yoast SEO plugin. -->","yoast_head_json":{"title":"A MENINA QUE N\u00c3O QUERIA CRESCER - Paroquia Sao Benedito","robots":{"index":"index","follow":"follow","max-snippet":"max-snippet:-1","max-image-preview":"max-image-preview:large","max-video-preview":"max-video-preview:-1"},"canonical":"https:\/\/sbeneditosalto.com.br\/index.php\/2023\/12\/05\/a-menina-que-nao-queria-crescer\/","og_locale":"en_US","og_type":"article","og_title":"A MENINA QUE N\u00c3O QUERIA CRESCER - Paroquia Sao Benedito","og_description":"Jos\u00e9 Carlos Pascoal \u2013 Di\u00e1cono da Igreja Cat\u00f3lica \u00a0\u00a0\u00a0\u00a0\u00a0\u00a0\u00a0\u00a0\u00a0\u00a0\u00a0Aguardava no port\u00e3o do grande sal\u00e3o da comunidade perif\u00e9rica da cidade, no intervalo de minha palestra sobre \u201cFraternidade e Pol\u00edticas P\u00fablicas\u201d (2019), quando se aproximaram duas meninas. A que aparentava ser a mais jovem (creio que 10 anos de idade) se aproximou e perguntou: &#8211; \u201cquantos anos [&hellip;]","og_url":"https:\/\/sbeneditosalto.com.br\/index.php\/2023\/12\/05\/a-menina-que-nao-queria-crescer\/","og_site_name":"Paroquia Sao Benedito","article_published_time":"2023-12-05T15:01:32+00:00","article_modified_time":"2024-02-13T20:51:33+00:00","og_image":[{"width":1000,"height":750,"url":"https:\/\/sbeneditosalto.com.br\/wp-content\/uploads\/2021\/05\/AVATAR-menina.png","type":"image\/png"}],"author":"Jos\u00e9 Carlos Pascoal","twitter_card":"summary_large_image","twitter_misc":{"Written by":"Jos\u00e9 Carlos Pascoal","Est. reading time":"3 minutes"},"schema":{"@context":"https:\/\/schema.org","@graph":[{"@type":"Article","@id":"https:\/\/sbeneditosalto.com.br\/index.php\/2023\/12\/05\/a-menina-que-nao-queria-crescer\/#article","isPartOf":{"@id":"https:\/\/sbeneditosalto.com.br\/index.php\/2023\/12\/05\/a-menina-que-nao-queria-crescer\/"},"author":{"name":"Jos\u00e9 Carlos Pascoal","@id":"https:\/\/sbeneditosalto.com.br\/#\/schema\/person\/1937db6430bd13d1242baaed97be0781"},"headline":"A MENINA QUE N\u00c3O QUERIA CRESCER","datePublished":"2023-12-05T15:01:32+00:00","dateModified":"2024-02-13T20:51:33+00:00","mainEntityOfPage":{"@id":"https:\/\/sbeneditosalto.com.br\/index.php\/2023\/12\/05\/a-menina-que-nao-queria-crescer\/"},"wordCount":598,"commentCount":0,"publisher":{"@id":"https:\/\/sbeneditosalto.com.br\/#organization"},"image":{"@id":"https:\/\/sbeneditosalto.com.br\/index.php\/2023\/12\/05\/a-menina-que-nao-queria-crescer\/#primaryimage"},"thumbnailUrl":"https:\/\/sbeneditosalto.com.br\/wp-content\/uploads\/2021\/05\/AVATAR-menina.png","articleSection":["Blog"],"inLanguage":"en-US","potentialAction":[{"@type":"CommentAction","name":"Comment","target":["https:\/\/sbeneditosalto.com.br\/index.php\/2023\/12\/05\/a-menina-que-nao-queria-crescer\/#respond"]}]},{"@type":"WebPage","@id":"https:\/\/sbeneditosalto.com.br\/index.php\/2023\/12\/05\/a-menina-que-nao-queria-crescer\/","url":"https:\/\/sbeneditosalto.com.br\/index.php\/2023\/12\/05\/a-menina-que-nao-queria-crescer\/","name":"A MENINA QUE N\u00c3O QUERIA CRESCER - Paroquia Sao Benedito","isPartOf":{"@id":"https:\/\/sbeneditosalto.com.br\/#website"},"primaryImageOfPage":{"@id":"https:\/\/sbeneditosalto.com.br\/index.php\/2023\/12\/05\/a-menina-que-nao-queria-crescer\/#primaryimage"},"image":{"@id":"https:\/\/sbeneditosalto.com.br\/index.php\/2023\/12\/05\/a-menina-que-nao-queria-crescer\/#primaryimage"},"thumbnailUrl":"https:\/\/sbeneditosalto.com.br\/wp-content\/uploads\/2021\/05\/AVATAR-menina.png","datePublished":"2023-12-05T15:01:32+00:00","dateModified":"2024-02-13T20:51:33+00:00","breadcrumb":{"@id":"https:\/\/sbeneditosalto.com.br\/index.php\/2023\/12\/05\/a-menina-que-nao-queria-crescer\/#breadcrumb"},"inLanguage":"en-US","potentialAction":[{"@type":"ReadAction","target":["https:\/\/sbeneditosalto.com.br\/index.php\/2023\/12\/05\/a-menina-que-nao-queria-crescer\/"]}]},{"@type":"ImageObject","inLanguage":"en-US","@id":"https:\/\/sbeneditosalto.com.br\/index.php\/2023\/12\/05\/a-menina-que-nao-queria-crescer\/#primaryimage","url":"https:\/\/sbeneditosalto.com.br\/wp-content\/uploads\/2021\/05\/AVATAR-menina.png","contentUrl":"https:\/\/sbeneditosalto.com.br\/wp-content\/uploads\/2021\/05\/AVATAR-menina.png","width":1000,"height":750},{"@type":"BreadcrumbList","@id":"https:\/\/sbeneditosalto.com.br\/index.php\/2023\/12\/05\/a-menina-que-nao-queria-crescer\/#breadcrumb","itemListElement":[{"@type":"ListItem","position":1,"name":"In\u00edcio","item":"https:\/\/sbeneditosalto.com.br\/"},{"@type":"ListItem","position":2,"name":"A MENINA QUE N\u00c3O QUERIA CRESCER"}]},{"@type":"WebSite","@id":"https:\/\/sbeneditosalto.com.br\/#website","url":"https:\/\/sbeneditosalto.com.br\/","name":"Paroquia Sao Benedito","description":"","publisher":{"@id":"https:\/\/sbeneditosalto.com.br\/#organization"},"potentialAction":[{"@type":"SearchAction","target":{"@type":"EntryPoint","urlTemplate":"https:\/\/sbeneditosalto.com.br\/?s={search_term_string}"},"query-input":"required name=search_term_string"}],"inLanguage":"en-US"},{"@type":"Organization","@id":"https:\/\/sbeneditosalto.com.br\/#organization","name":"Paroquia Sao Benedito","url":"https:\/\/sbeneditosalto.com.br\/","logo":{"@type":"ImageObject","inLanguage":"en-US","@id":"https:\/\/sbeneditosalto.com.br\/#\/schema\/logo\/image\/","url":"","contentUrl":"","caption":"Paroquia Sao Benedito"},"image":{"@id":"https:\/\/sbeneditosalto.com.br\/#\/schema\/logo\/image\/"}},{"@type":"Person","@id":"https:\/\/sbeneditosalto.com.br\/#\/schema\/person\/1937db6430bd13d1242baaed97be0781","name":"Jos\u00e9 Carlos Pascoal","image":{"@type":"ImageObject","inLanguage":"en-US","@id":"https:\/\/sbeneditosalto.com.br\/#\/schema\/person\/image\/","url":"https:\/\/secure.gravatar.com\/avatar\/4af6632c766ef45aa6c85f9456f2e79a?s=96&d=mm&r=g","contentUrl":"https:\/\/secure.gravatar.com\/avatar\/4af6632c766ef45aa6c85f9456f2e79a?s=96&d=mm&r=g","caption":"Jos\u00e9 Carlos Pascoal"},"url":"https:\/\/sbeneditosalto.com.br\/index.php\/author\/diaconopascoal\/"}]}},"_links":{"self":[{"href":"https:\/\/sbeneditosalto.com.br\/index.php\/wp-json\/wp\/v2\/posts\/1609"}],"collection":[{"href":"https:\/\/sbeneditosalto.com.br\/index.php\/wp-json\/wp\/v2\/posts"}],"about":[{"href":"https:\/\/sbeneditosalto.com.br\/index.php\/wp-json\/wp\/v2\/types\/post"}],"author":[{"embeddable":true,"href":"https:\/\/sbeneditosalto.com.br\/index.php\/wp-json\/wp\/v2\/users\/2"}],"replies":[{"embeddable":true,"href":"https:\/\/sbeneditosalto.com.br\/index.php\/wp-json\/wp\/v2\/comments?post=1609"}],"version-history":[{"count":3,"href":"https:\/\/sbeneditosalto.com.br\/index.php\/wp-json\/wp\/v2\/posts\/1609\/revisions"}],"predecessor-version":[{"id":2229,"href":"https:\/\/sbeneditosalto.com.br\/index.php\/wp-json\/wp\/v2\/posts\/1609\/revisions\/2229"}],"wp:featuredmedia":[{"embeddable":true,"href":"https:\/\/sbeneditosalto.com.br\/index.php\/wp-json\/wp\/v2\/media\/1610"}],"wp:attachment":[{"href":"https:\/\/sbeneditosalto.com.br\/index.php\/wp-json\/wp\/v2\/media?parent=1609"}],"wp:term":[{"taxonomy":"category","embeddable":true,"href":"https:\/\/sbeneditosalto.com.br\/index.php\/wp-json\/wp\/v2\/categories?post=1609"},{"taxonomy":"post_tag","embeddable":true,"href":"https:\/\/sbeneditosalto.com.br\/index.php\/wp-json\/wp\/v2\/tags?post=1609"}],"curies":[{"name":"wp","href":"https:\/\/api.w.org\/{rel}","templated":true}]}}